{"id":623179,"date":"2025-12-26T11:26:17","date_gmt":"2025-12-26T11:26:17","guid":{"rendered":"https:\/\/www.europesays.com\/fr\/623179\/"},"modified":"2025-12-26T11:26:17","modified_gmt":"2025-12-26T11:26:17","slug":"ces-deux-vaccins-dhiver-pourraient-vous-eviter-un-avc-ou-un-infarctus-selon-les-cardiologues","status":"publish","type":"post","link":"https:\/\/www.europesays.com\/fr\/623179\/","title":{"rendered":"ces deux vaccins d\u2019hiver pourraient vous \u00e9viter un AVC ou un infarctus selon les cardiologues"},"content":{"rendered":"<p>Grippe et Covid-19 ne menacent pas uniquement les voies<br \/>\nrespiratoires. Chez les personnes d\u00e9j\u00e0 fragiles du c\u0153ur, ces virus<br \/>\nde l\u2019hiver augmentent fortement le risque d\u2019infarctus ou d\u2019accident<br \/>\nvasculaire c\u00e9r\u00e9bral, au-del\u00e0 des simples sympt\u00f4mes de fi\u00e8vre ou de<br \/>\ntoux. Pourtant, la vaccination reste souvent per\u00e7ue comme un simple<br \/>\ngeste de saison.<\/p>\n<p>Les \u00e9tudes r\u00e9centes montrent pourtant un effet bien plus large.<br \/>\nChez les patients souffrant de <strong>maladies<br \/>\ncardiovasculaires<\/strong>, mais aussi chez les seniors, la<br \/>\nvaccination contre la grippe, la Covid-19 ou le zona r\u00e9duit le<br \/>\nrisque de complications cardiaques s\u00e9v\u00e8res et m\u00eame la mortalit\u00e9. Un<br \/>\nb\u00e9n\u00e9fice encore m\u00e9connu.<\/p>\n<p>Pourquoi grippe et Covid fragilisent un c\u0153ur d\u00e9j\u00e0 malade<\/p>\n<p>Pour le cardiologue Fran\u00e7ois Roubille, l\u2019infection agit comme un<br \/>\ntest d\u2019effort extr\u00eame impos\u00e9 au c\u0153ur. \u00ab\u00a0L\u2019infection d\u00e9stabilise le<br \/>\nsyst\u00e8me cardiovasculaire des personnes atteintes d\u2019une maladie<br \/>\ncardiaque, notamment \u00e0 cause de l\u2019inflammation et d\u2019une demande en<br \/>\noxyg\u00e8ne accru de la part du muscle cardiaque\u00a0\u00bb, a expliqu\u00e9 le Pr<br \/>\nFran\u00e7ois Roubille, chef de l&rsquo;Unit\u00e9 de soins intensifs<br \/>\ncardiologiques du CHU de Montpellier, au magazine Femme Actuelle.<br \/>\nIl souligne aussi : \u00ab\u00a0Le risque imm\u00e9diat, c\u2019est une aggravation<br \/>\nbrutale de la pathologie cardiovasculaire pourtant contr\u00f4l\u00e9e par<br \/>\nles m\u00e9dicaments, avec \u00e0 la cl\u00e9 une hospitalisation voire un<br \/>\nd\u00e9c\u00e8s\u00a0\u00bb.<\/p>\n<p>Les d\u00e9g\u00e2ts ne se limitent pas \u00e0 la phase aigu\u00eb. Le sp\u00e9cialiste<br \/>\nrappelle que \u00ab\u00a0les infections peuvent \u00eatre \u00e0 l\u2019origine de s\u00e9quelles<br \/>\nirr\u00e9versibles entra\u00eenant une aggravation des sympt\u00f4mes de la<br \/>\nmaladie cardiovasculaire par paliers, comme des marches d\u2019escalier<br \/>\nimpossibles \u00e0 remonter ensuite\u00a0\u00bb. Des travaux ont montr\u00e9 qu\u2019apr\u00e8s<br \/>\nune grippe confirm\u00e9e, le risque d\u2019infarctus du myocarde est<br \/>\nmultipli\u00e9 par environ quatre et celui d\u2019AVC par cinq, et qu\u2019apr\u00e8s<br \/>\nune infection Covid-19 il reste augment\u00e9 pendant des mois.<\/p>\n<p>Vaccination grippe et Covid : un vrai bouclier<br \/>\ncardiovasculaire<\/p>\n<p>Face \u00e0 ces risques, la Soci\u00e9t\u00e9 europ\u00e9enne de cardiologie estime<br \/>\nque la <strong>vaccination<\/strong> doit devenir un pilier de la<br \/>\npr\u00e9vention cardiovasculaire, au m\u00eame titre que les traitements et<br \/>\nl\u2019arr\u00eat du tabac. Les m\u00e9ta-analyses montrent qu\u2019un vaccin contre la<br \/>\ngrippe r\u00e9duit d\u2019environ 30 % le risque d\u2019infarctus du myocarde et<br \/>\nde 15 \u00e0 20 % celui d\u2019AVC. Chez des personnes hypertendues, cette<br \/>\ninjection s\u2019est accompagn\u00e9e d\u2019une baisse de 18 % de la mortalit\u00e9,<br \/>\ntandis qu\u2019un vaccin contre le zona a \u00e9t\u00e9 li\u00e9 \u00e0 une r\u00e9duction<br \/>\nd\u2019environ 23 % des \u00e9v\u00e9nements cardiaques majeurs.<\/p>\n<p>Pour la <strong>vaccination Covid-19<\/strong>, les \u00e9tudes<br \/>\nfran\u00e7aises d\u2019EPI-PHARE retrouvent l\u2019absence de sur-risque<br \/>\nd\u2019infarctus, d\u2019AVC ou d\u2019embolie pulmonaire apr\u00e8s les vaccins \u00e0<br \/>\nARNm, et m\u00eame une tendance \u00e0 moins d\u2019\u00e9v\u00e9nements cardiovasculaires<br \/>\nchez les personnes vaccin\u00e9es. Dans ce contexte, le Pr Fran\u00e7ois<br \/>\nRoubille rappelle : \u00ab\u00a0La vaccination ne d\u00e9pend pas seulement des<br \/>\nm\u00e9decins g\u00e9n\u00e9ralistes. Il ne faut pas h\u00e9siter \u00e0 en parler avec son<br \/>\ncardiologue, son pneumologue ou son diab\u00e9tologue. Eux aussi peuvent<br \/>\nvacciner\u00a0\u00bb.<\/p>\n<p>Qui doit se vacciner en priorit\u00e9 pour<br \/>\nprot\u00e9ger son c\u0153ur ?<\/p>\n<p>Qui est concern\u00e9 par ce \u00ab\u00a0bonus\u00a0\u00bb cardiaque des vaccins ? Les<br \/>\ncardiologues ciblent en priorit\u00e9 les personnes atteintes<br \/>\nd\u2019hypertension, d\u2019hypercholest\u00e9rol\u00e9mie, de coronaropathie,<br \/>\nd\u2019insuffisance cardiaque ou de valvulopathie, mais aussi les<br \/>\ndiab\u00e9tiques, les patients souffrant de BPCO ou d\u2019insuffisance<br \/>\nrespiratoire, et ceux qui ont d\u00e9j\u00e0 v\u00e9cu un infarctus ou un AVC. Le<br \/>\nPr Fran\u00e7ois Roubille insiste : \u00ab\u00a0Mais aussi tous les plus de 65 ans,<br \/>\nqui pr\u00e9sentent naturellement un risque cardiovasculaire accru\u00a0\u00bb.<br \/>\nS\u2019ajoutent les femmes enceintes, les personnes immunod\u00e9prim\u00e9es et<br \/>\nles transplant\u00e9s cardiaques, pour lesquels une grippe ou une<br \/>\nCovid-19 s\u00e9v\u00e8re peut bouleverser un \u00e9quilibre d\u00e9j\u00e0 pr\u00e9caire.<\/p>\n","protected":false},"excerpt":{"rendered":"Grippe et Covid-19 ne menacent pas uniquement les voies respiratoires. Chez les personnes d\u00e9j\u00e0 fragiles du c\u0153ur, ces&hellip;\n","protected":false},"author":2,"featured_media":623180,"comment_status":"","ping_status":"","sticky":false,"template":"","format":"standard","meta":{"footnotes":""},"categories":[10],"tags":[860,61208,9122,4400,65541,4070,7049,1011,27,29786,72,30858,151,10650,11262,71,15298,9066,4008,4568],"class_list":{"0":"post-623179","1":"post","2":"type-post","3":"status-publish","4":"format-standard","5":"has-post-thumbnail","7":"category-sante","8":"tag-avc","9":"tag-cardiologues","10":"tag-ces","11":"tag-covid","12":"tag-dhiver","13":"tag-deux","14":"tag-eviter","15":"tag-fr","16":"tag-france","17":"tag-grippe","18":"tag-health","19":"tag-infarctus","20":"tag-les","21":"tag-ou","22":"tag-pourraient","23":"tag-sante","24":"tag-selon","25":"tag-un","26":"tag-vaccins","27":"tag-vous"},"share_on_mastodon":{"url":"https:\/\/pubeurope.com\/@fr\/115785628660254985","error":""},"_links":{"self":[{"href":"https:\/\/www.europesays.com\/fr\/wp-json\/wp\/v2\/posts\/623179","targetHints":{"allow":["GET"]}}],"collection":[{"href":"https:\/\/www.europesays.com\/fr\/wp-json\/wp\/v2\/posts"}],"about":[{"href":"https:\/\/www.europesays.com\/fr\/wp-json\/wp\/v2\/types\/post"}],"author":[{"embeddable":true,"href":"https:\/\/www.europesays.com\/fr\/wp-json\/wp\/v2\/users\/2"}],"replies":[{"embeddable":true,"href":"https:\/\/www.europesays.com\/fr\/wp-json\/wp\/v2\/comments?post=623179"}],"version-history":[{"count":0,"href":"https:\/\/www.europesays.com\/fr\/wp-json\/wp\/v2\/posts\/623179\/revisions"}],"wp:featuredmedia":[{"embeddable":true,"href":"https:\/\/www.europesays.com\/fr\/wp-json\/wp\/v2\/media\/623180"}],"wp:attachment":[{"href":"https:\/\/www.europesays.com\/fr\/wp-json\/wp\/v2\/media?parent=623179"}],"wp:term":[{"taxonomy":"category","embeddable":true,"href":"https:\/\/www.europesays.com\/fr\/wp-json\/wp\/v2\/categories?post=623179"},{"taxonomy":"post_tag","embeddable":true,"href":"https:\/\/www.europesays.com\/fr\/wp-json\/wp\/v2\/tags?post=623179"}],"curies":[{"name":"wp","href":"https:\/\/api.w.org\/{rel}","templated":true}]}}