{"id":623195,"date":"2025-12-26T11:34:11","date_gmt":"2025-12-26T11:34:11","guid":{"rendered":"https:\/\/www.europesays.com\/fr\/623195\/"},"modified":"2025-12-26T11:34:11","modified_gmt":"2025-12-26T11:34:11","slug":"saint-etienne-a-14-ans-il-est-arrete-au-volant-dune-voiture-volee-en-haute-loire","status":"publish","type":"post","link":"https:\/\/www.europesays.com\/fr\/623195\/","title":{"rendered":"Saint-Etienne. \u00c0 14 ans, il est arr\u00eat\u00e9 au volant d\u2019une voiture vol\u00e9e en Haute-Loire"},"content":{"rendered":"<p>Mercredi, vers 17 heures, un \u00e9quipage de la BAC (Brigade anticriminalit\u00e9) patrouillait rue Louis-Destre, dans le quartier st\u00e9phanois de Terrenoire, quand ses membres aper\u00e7oivent un v\u00e9hicule dont le conducteur leur paraissait tr\u00e8s jeune.<\/p>\n<p>Ils font demi-tour, s\u2019approchent la voiture et se rendent compte en entrant le num\u00e9ro de plaque d\u2019immatriculation au fichier qu\u2019elle avait \u00e9t\u00e9 vol\u00e9e, samedi 20\u00a0d\u00e9cembre \u00e0 Duni\u00e8res en Haute-Loire.<\/p>\n<p>Le r\u00e9veillon en garde \u00e0 vue<\/p>\n<p>Les policiers arr\u00eatent le v\u00e9hicule et leur premi\u00e8re impression \u00e9tait la bonne\u00a0: le conducteur a 14 ans. Les autres occupants sont un peu plus \u00e2g\u00e9s que lui mais \u00e9galement mineurs.<\/p>\n<p>Les cinq, tous St\u00e9phanois, sont interpell\u00e9s et plac\u00e9s en garde \u00e0 vue o\u00f9 ils passeront le r\u00e9veillon de No\u00ebl. Celui qui \u00e9tait au volant sera prochainement convoqu\u00e9 devant un magistrat pour d\u00e9faut de permis de conduire et recel de vol. Les quatre autres ont \u00e9t\u00e9 rel\u00e2ch\u00e9s sans charge.<\/p>\n","protected":false},"excerpt":{"rendered":"Mercredi, vers 17 heures, un \u00e9quipage de la BAC (Brigade anticriminalit\u00e9) patrouillait rue Louis-Destre, dans le quartier st\u00e9phanois&hellip;\n","protected":false},"author":2,"featured_media":623196,"comment_status":"","ping_status":"","sticky":false,"template":"","format":"standard","meta":{"footnotes":""},"categories":[9653],"tags":[1111,11,2430,271,272,39859,7539,1777,674,274,1011,27,4002,3367,12,25,4001,7538],"class_list":{"0":"post-623195","1":"post","2":"type-post","3":"status-publish","4":"format-standard","5":"has-post-thumbnail","7":"category-saint-etienne","8":"tag-actu","9":"tag-actualites","10":"tag-auvergne-rhone-alpes","11":"tag-crime","12":"tag-delit-et-contravention","13":"tag-dunieres","14":"tag-edition-loire-sud","15":"tag-eu","16":"tag-europe","17":"tag-faits-divers-justice","18":"tag-fr","19":"tag-france","20":"tag-haute-loire","21":"tag-loire","22":"tag-news","23":"tag-republique-francaise","24":"tag-saint-etienne","25":"tag-saint-etienne-ville"},"share_on_mastodon":{"url":"https:\/\/pubeurope.com\/@fr\/115785660411356268","error":""},"_links":{"self":[{"href":"https:\/\/www.europesays.com\/fr\/wp-json\/wp\/v2\/posts\/623195","targetHints":{"allow":["GET"]}}],"collection":[{"href":"https:\/\/www.europesays.com\/fr\/wp-json\/wp\/v2\/posts"}],"about":[{"href":"https:\/\/www.europesays.com\/fr\/wp-json\/wp\/v2\/types\/post"}],"author":[{"embeddable":true,"href":"https:\/\/www.europesays.com\/fr\/wp-json\/wp\/v2\/users\/2"}],"replies":[{"embeddable":true,"href":"https:\/\/www.europesays.com\/fr\/wp-json\/wp\/v2\/comments?post=623195"}],"version-history":[{"count":0,"href":"https:\/\/www.europesays.com\/fr\/wp-json\/wp\/v2\/posts\/623195\/revisions"}],"wp:featuredmedia":[{"embeddable":true,"href":"https:\/\/www.europesays.com\/fr\/wp-json\/wp\/v2\/media\/623196"}],"wp:attachment":[{"href":"https:\/\/www.europesays.com\/fr\/wp-json\/wp\/v2\/media?parent=623195"}],"wp:term":[{"taxonomy":"category","embeddable":true,"href":"https:\/\/www.europesays.com\/fr\/wp-json\/wp\/v2\/categories?post=623195"},{"taxonomy":"post_tag","embeddable":true,"href":"https:\/\/www.europesays.com\/fr\/wp-json\/wp\/v2\/tags?post=623195"}],"curies":[{"name":"wp","href":"https:\/\/api.w.org\/{rel}","templated":true}]}}