{"id":623215,"date":"2025-12-26T11:51:21","date_gmt":"2025-12-26T11:51:21","guid":{"rendered":"https:\/\/www.europesays.com\/fr\/623215\/"},"modified":"2025-12-26T11:51:21","modified_gmt":"2025-12-26T11:51:21","slug":"grenoble-les-trois-personnes-suspectees-de-sequestration-a-la-villeneuve-laissees-libres-apres-une-garde-a-vue","status":"publish","type":"post","link":"https:\/\/www.europesays.com\/fr\/623215\/","title":{"rendered":"Grenoble. Les trois personnes suspect\u00e9es de s\u00e9questration \u00e0 La Villeneuve laiss\u00e9es libres apr\u00e8s une garde \u00e0 vue"},"content":{"rendered":"<p>Les deux hommes et la femme plac\u00e9s en garde \u00e0 vue <a href=\"https:\/\/www.ledauphine.com\/faits-divers-justice\/2025\/12\/24\/suspectees-de-sequestration-trois-personnes-interpellees-a-la-villeneuve\" target=\"_blank\" rel=\"nofollow noopener\">mercredi matin<\/a> par les policiers grenoblois, apr\u00e8s l\u2019appel au 17 d\u2019un jeune homme d\u00e9non\u00e7ant une s\u00e9questration et un vol avec violences dans le quartier de La Villeneuve, \u00e0 Grenoble, ont \u00e9t\u00e9 laiss\u00e9es libres jeudi 25\u00a0d\u00e9cembre. D\u2019apr\u00e8s nos informations, aucune charge n\u2019a pour l\u2019heure \u00e9t\u00e9 retenue contre eux, mais l\u2019enqu\u00eate se poursuit.<\/p>\n<p>Le 24\u00a0d\u00e9cembre, vers 9\u00a0h\u00a030, les policiers grenoblois ont \u00e9t\u00e9 contact\u00e9s par un homme d\u00e9clarant avoir \u00e9t\u00e9 violent\u00e9 et s\u00e9questr\u00e9 dans un appartement de La Villeneuve, par trois individus. Ce dernier avait pr\u00e9cis\u00e9 que les personnes en question lui auraient d\u00e9rob\u00e9 son t\u00e9l\u00e9phone portable sous la menace d\u2019une arme blanche.<\/p>\n<p>Ce contenu est bloqu\u00e9 car vous n&rsquo;avez pas accept\u00e9 les cookies et autres traceurs.<\/p>\n<p>En cliquant sur \u00ab J\u2019accepte \u00bb, les cookies et autres traceurs seront d\u00e9pos\u00e9s et vous pourrez visualiser les contenus  (<a href=\"\" class=\"consentModule_policy\" target=\"_blank\" title=\"Consulter la politique de protection des donn\u00e9es du fournisseur\">plus d&rsquo;informations<\/a>).<\/p>\n<p>En cliquant sur \u00ab J\u2019accepte tous les cookies \u00bb, vous autorisez des d\u00e9p\u00f4ts de cookies et autres traceurs pour le stockage de vos donn\u00e9es sur nos sites et applications \u00e0 des fins de personnalisation et de ciblage publicitaire.<\/p>\n<p class=\"consentModule_secondaryText\">Vous gardez la possibilit\u00e9 de retirer votre consentement \u00e0 tout moment en consultant notre <a href=\"https:\/\/www.ledauphine.com\/protection-des-donnees\" target=\"_blank\" title=\"Consulter notre politique de protection des donn\u00e9es\" rel=\"nofollow noopener\">politique de protection des donn\u00e9es<\/a>. <br \/>&#13;<br \/>\n            <a href=\"https:\/\/www.ledauphine.com\/faits-divers-justice\/2025\/12\/26\/javascript:Didomi.notice.show()\" class=\"consentModule_cmp\" rel=\"nofollow noopener\" target=\"_blank\">G\u00e9rer mes choix<\/a>&#13;\n        <\/p>\n<p>&#13;<br \/>\n                        J&rsquo;accepte&#13;<br \/>\n            J&rsquo;accepte tous les cookies&#13;\n        <\/p>\n<p>En fin de matin\u00e9e, apr\u00e8s avoir localis\u00e9 l\u2019appartement en question, situ\u00e9 rue Henry-Duhamel, les policiers \u00e9taient intervenus. \u00c0 l\u2019int\u00e9rieur, ils avaient trouv\u00e9 une femme \u00e2g\u00e9e de 26 ans et deux hommes de 23 et 24 ans, qu\u2019ils avaient interpell\u00e9s.<\/p>\n","protected":false},"excerpt":{"rendered":"Les deux hommes et la femme plac\u00e9s en garde \u00e0 vue mercredi matin par les policiers grenoblois, apr\u00e8s&hellip;\n","protected":false},"author":2,"featured_media":623216,"comment_status":"","ping_status":"","sticky":false,"template":"","format":"standard","meta":{"footnotes":""},"categories":[9566],"tags":[1111,11,2430,271,272,112,1777,674,274,1011,27,2731,2732,108,12,25],"class_list":{"0":"post-623215","1":"post","2":"type-post","3":"status-publish","4":"format-standard","5":"has-post-thumbnail","7":"category-grenoble","8":"tag-actu","9":"tag-actualites","10":"tag-auvergne-rhone-alpes","11":"tag-crime","12":"tag-delit-et-contravention","13":"tag-edition-grenoble-agglomeration","14":"tag-eu","15":"tag-europe","16":"tag-faits-divers-justice","17":"tag-fr","18":"tag-france","19":"tag-grenoble","20":"tag-grenoble-bassin","21":"tag-isere","22":"tag-news","23":"tag-republique-francaise"},"share_on_mastodon":{"url":"https:\/\/pubeurope.com\/@fr\/115785727782598504","error":""},"_links":{"self":[{"href":"https:\/\/www.europesays.com\/fr\/wp-json\/wp\/v2\/posts\/623215","targetHints":{"allow":["GET"]}}],"collection":[{"href":"https:\/\/www.europesays.com\/fr\/wp-json\/wp\/v2\/posts"}],"about":[{"href":"https:\/\/www.europesays.com\/fr\/wp-json\/wp\/v2\/types\/post"}],"author":[{"embeddable":true,"href":"https:\/\/www.europesays.com\/fr\/wp-json\/wp\/v2\/users\/2"}],"replies":[{"embeddable":true,"href":"https:\/\/www.europesays.com\/fr\/wp-json\/wp\/v2\/comments?post=623215"}],"version-history":[{"count":0,"href":"https:\/\/www.europesays.com\/fr\/wp-json\/wp\/v2\/posts\/623215\/revisions"}],"wp:featuredmedia":[{"embeddable":true,"href":"https:\/\/www.europesays.com\/fr\/wp-json\/wp\/v2\/media\/623216"}],"wp:attachment":[{"href":"https:\/\/www.europesays.com\/fr\/wp-json\/wp\/v2\/media?parent=623215"}],"wp:term":[{"taxonomy":"category","embeddable":true,"href":"https:\/\/www.europesays.com\/fr\/wp-json\/wp\/v2\/categories?post=623215"},{"taxonomy":"post_tag","embeddable":true,"href":"https:\/\/www.europesays.com\/fr\/wp-json\/wp\/v2\/tags?post=623215"}],"curies":[{"name":"wp","href":"https:\/\/api.w.org\/{rel}","templated":true}]}}