{"id":623219,"date":"2025-12-26T11:53:15","date_gmt":"2025-12-26T11:53:15","guid":{"rendered":"https:\/\/www.europesays.com\/fr\/623219\/"},"modified":"2025-12-26T11:53:15","modified_gmt":"2025-12-26T11:53:15","slug":"jeremy-jacquet-lenjeu-majeur-de-lhiver-chez-les-rouge-et-noir","status":"publish","type":"post","link":"https:\/\/www.europesays.com\/fr\/623219\/","title":{"rendered":"J\u00e9r\u00e9my Jacquet, l\u2019enjeu majeur de l\u2019hiver chez les Rouge et Noir"},"content":{"rendered":"<p><strong>De retour aux portes du Top 5 de la Ligue 1, le Stade Rennais compte bien poursuivre dans cette direction apr\u00e8s la tr\u00eave. Les Rouge et Noir devront aussi g\u00e9rer au mieux leur mercato d\u2019hiver, entre recrues potentielles et grands talents conserver. Ou pas. J\u00e9r\u00e9my Jacquet sera, quoi qu\u2019il, au c\u0153ur des d\u00e9bats durant une bonne partie du mois de janvier. <\/strong><\/p>\n<p>Si vous cherchez une \u00e9quipe de <a href=\"https:\/\/wesportfr.com\/football\/ligue-1\/\" target=\"_blank\" rel=\"noopener\">Ligue 1<\/a> capable de tout cette saison, le Stade Rennais a tout ce qu\u2019il vous faut. Sous Habib Beye, les Bretons auront \u00e9t\u00e9 capables de s\u2019incliner \u00e0 domicile face \u00e0 une faible \u00e9quipe de l\u2019OGC Nice, ou de litt\u00e9ralement voler en \u00e9clats sur la pelouse du PSG (5-0). Paradoxalement, les Rouge et Noir ont remport\u00e9 six de leurs sept derniers matches, toutes comp\u00e9titions confondues, pour terminer 2025 en v\u00e9ritable boulet de canon. <\/p>\n<p>D\u00e9sormais, la question que tout le monde se pose dans les trav\u00e9es du Roazhon Park, est : Rennes est-il capable de tenir la distance, et de retrouver le doux parfum d\u2019une comp\u00e9tition europ\u00e9enne dans la foul\u00e9e ? Le mercato hivernal qui se profile repr\u00e9sentera une partie loin d\u2019\u00eatre n\u00e9gligeable de l\u2019\u00e9quipe bretonne. Avec d\u2019un c\u00f4t\u00e9 cette volont\u00e9 de renforcer certains postes. De l\u2019autre, celle d\u2019\u00e9viter la fuite des talents. M\u00eame en cas d\u2019offre qui ne se refuse pas ? Pour J\u00e9r\u00e9my Jacquet, la question risque de se poser bien plus vite que pr\u00e9vu. <\/p>\n<p><strong>\u00c0 lire aussi \u2013 <\/strong><a href=\"https:\/\/wesportfr.com\/rennes-comment-jeremy-jacquet-simpose-comme-le-meilleur-defenseur-de-sa-generation\/\" target=\"_blank\" rel=\"noopener\">Rennes : Comment J\u00e9r\u00e9my Jacquet s\u2019impose comme le meilleur d\u00e9fenseur de sa g\u00e9n\u00e9ration<\/a><\/p>\n<p>L\u2019Europe bouscule Rennes pour J\u00e9r\u00e9my Jacquet<\/p>\n<p>Qui a dit que, dans le football, tout pouvait aller tr\u00e8s vite ? Il y a moins d\u2019un an, J\u00e9r\u00e9my Jacquet portait les couleurs du Clermont-Foot, et jouait le maintien en <a href=\"https:\/\/wesportfr.com\/football\/ligue-2\/\" target=\"_blank\" rel=\"noopener\">Ligue 2<\/a>. Puis, cette ann\u00e9e 2025 a permis au d\u00e9fenseur central de 20 ans de revenir dans son club formateur, le Stade Rennais, par la grande porte. Aujourd\u2019hui, avec Habib Beye sur le banc, l\u2019international U21 fran\u00e7ais fait partie des cadres du club de Ligue 1. \u00c9tant syst\u00e9matiquement titulaire, et manquant son premier match avant la tr\u00eave pour cause de suspension. <\/p>\n<p>Tr\u00e8s vite, au regard de son gros potentiel physique et de la qualit\u00e9 de ses prestations, Jacquet a tap\u00e9 dans l\u2019\u0153il des plus grands clubs anglais. <a href=\"https:\/\/wesportfr.com\/mercato-rennes-pourquoi-jeremy-jacquet-na-aucun-interet-a-rejoindre-liverpool\/\" target=\"_blank\" rel=\"noopener\">C\u2019est notamment le cas du champion en titre, Liverpool<\/a>. Arsenal s\u2019est \u00e9galement manifest\u00e9. Plus r\u00e9cemment, les Allemands du Bayern Munich et les Espagnols du Real Madrid ont \u00e9t\u00e9 li\u00e9s au natif de Bondy. Des int\u00e9r\u00eats forc\u00e9ment flatteurs. <\/p>\n<p>Sportivement parlant, le Stade Rennais pourrait difficilement se passer des services d\u2019un d\u00e9fenseur d\u00e9j\u00e0 estim\u00e9 \u00e0 20 millions d\u2019euros par les sites sp\u00e9cialis\u00e9s. Le contrat sign\u00e9 jusqu\u2019en 2029 met-il les Rouge et Noir en position de force pour autant ? Une offre comprise entre 30 et 40 millions d\u2019euros serait susceptible de d\u00e9clencher un transfert. Mais au regard de l\u2019\u00e9volution de son prot\u00e9g\u00e9 et de la qualit\u00e9 des courtisans, il se pourrait que ce montant soit revu \u00e0 la hausse. De quoi emp\u00eacher toute man\u0153uvre en janvier, vraiment ? <\/p>\n","protected":false},"excerpt":{"rendered":"De retour aux portes du Top 5 de la Ligue 1, le Stade Rennais compte bien poursuivre dans&hellip;\n","protected":false},"author":2,"featured_media":623220,"comment_status":"","ping_status":"","sticky":false,"template":"","format":"standard","meta":{"footnotes":""},"categories":[2821],"tags":[1111,11,829,1777,674,1011,27,12,584,25],"class_list":{"0":"post-623219","1":"post","2":"type-post","3":"status-publish","4":"format-standard","5":"has-post-thumbnail","7":"category-rennes","8":"tag-actu","9":"tag-actualites","10":"tag-bretagne","11":"tag-eu","12":"tag-europe","13":"tag-fr","14":"tag-france","15":"tag-news","16":"tag-rennes","17":"tag-republique-francaise"},"share_on_mastodon":{"url":"","error":""},"_links":{"self":[{"href":"https:\/\/www.europesays.com\/fr\/wp-json\/wp\/v2\/posts\/623219","targetHints":{"allow":["GET"]}}],"collection":[{"href":"https:\/\/www.europesays.com\/fr\/wp-json\/wp\/v2\/posts"}],"about":[{"href":"https:\/\/www.europesays.com\/fr\/wp-json\/wp\/v2\/types\/post"}],"author":[{"embeddable":true,"href":"https:\/\/www.europesays.com\/fr\/wp-json\/wp\/v2\/users\/2"}],"replies":[{"embeddable":true,"href":"https:\/\/www.europesays.com\/fr\/wp-json\/wp\/v2\/comments?post=623219"}],"version-history":[{"count":0,"href":"https:\/\/www.europesays.com\/fr\/wp-json\/wp\/v2\/posts\/623219\/revisions"}],"wp:featuredmedia":[{"embeddable":true,"href":"https:\/\/www.europesays.com\/fr\/wp-json\/wp\/v2\/media\/623220"}],"wp:attachment":[{"href":"https:\/\/www.europesays.com\/fr\/wp-json\/wp\/v2\/media?parent=623219"}],"wp:term":[{"taxonomy":"category","embeddable":true,"href":"https:\/\/www.europesays.com\/fr\/wp-json\/wp\/v2\/categories?post=623219"},{"taxonomy":"post_tag","embeddable":true,"href":"https:\/\/www.europesays.com\/fr\/wp-json\/wp\/v2\/tags?post=623219"}],"curies":[{"name":"wp","href":"https:\/\/api.w.org\/{rel}","templated":true}]}}