{"id":623242,"date":"2025-12-26T12:08:11","date_gmt":"2025-12-26T12:08:11","guid":{"rendered":"https:\/\/www.europesays.com\/fr\/623242\/"},"modified":"2025-12-26T12:08:11","modified_gmt":"2025-12-26T12:08:11","slug":"passage-en-2026-possibililites-festives","status":"publish","type":"post","link":"https:\/\/www.europesays.com\/fr\/623242\/","title":{"rendered":"PASSAGE EN 2026, POSSIBILILIT\u00c9S FESTIVES\u2026"},"content":{"rendered":"<p>\tPASSAGE EN 2026, POSSIBILILIT\u00c9S FESTIVES\u2026 &#8211; Toutma<\/p>\n<p>&#13;<br \/>\n&#13;<\/p>\n<p>&#13;<br \/>\n\t\t&#13;<\/p>\n<p>Nous utilisons des cookies pour vous garantir la meilleure exp\u00e9rience sur notre site web. Si vous continuez \u00e0 utiliser ce site, nous supposerons que vous en \u00eates satisfait.OK<\/p>\n<p>\t\t&#13;<\/p>\n","protected":false},"excerpt":{"rendered":"PASSAGE EN 2026, POSSIBILILIT\u00c9S FESTIVES\u2026 &#8211; Toutma &#13; &#13; &#13; &#13; Nous utilisons des cookies pour vous garantir&hellip;\n","protected":false},"author":2,"featured_media":623243,"comment_status":"","ping_status":"","sticky":false,"template":"","format":"standard","meta":{"footnotes":""},"categories":[2814],"tags":[73262,1111,11,1777,674,1011,27,884,12,39117,73263,73264,73265,882,25,73266,73267],"class_list":{"0":"post-623242","1":"post","2":"type-post","3":"status-publish","4":"format-standard","5":"has-post-thumbnail","7":"category-marseille","8":"tag-31-decembre-marseille","9":"tag-actu","10":"tag-actualites","11":"tag-eu","12":"tag-europe","13":"tag-fr","14":"tag-france","15":"tag-marseille","16":"tag-news","17":"tag-nouvel-an","18":"tag-nouvel-an-2025","19":"tag-nouvel-an-marseille","20":"tag-programme-31-decembre","21":"tag-provence-alpes-cote-dazur","22":"tag-republique-francaise","23":"tag-soiree-marseille","24":"tag-soiree-nouvel-an"},"share_on_mastodon":{"url":"https:\/\/pubeurope.com\/@fr\/115785793966086956","error":""},"_links":{"self":[{"href":"https:\/\/www.europesays.com\/fr\/wp-json\/wp\/v2\/posts\/623242","targetHints":{"allow":["GET"]}}],"collection":[{"href":"https:\/\/www.europesays.com\/fr\/wp-json\/wp\/v2\/posts"}],"about":[{"href":"https:\/\/www.europesays.com\/fr\/wp-json\/wp\/v2\/types\/post"}],"author":[{"embeddable":true,"href":"https:\/\/www.europesays.com\/fr\/wp-json\/wp\/v2\/users\/2"}],"replies":[{"embeddable":true,"href":"https:\/\/www.europesays.com\/fr\/wp-json\/wp\/v2\/comments?post=623242"}],"version-history":[{"count":0,"href":"https:\/\/www.europesays.com\/fr\/wp-json\/wp\/v2\/posts\/623242\/revisions"}],"wp:featuredmedia":[{"embeddable":true,"href":"https:\/\/www.europesays.com\/fr\/wp-json\/wp\/v2\/media\/623243"}],"wp:attachment":[{"href":"https:\/\/www.europesays.com\/fr\/wp-json\/wp\/v2\/media?parent=623242"}],"wp:term":[{"taxonomy":"category","embeddable":true,"href":"https:\/\/www.europesays.com\/fr\/wp-json\/wp\/v2\/categories?post=623242"},{"taxonomy":"post_tag","embeddable":true,"href":"https:\/\/www.europesays.com\/fr\/wp-json\/wp\/v2\/tags?post=623242"}],"curies":[{"name":"wp","href":"https:\/\/api.w.org\/{rel}","templated":true}]}}