{"id":623309,"date":"2025-12-26T12:53:15","date_gmt":"2025-12-26T12:53:15","guid":{"rendered":"https:\/\/www.europesays.com\/fr\/623309\/"},"modified":"2025-12-26T12:53:15","modified_gmt":"2025-12-26T12:53:15","slug":"leglise-du-sacre-coeur-sembrase-a-lourdes-les-enqueteurs-sorientent-vers-un-incendie-volontaire","status":"publish","type":"post","link":"https:\/\/www.europesays.com\/fr\/623309\/","title":{"rendered":"L\u2019\u00e9glise du Sacr\u00e9-Coeur s\u2019embrase \u00e0 Lourdes\u00a0: les enqu\u00eateurs s\u2019orientent vers un incendie volontaire"},"content":{"rendered":"<p>\n                                                                Ce vendredi 26\u00a0d\u00e9cembre, la crypte de l\u2019\u00e9glise paroissiale de Lourdes s\u2019embrase. Selon les premiers \u00e9l\u00e9ments de l\u2019enqu\u00eate de police, la piste criminelle est privil\u00e9gi\u00e9e. Un individu aurait p\u00e9n\u00e9tr\u00e9 dans l\u2019\u00e9difice par un soubassement mal ferm\u00e9 avant de mettre le feu.\n                            <\/p>\n<p>Qui en veut \u00e0 l\u2019\u00e9glise du Sacr\u00e9-C\u0153ur de Lourdes\u00a0? Ce vendredi 26\u00a0d\u00e9cembre, lendemain de No\u00ebl, l\u2019incendie de ce lieu de culte du centre-ville n\u2019est pas pass\u00e9 inaper\u00e7u. \u00c0 7\u00a0h\u00a035, le sacristain qui vient d\u2019entrer dans l\u2019\u00e9glise paroissiale pour prendre son service pr\u00e9vient les pompiers\u00a0: la crypte du b\u00e2timent est en feu, la fum\u00e9e a envahi les lieux. L\u2019homme d\u2019\u00c9glise parvient \u00e0 circonscrire les flammes. Puis, les 12 pompiers mobilis\u00e9s\u00a0finissent d\u2019\u00e9teindre l\u2019incendie et ventilent les locaux. Devant l\u2019\u00e9glise, c\u2019est l\u2019incompr\u00e9hension. Surtout que des obs\u00e8ques devaient se tenir au moment des faits. La c\u00e9r\u00e9monie a \u00e9t\u00e9 d\u00e9localis\u00e9e \u00e0 l\u2019\u00e9glise Saint-Jean-Baptiste.<\/p>\n<p class=\"std-elt__inline\">\n        <strong>\u00c0 lire aussi :<\/strong><br \/>\n        <a href=\"https:\/\/www.nrpyrenees.fr\/2025\/12\/26\/a-lourdes-la-crypte-de-leglise-du-sacre-coeur-prend-feu-13131609.php\" target=\"_blank\" rel=\"noopener\">\u00c0 Lourdes, la crypte de l\u2019\u00e9glise du Sacr\u00e9-Coeur prend feu<\/a>\n    <\/p>\n<p>Les policiers s\u2019interrogent rapidement sur l\u2019origine du sinistre. D\u2019apr\u00e8s les premiers \u00e9l\u00e9ments de l\u2019enqu\u00eate, il pourrait s\u2019agir\u00a0d\u2019un incendie volontaire. \u00a0\u00bb On pense \u00e0 un d\u00e9part provoqu\u00e9 par une action humaine. Par ailleurs, le feu semble s\u2019\u00eatre d\u00e9clench\u00e9 seulement quelques minutes avant l\u2019arriv\u00e9e du sacristain \u00ab\u00a0, annonce Humberto Dos Santos, \u00e0 la t\u00eate du commissariat de Lourdes. Pourtant, lors des premi\u00e8res v\u00e9rifications, les enqu\u00eateurs ne remarquent aucune effraction\u00a0: m\u00eame la vitre de la crypte est intacte. Le feu a pris sur des cartons positionn\u00e9s sous la crypte. Des cartons qui, selon le sacristain, ont chang\u00e9 de place dans la nuit.<\/p>\n<p>Un plexiglass d\u00e9cal\u00e9 pour permettre l\u2019entr\u00e9e\u00a0?<\/p>\n<p>Un individu en possession des cl\u00e9s aurait-il pu commettre un tel acte\u00a0? Hypoth\u00e8se \u00e9cart\u00e9e en fin de matin\u00e9e. \u00a0\u00bb L\u2019acc\u00e8s \u00e0 un\u00a0soubassement avec un plexiglass \u00e9tait mal referm\u00e9. Nous avons constat\u00e9 que ce morceau de plexiglass a \u00e9t\u00e9 d\u00e9cal\u00e9. Il a pu permettre\u00a0\u00e0 un individu de p\u00e9n\u00e9trer dans le b\u00e2timent \u00ab\u00a0, fait savoir le commandant de police. Le feu a-t-il \u00e9t\u00e9 allum\u00e9 avec un produit inflammable ou de simples allumettes\u00a0? Impossible encore de r\u00e9pondre \u00e0 cette question. La police technique a en tout cas r\u00e9alis\u00e9 les pr\u00e9l\u00e8vements et les relev\u00e9s d\u2019usage.<\/p>\n<p>Ce n\u2019est pas la premi\u00e8re fois que l\u2019\u00e9glise est victime d\u2019un m\u00e9fait. Dans la nuit du 10 au 11\u00a0novembre, des tags avaient \u00e9t\u00e9 inscrits sur les portes d\u2019entr\u00e9e de l\u2019\u00e9glise. Des inscriptions injurieuses r\u00e9alis\u00e9es au marqueur blanc qui visait directement J\u00e9sus-Christ, le qualifiant de \u00a0\u00bb Fils de pute \u00a0\u00bb ou de \u00a0\u00bb sale race \u00ab\u00a0. Les messages ont \u00e9t\u00e9 rapidement effac\u00e9s. La police a ouvert une enqu\u00eate. \u00ab\u00a0Cela pourrait tr\u00e8s bien \u00eatre le fait d\u2019un illumin\u00e9 qui a voulu faire de la provocation\u2026 On ne sait pas. On va voir s\u2019il est possible d\u2019identifier quelqu\u2019un gr\u00e2ce aux cam\u00e9ras de la ville\u00a0\u00bb, nous expliquait alors Humberto Dos Santos. Aujourd\u2019hui, il n\u2019\u00e9tablit aucun lien entre ces d\u00e9gradations et l\u2019incendie. Les policiers vont d\u00e9sormais veiller\u00a0\u00e0 la s\u00e9curisation de cet \u00e9difice religieux.<\/p>\n","protected":false},"excerpt":{"rendered":"Ce vendredi 26\u00a0d\u00e9cembre, la crypte de l\u2019\u00e9glise paroissiale de Lourdes s\u2019embrase. Selon les premiers \u00e9l\u00e9ments de l\u2019enqu\u00eate de&hellip;\n","protected":false},"author":2,"featured_media":623310,"comment_status":"","ping_status":"","sticky":false,"template":"","format":"standard","meta":{"footnotes":""},"categories":[4],"tags":[11,118,1011,27,4973,70317,12,25],"class_list":{"0":"post-623309","1":"post","2":"type-post","3":"status-publish","4":"format-standard","5":"has-post-thumbnail","7":"category-france","8":"tag-actualites","9":"tag-faits-divers","10":"tag-fr","11":"tag-france","12":"tag-hautes-pyrenees","13":"tag-lourdes","14":"tag-news","15":"tag-republique-francaise"},"share_on_mastodon":{"url":"https:\/\/pubeurope.com\/@fr\/115785970795131279","error":""},"_links":{"self":[{"href":"https:\/\/www.europesays.com\/fr\/wp-json\/wp\/v2\/posts\/623309","targetHints":{"allow":["GET"]}}],"collection":[{"href":"https:\/\/www.europesays.com\/fr\/wp-json\/wp\/v2\/posts"}],"about":[{"href":"https:\/\/www.europesays.com\/fr\/wp-json\/wp\/v2\/types\/post"}],"author":[{"embeddable":true,"href":"https:\/\/www.europesays.com\/fr\/wp-json\/wp\/v2\/users\/2"}],"replies":[{"embeddable":true,"href":"https:\/\/www.europesays.com\/fr\/wp-json\/wp\/v2\/comments?post=623309"}],"version-history":[{"count":0,"href":"https:\/\/www.europesays.com\/fr\/wp-json\/wp\/v2\/posts\/623309\/revisions"}],"wp:featuredmedia":[{"embeddable":true,"href":"https:\/\/www.europesays.com\/fr\/wp-json\/wp\/v2\/media\/623310"}],"wp:attachment":[{"href":"https:\/\/www.europesays.com\/fr\/wp-json\/wp\/v2\/media?parent=623309"}],"wp:term":[{"taxonomy":"category","embeddable":true,"href":"https:\/\/www.europesays.com\/fr\/wp-json\/wp\/v2\/categories?post=623309"},{"taxonomy":"post_tag","embeddable":true,"href":"https:\/\/www.europesays.com\/fr\/wp-json\/wp\/v2\/tags?post=623309"}],"curies":[{"name":"wp","href":"https:\/\/api.w.org\/{rel}","templated":true}]}}