{"id":623311,"date":"2025-12-26T12:54:14","date_gmt":"2025-12-26T12:54:14","guid":{"rendered":"https:\/\/www.europesays.com\/fr\/623311\/"},"modified":"2025-12-26T12:54:14","modified_gmt":"2025-12-26T12:54:14","slug":"vigilance-orange-crue-en-occitanie-deja-des-voitures-emportees-par-une-riviere-qui-deborde-les-pluies-continuent","status":"publish","type":"post","link":"https:\/\/www.europesays.com\/fr\/623311\/","title":{"rendered":"Vigilance orange crue en Occitanie\u00a0: d\u00e9j\u00e0 des voitures emport\u00e9es par une rivi\u00e8re qui d\u00e9borde, les pluies continuent"},"content":{"rendered":"<p>\n                                                                Les Pyr\u00e9n\u00e9es-Orientales, tout comme l\u2019Aude et la Haute-Corse, sont maintenues en vigilance orange crue ce 26\u00a0d\u00e9cembre 2025. Pr\u00e8s de Perpignan, la rivi\u00e8re a d\u00e9j\u00e0 emport\u00e9 plusieurs voitures. Les pluies devraient durer jusqu\u2019\u00e0 samedi.\n                            <\/p>\n<p>La prudence est de mise. Apr\u00e8s une nuit d\u2019averses, <a href=\"https:\/\/www.midilibre.fr\/2025\/12\/26\/alerte-meteo-laude-et-les-pyrenees-orientales-maintenues-en-vigilance-orange-crues-faut-il-sinquieter-13131535.php\" target=\"_blank\" rel=\"noopener\">les rivi\u00e8res des Pyr\u00e9n\u00e9es-Orientales <\/a>commencent \u00e0 d\u00e9border. \u00c0 l\u2019image de l\u2019Agly, \u00e0 Estagel, pr\u00e8s de Perpignan, rapportent nos confr\u00e8res de <a href=\"https:\/\/www.lindependant.fr\/2025\/12\/26\/vigilance-orange-dans-les-pyrenees-orientales-des-vehicules-emportes-par-les-eaux-dun-cours-deau-en-crue-13131576.php\" target=\"_blank\" rel=\"noopener\">l\u2019Ind\u00e9pendant<\/a>. Un correspondant a film\u00e9 des voitures en train de se faire emporter par le<a href=\"https:\/\/www.midilibre.fr\/2025\/12\/26\/alerte-meteo-laude-et-les-pyrenees-orientales-maintenues-en-vigilance-orange-crues-faut-il-sinquieter-13131535.php\" target=\"_blank\" rel=\"noopener\"> cours d\u2019eau en crue ce vendredi matin.<\/a><\/p>\n<p>Deux voitures emport\u00e9es par l\u2019Agly<\/p>\n<p>Il semblerait que les propri\u00e9taires de ces deux v\u00e9hicules n\u2019ont pas eu vent de la vigilance orange crue en cours\u2026 Au c\u0153ur d\u2019Estagel, deux voitures ont \u00e9t\u00e9 emport\u00e9es par un cours d\u2019eau qui s\u2019est mis \u00e0\u00a0d\u00e9border\u00a0\u00e0 cause des 100\u00a0mm de pluie d\u00e9j\u00e0 tomb\u00e9s depuis jeudi.<\/p>\n<p>La commune a pourtant \u00e9t\u00e9 r\u00e9am\u00e9nag\u00e9e pour faire face aux pluies torrentielles automnales. Apr\u00e8s les dramatiques inondations de 1999, d\u00e9cision avait \u00e9t\u00e9 prise de curer l\u2019Agly, d\u2019extraire des gravats, et de lancer un programme d\u2019action pour inciter les propri\u00e9taires de plusieurs parcelles \u00e0 entretenir les abords des <a href=\"https:\/\/www.midilibre.fr\/2013\/05\/26\/les-travaux-pour-prevenir-les-inondations-a-estagel,704273.php\" target=\"_blank\" rel=\"noopener\">cours d\u2019eau pour optimiser leur d\u00e9bit.<\/a><\/p>\n<p>Des trombes\u00a0d\u2019eau se sont abattues \u00e0 l\u2019ouest de la r\u00e9gion dans la nuit de jeudi \u00e0 vendredi. Localement, jusqu\u2019\u00e0 180\u00a0mm de pluie pourraient encore tomber d\u2019ici \u00e0 samedi. Les habitants sont invit\u00e9s \u00e0 faire preuve de la plus grande vigilance, et surtout \u00e0 se rappeler que les habitacles de leurs voitures ne les prot\u00e8gent pas des crues.<\/p>\n","protected":false},"excerpt":{"rendered":"Les Pyr\u00e9n\u00e9es-Orientales, tout comme l\u2019Aude et la Haute-Corse, sont maintenues en vigilance orange crue ce 26\u00a0d\u00e9cembre 2025. Pr\u00e8s&hellip;\n","protected":false},"author":2,"featured_media":623312,"comment_status":"","ping_status":"","sticky":false,"template":"","format":"standard","meta":{"footnotes":""},"categories":[2],"tags":[1111,11,1011,27,71962,15882,12,3464,11548],"class_list":{"0":"post-623311","1":"post","2":"type-post","3":"status-publish","4":"format-standard","5":"has-post-thumbnail","7":"category-actualites","8":"tag-actu","9":"tag-actualites","10":"tag-fr","11":"tag-france","12":"tag-intempu00e9ries","13":"tag-mu00e9tu00e9o","14":"tag-news","15":"tag-perpignan","16":"tag-pyrenees-orientales"},"share_on_mastodon":{"url":"https:\/\/pubeurope.com\/@fr\/115785974665818861","error":""},"_links":{"self":[{"href":"https:\/\/www.europesays.com\/fr\/wp-json\/wp\/v2\/posts\/623311","targetHints":{"allow":["GET"]}}],"collection":[{"href":"https:\/\/www.europesays.com\/fr\/wp-json\/wp\/v2\/posts"}],"about":[{"href":"https:\/\/www.europesays.com\/fr\/wp-json\/wp\/v2\/types\/post"}],"author":[{"embeddable":true,"href":"https:\/\/www.europesays.com\/fr\/wp-json\/wp\/v2\/users\/2"}],"replies":[{"embeddable":true,"href":"https:\/\/www.europesays.com\/fr\/wp-json\/wp\/v2\/comments?post=623311"}],"version-history":[{"count":0,"href":"https:\/\/www.europesays.com\/fr\/wp-json\/wp\/v2\/posts\/623311\/revisions"}],"wp:featuredmedia":[{"embeddable":true,"href":"https:\/\/www.europesays.com\/fr\/wp-json\/wp\/v2\/media\/623312"}],"wp:attachment":[{"href":"https:\/\/www.europesays.com\/fr\/wp-json\/wp\/v2\/media?parent=623311"}],"wp:term":[{"taxonomy":"category","embeddable":true,"href":"https:\/\/www.europesays.com\/fr\/wp-json\/wp\/v2\/categories?post=623311"},{"taxonomy":"post_tag","embeddable":true,"href":"https:\/\/www.europesays.com\/fr\/wp-json\/wp\/v2\/tags?post=623311"}],"curies":[{"name":"wp","href":"https:\/\/api.w.org\/{rel}","templated":true}]}}