{"id":623315,"date":"2025-12-26T12:58:18","date_gmt":"2025-12-26T12:58:18","guid":{"rendered":"https:\/\/www.europesays.com\/fr\/623315\/"},"modified":"2025-12-26T12:58:18","modified_gmt":"2025-12-26T12:58:18","slug":"video-hammam-massages-ce-nouveau-spa-vient-douvrir-au-centre-ville-de-nancy","status":"publish","type":"post","link":"https:\/\/www.europesays.com\/fr\/623315\/","title":{"rendered":"VID\u00c9O. Hammam, massages&#8230; ce nouveau spa vient d&rsquo;ouvrir au centre-ville de Nancy"},"content":{"rendered":"<p>                    Par<br \/>\n        <strong><br \/>\n            <a href=\"https:\/\/actu.fr\/auteur\/pierre-emile-bouchy-actu-fr\" title=\"Consulter tous les articles de Paul-Emile Bouchy\" target=\"_blank\" rel=\"noopener\">Paul-Emile Bouchy<\/a><br \/>\n                    <\/strong><\/p>\n<p>        Publi\u00e9 le<\/p>\n<p>            26 d\u00e9c. 2025 \u00e0 13h03        <\/p>\n<p>Si vous avez besoin d\u2019une parenth\u00e8se de bien-\u00eatre dans votre quotidien, <strong>ce nouveau spa<\/strong> qui a ouvert au centre-ville de <a href=\"https:\/\/actu.fr\/grand-est\/nancy_54395\" target=\"_blank\" rel=\"noopener\">Nancy<\/a> pourrait vous s\u00e9duire.<\/p>\n<p class=\" wall-content\">Situ\u00e9 au 48 rue des S\u0153urs-Macarons, pr\u00e8s de l\u2019intersection avec la <a href=\"https:\/\/actu.fr\/grand-est\/nancy_54395\/a-nancy-la-rue-saint-dizier-va-etre-transformee-dans-les-annees-a-venir-voici-le-projet_63515259.html\" target=\"_blank\" rel=\"noopener\">rue Saint-Dizier<\/a>, cet \u00e9tablissement propose <strong>des soins, des rituels orientaux autour d\u2019un hamman<\/strong>.<\/p>\n<p>Un hammam pour se ressourcer au c\u0153ur de Nancy<\/p>\n<p class=\" wall-content\">Apr\u00e8s plusieurs mois de travaux, le <strong>spa Hamman et Traditions<\/strong>, qui a d\u00e9j\u00e0 un \u00e9tablissement \u00e0 <a href=\"https:\/\/actu.fr\/strasbourg\" target=\"_blank\" rel=\"noopener\">Strasbourg<\/a>, est ouvert depuis le 10\u00a0d\u00e9cembre.<\/p>\n<p class=\" wall-content\">Dans une ambiance apais\u00e9e et cocooning, les clients peuvent profiter de la chaleur humide d\u2019un hammam. \u00ab\u2009Le maillot de bain est obligatoire dans le hammam. Il est possible de le privatiser pour des \u00e9v\u00e9nements comme des enterrements de vie de jeune fille\u2009\u00bb, ajoute Alice, la manageuse du spa.<\/p>\n<p class=\" wall-content\">Pour en profiter, l\u2019\u00e9tablissement d\u00e9livre <strong>de nombreux rituels<\/strong>\u2009: gommage au savon noir, enveloppement \u00e0 l\u2019argile blanche et au miel ou encore des soins des cheveux.<\/p>\n<blockquote class=\"tiktok-embed\" cite=\"https:\/\/www.tiktok.com\/@lorraine.actu\/video\/7588131238322408726\" data-video-id=\"7588131238322408726\" data-embed-from=\"oembed\" style=\"max-width:605px; min-width:325px;\"><p>\n<a target=\"_blank\" title=\"@lorraine.actu\" href=\"https:\/\/www.tiktok.com\/@lorraine.actu?refer=embed\" rel=\"noopener\">@lorraine.actu<\/a> <\/p>\n<p>Si vous avez besoin d\u2019une parenth\u00e8se de bien-\u00eatre dans votre quotidien, ce nouveau spa qui a ouvert au centre-ville de Nancy pourrait vous s\u00e9duire. Situ\u00e9 au 48 rue des S\u0153urs-Macarons, pr\u00e8s de l\u2019intersection avec la rue Saint-Dizier, cet \u00e9tablissement propose des soins, des rituels orientaux autour d\u2019un hamman. Apr\u00e8s plusieurs mois de travaux, le spa Hamman et Traditions, qui a d\u00e9j\u00e0 un \u00e9tablissement \u00e0 Strasbourg, est ouvert depuis le 10\u00a0d\u00e9cembre. Dans une ambiance apais\u00e9e et cocooning, les clients peuvent profiter de la chaleur humide d\u2019un hammam. \u00ab\u2009Le maillot de bain est obligatoire dans le hammam. Il est possible de le privatiser pour des \u00e9v\u00e9nements comme des enterrements de vie de jeune fille\u2009\u00bb, ajoute Alice, la mangeuse du spa. Pour en profiter, l\u2019\u00e9tablissement d\u00e9livre de nombreux rituels\u2009: gommage au savon noir, enveloppement \u00e0 l\u2019argile blanche et au miel ou encore des soins des cheveux. Outre les vapeurs du hammam, il est aussi possible de profiter de nombreux massages\u2009: du dos, du cuir chevelu, de la nuque, du visage\u2026 Ces prestations peuvent \u00eatre effectu\u00e9es en solo ou en couple. L\u2019\u00e9tablissement propose aussi des soins pour les jeunes mamans ou pour les femmes enceintes. Il est ouvert jeudi au lundi de 10h \u00e0 20h (le dimanche jusqu\u2019\u00e0 18h). Vous pouvez r\u00e9server votre soin ou votre rituel\u00a0via\u00a0ce site. <a title=\"nancy\" target=\"_blank\" href=\"https:\/\/www.tiktok.com\/tag\/nancy?refer=embed\" rel=\"noopener\">#nancy<\/a> <a title=\"hammam\" target=\"_blank\" href=\"https:\/\/www.tiktok.com\/tag\/hammam?refer=embed\" rel=\"noopener\">#hammam<\/a> <a title=\"spa\" target=\"_blank\" href=\"https:\/\/www.tiktok.com\/tag\/spa?refer=embed\" rel=\"noopener\">#spa<\/a> <a title=\"relaxing\" target=\"_blank\" href=\"https:\/\/www.tiktok.com\/tag\/relaxing?refer=embed\" rel=\"noopener\">#relaxing<\/a> <a title=\"lorraine\" target=\"_blank\" href=\"https:\/\/www.tiktok.com\/tag\/lorraine?refer=embed\" rel=\"noopener\">#lorraine<\/a> <\/p>\n<p> <a target=\"_blank\" title=\"\u266c Relaxing Massage - Relaxing Spa Oasis\" href=\"https:\/\/www.tiktok.com\/music\/Relaxing-Massage-7119397218909423617?refer=embed\" rel=\"noopener\">\u266c Relaxing Massage \u2013 Relaxing Spa Oasis<\/a> <\/p>\n<\/blockquote>\n<p>Des massages en solo ou en couple<\/p>\n<p class=\" wall-content\">Outre les vapeurs du hammam, il est aussi possible de <strong>profiter de nombreux massages<\/strong>\u2009: du dos, du cuir chevelu, de la nuque, du visage\u2026 Ces prestations peuvent \u00eatre effectu\u00e9es <strong>en solo ou en couple<\/strong>.<\/p>\n<p>Votre r\u00e9gion, votre actu !<\/p>\n<p>Recevez chaque jour les infos qui comptent pour vous.<\/p>\n<p>\t<a href=\"https:\/\/actu.fr\/newsletter\" class=\"ac-btn ac-btn--corner ac-btn--medium ac-btn--blue800\" target=\"_blank\" rel=\"noopener\">S&rsquo;incrire<\/a><\/p>\n<p class=\" wall-content\">L\u2019\u00e9tablissement propose aussi<strong> des soins pour les jeunes mamans ou pour les femmes enceintes<\/strong>.<\/p>\n<p class=\" wall-content\">Il est ouvert <strong>du jeudi au lundi de 10h \u00e0 20h (le dimanche jusqu\u2019\u00e0 18h)<\/strong>.\u00a0<\/p>\n<p class=\" wall-content\">Personnalisez votre actualit\u00e9 en ajoutant vos villes et m\u00e9dias en favori avec <a href=\"https:\/\/moncompte.actu.fr\" title=\"D\u00e9couvez Mon Actu\" rel=\"nofollow noopener\" data-trk=\"{&quot;cta&quot;:{&quot;action&quot;:&quot;https:\\\/\\\/moncompte.actu.fr&quot;,&quot;category&quot;:&quot;mon compte&quot;,&quot;from&quot;:&quot;article footer&quot;,&quot;name&quot;:&quot;Mon actu&quot;,&quot;type&quot;:&quot;cta&quot;}}\" target=\"_blank\">Mon Actu<\/a>.<\/p>\n<p>                    <script async src=\"\/\/www.tiktok.com\/embed.js\"><\/script><\/p>\n","protected":false},"excerpt":{"rendered":"Par Paul-Emile Bouchy Publi\u00e9 le 26 d\u00e9c. 2025 \u00e0 13h03 Si vous avez besoin d\u2019une parenth\u00e8se de bien-\u00eatre&hellip;\n","protected":false},"author":2,"featured_media":623316,"comment_status":"","ping_status":"","sticky":false,"template":"","format":"standard","meta":{"footnotes":""},"categories":[9635],"tags":[1111,11,4983,1777,674,1011,27,775,1702,12,25,104],"class_list":{"0":"post-623315","1":"post","2":"type-post","3":"status-publish","4":"format-standard","5":"has-post-thumbnail","7":"category-nancy","8":"tag-actu","9":"tag-actualites","10":"tag-bien-etre","11":"tag-eu","12":"tag-europe","13":"tag-fr","14":"tag-france","15":"tag-grand-est","16":"tag-nancy","17":"tag-news","18":"tag-republique-francaise","19":"tag-societe"},"share_on_mastodon":{"url":"https:\/\/pubeurope.com\/@fr\/115785990338507737","error":""},"_links":{"self":[{"href":"https:\/\/www.europesays.com\/fr\/wp-json\/wp\/v2\/posts\/623315","targetHints":{"allow":["GET"]}}],"collection":[{"href":"https:\/\/www.europesays.com\/fr\/wp-json\/wp\/v2\/posts"}],"about":[{"href":"https:\/\/www.europesays.com\/fr\/wp-json\/wp\/v2\/types\/post"}],"author":[{"embeddable":true,"href":"https:\/\/www.europesays.com\/fr\/wp-json\/wp\/v2\/users\/2"}],"replies":[{"embeddable":true,"href":"https:\/\/www.europesays.com\/fr\/wp-json\/wp\/v2\/comments?post=623315"}],"version-history":[{"count":0,"href":"https:\/\/www.europesays.com\/fr\/wp-json\/wp\/v2\/posts\/623315\/revisions"}],"wp:featuredmedia":[{"embeddable":true,"href":"https:\/\/www.europesays.com\/fr\/wp-json\/wp\/v2\/media\/623316"}],"wp:attachment":[{"href":"https:\/\/www.europesays.com\/fr\/wp-json\/wp\/v2\/media?parent=623315"}],"wp:term":[{"taxonomy":"category","embeddable":true,"href":"https:\/\/www.europesays.com\/fr\/wp-json\/wp\/v2\/categories?post=623315"},{"taxonomy":"post_tag","embeddable":true,"href":"https:\/\/www.europesays.com\/fr\/wp-json\/wp\/v2\/tags?post=623315"}],"curies":[{"name":"wp","href":"https:\/\/api.w.org\/{rel}","templated":true}]}}