{"id":623317,"date":"2025-12-26T13:00:57","date_gmt":"2025-12-26T13:00:57","guid":{"rendered":"https:\/\/www.europesays.com\/fr\/623317\/"},"modified":"2025-12-26T13:00:57","modified_gmt":"2025-12-26T13:00:57","slug":"un-mineur-interpelle-avec-plus-dun-kilo-dherbe-de-cannabis-dans-son-sac-a-dos","status":"publish","type":"post","link":"https:\/\/www.europesays.com\/fr\/623317\/","title":{"rendered":"un mineur interpell\u00e9 avec plus d\u2019un kilo d\u2019herbe de cannabis dans son sac \u00e0 dos"},"content":{"rendered":"<p>Pas de tr\u00eave de No\u00ebl pour ce qui peut s\u2019apparenter \u00e0 un trafic de stup\u00e9fiants. Ce mercredi 24\u00a0d\u00e9cembre, il est 14\u00a0h lorsque trois \u00e9quipages de la police nationale sont mobilis\u00e9s sur les hauteurs de Villers-l\u00e8s-Nancy, dans le quartier de Clairlieu.<\/p>\n<p>Un homme a \u00e9t\u00e9 aper\u00e7u r\u00f4dant dans le secteur et faisant main basse sur des colis notamment. Rue des Cisterciens, une patrouille proc\u00e8de alors au contr\u00f4le d\u2019une personne pouvant correspondre au signalement.<\/p>\n<p>Ce contenu est bloqu\u00e9 car vous n&rsquo;avez pas accept\u00e9 les cookies et autres traceurs.<\/p>\n<p>En cliquant sur \u00ab J\u2019accepte \u00bb, les cookies et autres traceurs seront d\u00e9pos\u00e9s et vous pourrez visualiser les contenus  (<a href=\"\" class=\"consentModule_policy\" target=\"_blank\" title=\"Consulter la politique de protection des donn\u00e9es du fournisseur\">plus d&rsquo;informations<\/a>).<\/p>\n<p>En cliquant sur \u00ab J\u2019accepte tous les cookies \u00bb, vous autorisez des d\u00e9p\u00f4ts de cookies et autres traceurs pour le stockage de vos donn\u00e9es sur nos sites et applications \u00e0 des fins de personnalisation et de ciblage publicitaire.<\/p>\n<p class=\"consentModule_secondaryText\">Vous gardez la possibilit\u00e9 de retirer votre consentement \u00e0 tout moment en consultant notre <a href=\"https:\/\/www.estrepublicain.fr\/protection-des-donnees\" target=\"_blank\" title=\"Consulter notre politique de protection des donn\u00e9es\" rel=\"noopener\">politique de protection des donn\u00e9es<\/a>. <br \/>&#13;<br \/>\n            <a href=\"https:\/\/www.estrepublicain.fr\/faits-divers-justice\/2025\/12\/26\/javascript:Didomi.notice.show()\" class=\"consentModule_cmp\" target=\"_blank\" rel=\"noopener\">G\u00e9rer mes choix<\/a>&#13;\n        <\/p>\n<p>&#13;<br \/>\n                        J&rsquo;accepte&#13;<br \/>\n            J&rsquo;accepte tous les cookies&#13;\n        <\/p>\n<p>Dans son sac \u00e0 dos est retrouv\u00e9 1,1\u00a0kg d\u2019herbe de cannabis.<\/p>\n<p>Ramen\u00e9 \u00e0 l\u2019h\u00f4tel de police du boulevard Lobau par la Section d\u2019intervention, l\u2019homme, un Vandop\u00e9rien \u00e2g\u00e9 de 16 ans, connu de la justice, a \u00e9t\u00e9 pr\u00e9sent\u00e9 ce jeudi 25\u00a0d\u00e9cembre au parquet qui l\u2019a plac\u00e9 sous contr\u00f4le judiciaire. Il compara\u00eetra devant le tribunal correctionnel, qui l\u2019a convoqu\u00e9, dans les prochains mois.<\/p>\n","protected":false},"excerpt":{"rendered":"Pas de tr\u00eave de No\u00ebl pour ce qui peut s\u2019apparenter \u00e0 un trafic de stup\u00e9fiants. Ce mercredi 24\u00a0d\u00e9cembre,&hellip;\n","protected":false},"author":2,"featured_media":623318,"comment_status":"","ping_status":"","sticky":false,"template":"","format":"standard","meta":{"footnotes":""},"categories":[9635],"tags":[1111,11,271,272,1704,1777,674,274,1011,27,775,10262,3457,1702,12,25,10261],"class_list":{"0":"post-623317","1":"post","2":"type-post","3":"status-publish","4":"format-standard","5":"has-post-thumbnail","7":"category-nancy","8":"tag-actu","9":"tag-actualites","10":"tag-crime","11":"tag-delit-et-contravention","12":"tag-edition-nancy-et-agglomeration","13":"tag-eu","14":"tag-europe","15":"tag-faits-divers-justice","16":"tag-fr","17":"tag-france","18":"tag-grand-est","19":"tag-metropole-du-grand-nancy-54b5","20":"tag-meurthe-et-moselle","21":"tag-nancy","22":"tag-news","23":"tag-republique-francaise","24":"tag-villers-les-nancy"},"share_on_mastodon":{"url":"https:\/\/pubeurope.com\/@fr\/115786002150896208","error":""},"_links":{"self":[{"href":"https:\/\/www.europesays.com\/fr\/wp-json\/wp\/v2\/posts\/623317","targetHints":{"allow":["GET"]}}],"collection":[{"href":"https:\/\/www.europesays.com\/fr\/wp-json\/wp\/v2\/posts"}],"about":[{"href":"https:\/\/www.europesays.com\/fr\/wp-json\/wp\/v2\/types\/post"}],"author":[{"embeddable":true,"href":"https:\/\/www.europesays.com\/fr\/wp-json\/wp\/v2\/users\/2"}],"replies":[{"embeddable":true,"href":"https:\/\/www.europesays.com\/fr\/wp-json\/wp\/v2\/comments?post=623317"}],"version-history":[{"count":0,"href":"https:\/\/www.europesays.com\/fr\/wp-json\/wp\/v2\/posts\/623317\/revisions"}],"wp:featuredmedia":[{"embeddable":true,"href":"https:\/\/www.europesays.com\/fr\/wp-json\/wp\/v2\/media\/623318"}],"wp:attachment":[{"href":"https:\/\/www.europesays.com\/fr\/wp-json\/wp\/v2\/media?parent=623317"}],"wp:term":[{"taxonomy":"category","embeddable":true,"href":"https:\/\/www.europesays.com\/fr\/wp-json\/wp\/v2\/categories?post=623317"},{"taxonomy":"post_tag","embeddable":true,"href":"https:\/\/www.europesays.com\/fr\/wp-json\/wp\/v2\/tags?post=623317"}],"curies":[{"name":"wp","href":"https:\/\/api.w.org\/{rel}","templated":true}]}}