{"id":623323,"date":"2025-12-26T13:06:10","date_gmt":"2025-12-26T13:06:10","guid":{"rendered":"https:\/\/www.europesays.com\/fr\/623323\/"},"modified":"2025-12-26T13:06:10","modified_gmt":"2025-12-26T13:06:10","slug":"figure-historique-du-foot-montpellierain-et-francais-lancien-entraineur-jean-louis-gasset-sest-eteint","status":"publish","type":"post","link":"https:\/\/www.europesays.com\/fr\/623323\/","title":{"rendered":"Figure historique du foot montpelli\u00e9rain et fran\u00e7ais, l\u2019ancien entra\u00eeneur Jean-Louis Gasset s\u2019est \u00e9teint"},"content":{"rendered":"<p>\n                                                                Coach embl\u00e9matique, personnage passionn\u00e9 et entier, l\u2019ancien technicien du MHSC, de l\u2019OM ou de la C\u00f4te-d\u2019Ivoire est d\u00e9c\u00e9d\u00e9 ce vendredi 26\u00a0d\u00e9cembre. Il venait d\u2019avoir 72 ans.\n                            <\/p>\n<p>La Paillade perd l\u2019un de ses plus chers membres. Jean-Louis Gasset, 72 ans depuis le 9\u00a0d\u00e9cembre dernier, s\u2019est \u00e9teint dans la nuit de jeudi \u00e0 vendredi, laissant le football montpelli\u00e9rain et fran\u00e7ais en deuil.<\/p>\n<p>Jean-Louis Gasset, immense passionn\u00e9 de ballon rond, s\u2019\u00e9tait d\u2019abord construit comme milieu de la Paillade dans les ann\u00e9es 1980, avant d\u2019embrasser une carri\u00e8re d\u2019entra\u00eeneur. En commen\u00e7ant par Montpellier, \u00e9videmment, o\u00f9 le fils de Bernard, co-fondateur du MHSC au c\u00f4t\u00e9 de Louis Nicollin, avait lanc\u00e9 ce qui deviendrait une seconde vie.<\/p>\n<p>Vocation et immense carri\u00e8re<\/p>\n<p>Cette vocation a permis \u00e0 Jean-Louis Gasset et sa voix \u00e9raill\u00e9e de c\u00f4toyer certains des plus grands de ce jeu. Adjoint de Luis Fernandez mais surtout de Laurent Blanc, \u00e0 Bordeaux, en \u00e9quipe de France puis au Paris Saint-Germain, Gasset a ensuite fait le bonheur des Verts de Saint-\u00c9tienne (2017-19). Pass\u00e9 par Bordeaux puis la s\u00e9lection de C\u00f4te-d\u2019Ivoire, il avait accept\u00e9 un dernier challenge \u00e0 l\u2019Olympique de Marseille en 2024, avant de raccrocher son immuable casquette.<\/p>\n<p>C\u2019\u00e9tait sans compter sur Montpellier, son club de toujours, o\u00f9 il \u00e9tait revenu la saison derni\u00e8re, en octobre\u00a02024, pour tenter d\u2019\u00e9viter la descente. Remplac\u00e9 par Zoumana Camara en avril\u00a02025, il s\u2019\u00e9tait depuis retir\u00e9 chez lui, dans son fief de Saint-Georges-d\u2019Orques. R\u00e9cemment, il avait particip\u00e9 au jubil\u00e9 de Richard Gasquet \u00e0 B\u00e9ziers.<\/p>\n<p>\u00c0 sa famille, son fils Robin, actuel entra\u00eeneur adjoint du MHSC en charge des gardiens, et ses proches, Midi Libre adresse ses plus sinc\u00e8res condol\u00e9ances.<\/p>\n","protected":false},"excerpt":{"rendered":"Coach embl\u00e9matique, personnage passionn\u00e9 et entier, l\u2019ancien technicien du MHSC, de l\u2019OM ou de la C\u00f4te-d\u2019Ivoire est d\u00e9c\u00e9d\u00e9&hellip;\n","protected":false},"author":2,"featured_media":623324,"comment_status":"","ping_status":"","sticky":false,"template":"","format":"standard","meta":{"footnotes":""},"categories":[9599],"tags":[1111,11,1777,674,63,1011,27,7089,2208,12,2680,25,517],"class_list":{"0":"post-623323","1":"post","2":"type-post","3":"status-publish","4":"format-standard","5":"has-post-thumbnail","7":"category-montpellier","8":"tag-actu","9":"tag-actualites","10":"tag-eu","11":"tag-europe","12":"tag-football","13":"tag-fr","14":"tag-france","15":"tag-herault","16":"tag-montpellier","17":"tag-news","18":"tag-occitanie","19":"tag-republique-francaise","20":"tag-sport"},"share_on_mastodon":{"url":"https:\/\/pubeurope.com\/@fr\/115786021923715949","error":""},"_links":{"self":[{"href":"https:\/\/www.europesays.com\/fr\/wp-json\/wp\/v2\/posts\/623323","targetHints":{"allow":["GET"]}}],"collection":[{"href":"https:\/\/www.europesays.com\/fr\/wp-json\/wp\/v2\/posts"}],"about":[{"href":"https:\/\/www.europesays.com\/fr\/wp-json\/wp\/v2\/types\/post"}],"author":[{"embeddable":true,"href":"https:\/\/www.europesays.com\/fr\/wp-json\/wp\/v2\/users\/2"}],"replies":[{"embeddable":true,"href":"https:\/\/www.europesays.com\/fr\/wp-json\/wp\/v2\/comments?post=623323"}],"version-history":[{"count":0,"href":"https:\/\/www.europesays.com\/fr\/wp-json\/wp\/v2\/posts\/623323\/revisions"}],"wp:featuredmedia":[{"embeddable":true,"href":"https:\/\/www.europesays.com\/fr\/wp-json\/wp\/v2\/media\/623324"}],"wp:attachment":[{"href":"https:\/\/www.europesays.com\/fr\/wp-json\/wp\/v2\/media?parent=623323"}],"wp:term":[{"taxonomy":"category","embeddable":true,"href":"https:\/\/www.europesays.com\/fr\/wp-json\/wp\/v2\/categories?post=623323"},{"taxonomy":"post_tag","embeddable":true,"href":"https:\/\/www.europesays.com\/fr\/wp-json\/wp\/v2\/tags?post=623323"}],"curies":[{"name":"wp","href":"https:\/\/api.w.org\/{rel}","templated":true}]}}