{"id":623327,"date":"2025-12-26T13:08:12","date_gmt":"2025-12-26T13:08:12","guid":{"rendered":"https:\/\/www.europesays.com\/fr\/623327\/"},"modified":"2025-12-26T13:08:12","modified_gmt":"2025-12-26T13:08:12","slug":"le-conducteur-de-17-ans-navait-pas-le-permis-et-la-voiture-etait-volee","status":"publish","type":"post","link":"https:\/\/www.europesays.com\/fr\/623327\/","title":{"rendered":"le conducteur de 17 ans n&rsquo;avait pas le permis et la voiture \u00e9tait vol\u00e9e"},"content":{"rendered":"<p>\t\t\t\t\t Vers 0h45, dans la nuit du jeudi 25 au vendredi 26 d\u00e9cembre, un \u00e9quipage de police secours rep\u00e8re une BMW circulant au niveau du rond-point Saint-Hilaire, \u00e0 Rouen. Les policiers constatent que le v\u00e9hicule franchit un feu tricolore alors qu\u2019il est au rouge et d\u00e9cident de proc\u00e9der \u00e0 son interception. <\/p>\n<p>Lors du contr\u00f4le, les forces de l\u2019ordre d\u00e9couvrent que le conducteur est mineur. N\u00e9 en juillet 2008, il n\u2019est pas titulaire du permis de conduire. Les v\u00e9rifications effectu\u00e9es sur le v\u00e9hicule r\u00e9v\u00e8lent \u00e9galement que la BMW est signal\u00e9e vol\u00e9e.\n\t\t\t\t <\/p>\n","protected":false},"excerpt":{"rendered":"Vers 0h45, dans la nuit du jeudi 25 au vendredi 26 d\u00e9cembre, un \u00e9quipage de police secours rep\u00e8re&hellip;\n","protected":false},"author":2,"featured_media":623328,"comment_status":"","ping_status":"","sticky":false,"template":"","format":"standard","meta":{"footnotes":""},"categories":[9587],"tags":[1111,11,1067,1777,674,118,1011,27,12,5161,1072,25,9590,5163],"class_list":{"0":"post-623327","1":"post","2":"type-post","3":"status-publish","4":"format-standard","5":"has-post-thumbnail","7":"category-rouen","8":"tag-actu","9":"tag-actualites","10":"tag-enquete","11":"tag-eu","12":"tag-europe","13":"tag-faits-divers","14":"tag-fr","15":"tag-france","16":"tag-news","17":"tag-normandie","18":"tag-police","19":"tag-republique-francaise","20":"tag-rouen","21":"tag-seine-maritime"},"share_on_mastodon":{"url":"https:\/\/pubeurope.com\/@fr\/115786029657427863","error":""},"_links":{"self":[{"href":"https:\/\/www.europesays.com\/fr\/wp-json\/wp\/v2\/posts\/623327","targetHints":{"allow":["GET"]}}],"collection":[{"href":"https:\/\/www.europesays.com\/fr\/wp-json\/wp\/v2\/posts"}],"about":[{"href":"https:\/\/www.europesays.com\/fr\/wp-json\/wp\/v2\/types\/post"}],"author":[{"embeddable":true,"href":"https:\/\/www.europesays.com\/fr\/wp-json\/wp\/v2\/users\/2"}],"replies":[{"embeddable":true,"href":"https:\/\/www.europesays.com\/fr\/wp-json\/wp\/v2\/comments?post=623327"}],"version-history":[{"count":0,"href":"https:\/\/www.europesays.com\/fr\/wp-json\/wp\/v2\/posts\/623327\/revisions"}],"wp:featuredmedia":[{"embeddable":true,"href":"https:\/\/www.europesays.com\/fr\/wp-json\/wp\/v2\/media\/623328"}],"wp:attachment":[{"href":"https:\/\/www.europesays.com\/fr\/wp-json\/wp\/v2\/media?parent=623327"}],"wp:term":[{"taxonomy":"category","embeddable":true,"href":"https:\/\/www.europesays.com\/fr\/wp-json\/wp\/v2\/categories?post=623327"},{"taxonomy":"post_tag","embeddable":true,"href":"https:\/\/www.europesays.com\/fr\/wp-json\/wp\/v2\/tags?post=623327"}],"curies":[{"name":"wp","href":"https:\/\/api.w.org\/{rel}","templated":true}]}}