{"id":623329,"date":"2025-12-26T13:12:18","date_gmt":"2025-12-26T13:12:18","guid":{"rendered":"https:\/\/www.europesays.com\/fr\/623329\/"},"modified":"2025-12-26T13:12:18","modified_gmt":"2025-12-26T13:12:18","slug":"le-tribunal-de-grenoble-suspend-un-plan-de-la-direction-de-teisseire-conteste-par-les-salaries-en-greve-2","status":"publish","type":"post","link":"https:\/\/www.europesays.com\/fr\/623329\/","title":{"rendered":"Le tribunal de Grenoble suspend un plan de la direction de Teisseire contest\u00e9 par les salari\u00e9s en gr\u00e8ve"},"content":{"rendered":"<p itemprop=\"description\"><strong>Le tribunal judiciaire de Grenoble a donn\u00e9 raison aux salari\u00e9s de Teisseire, en lutte depuis le 9 octobre, en suspendant un dispositif mis en place par la direction du groupe Carlsberg.<\/strong><\/p>\n<p>Dans une ordonnance de r\u00e9f\u00e9r\u00e9 rendue le 23 d\u00e9cembre, la juridiction a ordonn\u00e9 la suspension du plan de continuit\u00e9 d\u2019activit\u00e9, estimant que celui-ci avait \u00e9t\u00e9 instaur\u00e9 sans information ni consultation pr\u00e9alable des \u00e9lus du CSE, constituant ainsi une entrave \u00e0 son fonctionnement.<\/p>\n<p>Selon le syndicat CGT, ce plan visait \u00e0 contourner le droit de gr\u00e8ve en faisant produire les sirops Teisseire chez un sous-traitant situ\u00e9 au Havre, la soci\u00e9t\u00e9 Slaur-Sardet, pendant le mouvement social. Une d\u00e9cision jug\u00e9e ill\u00e9gale par les repr\u00e9sentants du personnel, qui ont saisi la justice. Le tribunal leur a donn\u00e9 gain de cause, imposant l\u2019arr\u00eat imm\u00e9diat de cette production externalis\u00e9e.<\/p>\n<p>Dans son communiqu\u00e9, l\u2019Union syndicale r\u00e9gionale CGT Agroalimentaire et Foresti\u00e8re Rh\u00f4ne-Alpes estime que \u00ab\u00a0les sirops Teisseire doivent donc \u00eatre produit \u00e0 Crolles et \u00e0 aucun autre endroit. La marque est grenobloise et elle doit y rester ! Encore une bataille gagn\u00e9e par les Teisseire\u00a0\u00bb.<\/p>\n<p>Les 205 salari\u00e9s, mobilis\u00e9s depuis plus de deux mois contre un projet qu\u2019ils estiment motiv\u00e9 par la recherche de profits, annoncent maintenir leur occupation devant l\u2019usine pendant les f\u00eates de fin d\u2019ann\u00e9e, avec l\u2019intention de poursuivre la mobilisation en janvier.<\/p>\n<p>Pour rappel, l&rsquo;usine historique de Crolles doit fermer en avril prochain.<\/p>\n","protected":false},"excerpt":{"rendered":"Le tribunal judiciaire de Grenoble a donn\u00e9 raison aux salari\u00e9s de Teisseire, en lutte depuis le 9 octobre,&hellip;\n","protected":false},"author":2,"featured_media":623214,"comment_status":"","ping_status":"","sticky":false,"template":"","format":"standard","meta":{"footnotes":""},"categories":[9566],"tags":[1111,11,2813,2430,1109,251,1112,2811,1777,674,118,1011,27,21780,2731,14004,1922,1110,1114,108,12,316,25,2812,517,800],"class_list":{"0":"post-623329","1":"post","2":"type-post","3":"status-publish","4":"format-standard","5":"has-post-thumbnail","7":"category-grenoble","8":"tag-actu","9":"tag-actualites","10":"tag-article","11":"tag-auvergne-rhone-alpes","12":"tag-breves","13":"tag-culture","14":"tag-depeches","15":"tag-economique","16":"tag-eu","17":"tag-europe","18":"tag-faits-divers","19":"tag-fr","20":"tag-france","21":"tag-gf38","22":"tag-grenoble","23":"tag-grenoblemag","24":"tag-info","25":"tag-informations","26":"tag-infos","27":"tag-isere","28":"tag-news","29":"tag-politique","30":"tag-republique-francaise","31":"tag-sociale","32":"tag-sport","33":"tag-transports"},"share_on_mastodon":{"url":"https:\/\/pubeurope.com\/@fr\/115786045534296238","error":""},"_links":{"self":[{"href":"https:\/\/www.europesays.com\/fr\/wp-json\/wp\/v2\/posts\/623329","targetHints":{"allow":["GET"]}}],"collection":[{"href":"https:\/\/www.europesays.com\/fr\/wp-json\/wp\/v2\/posts"}],"about":[{"href":"https:\/\/www.europesays.com\/fr\/wp-json\/wp\/v2\/types\/post"}],"author":[{"embeddable":true,"href":"https:\/\/www.europesays.com\/fr\/wp-json\/wp\/v2\/users\/2"}],"replies":[{"embeddable":true,"href":"https:\/\/www.europesays.com\/fr\/wp-json\/wp\/v2\/comments?post=623329"}],"version-history":[{"count":0,"href":"https:\/\/www.europesays.com\/fr\/wp-json\/wp\/v2\/posts\/623329\/revisions"}],"wp:featuredmedia":[{"embeddable":true,"href":"https:\/\/www.europesays.com\/fr\/wp-json\/wp\/v2\/media\/623214"}],"wp:attachment":[{"href":"https:\/\/www.europesays.com\/fr\/wp-json\/wp\/v2\/media?parent=623329"}],"wp:term":[{"taxonomy":"category","embeddable":true,"href":"https:\/\/www.europesays.com\/fr\/wp-json\/wp\/v2\/categories?post=623329"},{"taxonomy":"post_tag","embeddable":true,"href":"https:\/\/www.europesays.com\/fr\/wp-json\/wp\/v2\/tags?post=623329"}],"curies":[{"name":"wp","href":"https:\/\/api.w.org\/{rel}","templated":true}]}}