{"id":623330,"date":"2025-12-26T13:13:17","date_gmt":"2025-12-26T13:13:17","guid":{"rendered":"https:\/\/www.europesays.com\/fr\/623330\/"},"modified":"2025-12-26T13:13:17","modified_gmt":"2025-12-26T13:13:17","slug":"voici-cinq-choses-insolites-a-faire-pour-le-reveillon-du-nouvel-an-a-rennes","status":"publish","type":"post","link":"https:\/\/www.europesays.com\/fr\/623330\/","title":{"rendered":"Voici cinq choses insolites \u00e0 faire pour le r\u00e9veillon du Nouvel An \u00e0 Rennes"},"content":{"rendered":"<p>1 Cabaret Moustache<\/p>\n<p>Envie d\u2019un d\u00eener dans l\u2019ambiance d\u2019une revue de music-hall revisit\u00e9e fa\u00e7on ann\u00e9es 80 ? <a href=\"https:\/\/www.letelegramme.fr\/ille-et-vilaine\/rennes-35000\/pres-de-rennes-ce-cabaret-nous-plonge-dans-les-annees-80-6464877.php\" target=\"_blank\" rel=\"noopener\">Le Cabaret Moustache propose son spectacle Moustache 80\u2019s<\/a> avec ap\u00e9ritif, repas et boisson, au Z\u00e9phyr de Ch\u00e2teaugiron. Le placement est \u00e0 la discr\u00e9tion des organisateurs. Pas de tables individuelles. Pensez \u00e0 r\u00e9server tr\u00e8s \u00e0 l\u2019avance. \u00c0 partir de 179 \u20ac par personne.<\/p>\n<p><a href=\"https:\/\/www.cabaret-moustache.fr\/\" target=\"_blank\" rel=\"noopener\">www.cabaret-moustache.fr<\/a><\/p>\n<p>2 Croisi\u00e8re en bateau \u00e9lectrique<\/p>\n<p>S\u2019il existe de sympathiques coquilles de noix louables \u00e0 l\u2019heure sur la vilaine, des entreprises proposent \u00e9galement des bateaux habitables sans permis, faciles \u00e0 piloter, pouvant h\u00e9berger plusieurs personnes, pour naviguer sur la Vilaine. De quoi organiser un r\u00e9veillon original ! Attention, la location se fait souvent sur plusieurs jours, minimum un week-end.<\/p>\n<p>Le plus : Comme tous les ans, le Ch\u00e2teau d\u2019Apign\u00e9 (Le Rheu) organise une soir\u00e9e de r\u00e9veillon. Dans la salle La Serre, L\u2019Ami Prod animera une soir\u00e9e sur le th\u00e8me du Cin\u00e9ma, \u00ab Hollywood Night \u00bb. Le restaurant du ch\u00e2teau \u00ab Les Tourelles \u00bb propose de son c\u00f4t\u00e9 un d\u00eener intimiste aux chandelles. Attention, les places partent vite.<\/p>\n<p><a href=\"https:\/\/www.chateau-apigne.fr\/fr\/\" target=\"_blank\" rel=\"noopener\">www.chateau-apigne.fr<\/a><\/p>\n<p>4 Projections spectaculaires et bal<\/p>\n<p>C\u2019est un classique,<a href=\"https:\/\/www.letelegramme.fr\/ille-et-vilaine\/rennes-35000\/dans-les-coulisses-des-illuminations-de-la-mairie-de-rennes-207308.php\" target=\"_blank\" rel=\"noopener\"> mais on se laisse toujours emporter par l\u2019ambiance<\/a>. Tous les soirs, du 19 d\u00e9cembre au 4 janvier, un spectacle familial est projet\u00e9 sur la fa\u00e7ade de l\u2019H\u00f4tel de Ville par la soci\u00e9t\u00e9 Spectaculaires. Il dure une vingtaine de minutes. Plusieurs s\u00e9ances ont lieu de 18 h \u00e0 21 h 40 et, le 31 d\u00e9cembre, jusqu\u2019au d\u00e9compte de la nouvelle ann\u00e9e. Gratuit. Envie d\u2019un peu plus ? Un bal d\u00e9marre ensuite au Libert\u00e9, de minuit \u00e0 5 h du matin.<\/p>\n<p><a href=\"https:\/\/www.tourisme-rennes.com\/\" target=\"_blank\" rel=\"noopener\">www.tourisme-rennes.com<\/a><\/p>\n<p>5 Rester chez soi<\/p>\n<p>Une allergie au gui ? Les illuminations vous filent le bourdon ? Offrez-vous une soir\u00e9e loin de la foule d\u00e9cha\u00een\u00e9e, des tontons pompettes et des gueuletons interminables. Pr\u00e9textez que vous avez la gastro, des punaises de lit ou une r\u00e9ception d\u00e9j\u00e0 pr\u00e9vue dans les jardins de l\u2019\u00c9lys\u00e9e. Affirmez \u00e0 chaque branche de la famille que, d\u00e9sol\u00e9, vous \u00eates d\u00e9j\u00e0 invit\u00e9 \u00e0 d\u00eener chez l\u2019autre. D\u00e9branchez le t\u00e9l\u00e9phone (enfin, mettez-le en mode avion). Alors ? On n\u2019est pas bien, l\u00e0, avec notre paquet de fraises Tagada et l\u2019int\u00e9grale de Downton Abbey \u00e0 revoir en boucle ? Plus qu\u2019\u00e0 esp\u00e9rer que vos voisins du dessus n\u2019aient pas pr\u00e9vu de faire la fiesta jusqu\u2019au bout de la nuit.<\/p>\n","protected":false},"excerpt":{"rendered":"1 Cabaret Moustache Envie d\u2019un d\u00eener dans l\u2019ambiance d\u2019une revue de music-hall revisit\u00e9e fa\u00e7on ann\u00e9es 80 ? Le&hellip;\n","protected":false},"author":2,"featured_media":623331,"comment_status":"","ping_status":"","sticky":false,"template":"","format":"standard","meta":{"footnotes":""},"categories":[2821],"tags":[1111,11,829,1777,674,1011,27,848,12,584,25],"class_list":{"0":"post-623330","1":"post","2":"type-post","3":"status-publish","4":"format-standard","5":"has-post-thumbnail","7":"category-rennes","8":"tag-actu","9":"tag-actualites","10":"tag-bretagne","11":"tag-eu","12":"tag-europe","13":"tag-fr","14":"tag-france","15":"tag-ille-et-vilaine","16":"tag-news","17":"tag-rennes","18":"tag-republique-francaise"},"share_on_mastodon":{"url":"https:\/\/pubeurope.com\/@fr\/115786049447311150","error":""},"_links":{"self":[{"href":"https:\/\/www.europesays.com\/fr\/wp-json\/wp\/v2\/posts\/623330","targetHints":{"allow":["GET"]}}],"collection":[{"href":"https:\/\/www.europesays.com\/fr\/wp-json\/wp\/v2\/posts"}],"about":[{"href":"https:\/\/www.europesays.com\/fr\/wp-json\/wp\/v2\/types\/post"}],"author":[{"embeddable":true,"href":"https:\/\/www.europesays.com\/fr\/wp-json\/wp\/v2\/users\/2"}],"replies":[{"embeddable":true,"href":"https:\/\/www.europesays.com\/fr\/wp-json\/wp\/v2\/comments?post=623330"}],"version-history":[{"count":0,"href":"https:\/\/www.europesays.com\/fr\/wp-json\/wp\/v2\/posts\/623330\/revisions"}],"wp:featuredmedia":[{"embeddable":true,"href":"https:\/\/www.europesays.com\/fr\/wp-json\/wp\/v2\/media\/623331"}],"wp:attachment":[{"href":"https:\/\/www.europesays.com\/fr\/wp-json\/wp\/v2\/media?parent=623330"}],"wp:term":[{"taxonomy":"category","embeddable":true,"href":"https:\/\/www.europesays.com\/fr\/wp-json\/wp\/v2\/categories?post=623330"},{"taxonomy":"post_tag","embeddable":true,"href":"https:\/\/www.europesays.com\/fr\/wp-json\/wp\/v2\/tags?post=623330"}],"curies":[{"name":"wp","href":"https:\/\/api.w.org\/{rel}","templated":true}]}}