{"id":623332,"date":"2025-12-26T13:14:12","date_gmt":"2025-12-26T13:14:12","guid":{"rendered":"https:\/\/www.europesays.com\/fr\/623332\/"},"modified":"2025-12-26T13:14:12","modified_gmt":"2025-12-26T13:14:12","slug":"place-saint-germain-un-megot-declenche-un-important-degagement-de-fumee","status":"publish","type":"post","link":"https:\/\/www.europesays.com\/fr\/623332\/","title":{"rendered":"place Saint-Germain : un m\u00e9got d\u00e9clenche un important d\u00e9gagement de fum\u00e9e"},"content":{"rendered":"<p style=\"text-align: justify;\" data-start=\"149\" data-end=\"232\">Un important dispositif de secours a \u00e9t\u00e9 d\u00e9ploy\u00e9 ce vendredi 26 d\u00e9cembre, en fin de matin\u00e9e, place Saint-Germain, dans le centre-ville de Rennes. Il intervenait en raison d\u2019un d\u00e9gagement de fum\u00e9e provenant des sous-sols d\u2019un immeuble situ\u00e9 au dessus du restaurant, Le B\u00e9n\u00e9dicte.<\/p>\n<p style=\"text-align: justify;\" data-start=\"544\" data-end=\"940\">Alert\u00e9s pour un feu de cave, les sapeurs-pompiers ont rapidement identifi\u00e9 l\u2019origine de l\u2019incident. \u00ab On avait de la fum\u00e9e qui se d\u00e9gageait du premier sous-sol \u00bb, explique le lieutenant Jacques Bellebeau. \u00ab On est en train de gratter et de d\u00e9garnir les d\u00e9tritus pour purger les derni\u00e8res fum\u00e9es \u00bb, pr\u00e9cise le lieutenant.<\/p>\n<blockquote>\n<p style=\"text-align: justify;\" data-start=\"544\" data-end=\"940\">Une ventilation m\u00e9canique a \u00e9galement \u00e9t\u00e9 mise en place afin d\u2019assainir les sous-sols.<\/p>\n<\/blockquote>\n<p style=\"text-align: justify;\" data-start=\"1273\" data-end=\"1555\">Comme souvent dans le centre historique, les secours ont engag\u00e9 un dispositif cons\u00e9quent par mesure de s\u00e9curit\u00e9 . Une quinzaine de pompiers, plusieurs engins et une \u00e9chelle \u00e9taient mobilis\u00e9s, tandis qu\u2019un second d\u00e9tachement restait en attente \u00e0 proximit\u00e9 (pont Pasteur) pour intervenir en renfort si n\u00e9cessaire.<\/p>\n<p style=\"text-align: justify;\" data-start=\"1557\" data-end=\"1824\">L\u2019incident n\u2019a fait aucun bless\u00e9 et n\u2019a pas entra\u00een\u00e9 de d\u00e9g\u00e2ts significatifs. L\u2019activit\u00e9 du restaurant voisin n\u2019a pas \u00e9t\u00e9 interrompue. L\u2019origine du sinistre pourrait \u00eatre li\u00e9e \u00e0 un m\u00e9got de cigarette encore allum\u00e9, jet\u00e9 dans un soupirail, qui, au contact d\u2019une accumulation de d\u00e9tritus, aurait provoqu\u00e9 ce sinistre.\u00a0<\/p>\n","protected":false},"excerpt":{"rendered":"Un important dispositif de secours a \u00e9t\u00e9 d\u00e9ploy\u00e9 ce vendredi 26 d\u00e9cembre, en fin de matin\u00e9e, place Saint-Germain,&hellip;\n","protected":false},"author":2,"featured_media":623333,"comment_status":"","ping_status":"","sticky":false,"template":"","format":"standard","meta":{"footnotes":""},"categories":[2821],"tags":[1111,11,829,1777,674,1011,27,12,584,25],"class_list":{"0":"post-623332","1":"post","2":"type-post","3":"status-publish","4":"format-standard","5":"has-post-thumbnail","7":"category-rennes","8":"tag-actu","9":"tag-actualites","10":"tag-bretagne","11":"tag-eu","12":"tag-europe","13":"tag-fr","14":"tag-france","15":"tag-news","16":"tag-rennes","17":"tag-republique-francaise"},"share_on_mastodon":{"url":"https:\/\/pubeurope.com\/@fr\/115786053261649244","error":""},"_links":{"self":[{"href":"https:\/\/www.europesays.com\/fr\/wp-json\/wp\/v2\/posts\/623332","targetHints":{"allow":["GET"]}}],"collection":[{"href":"https:\/\/www.europesays.com\/fr\/wp-json\/wp\/v2\/posts"}],"about":[{"href":"https:\/\/www.europesays.com\/fr\/wp-json\/wp\/v2\/types\/post"}],"author":[{"embeddable":true,"href":"https:\/\/www.europesays.com\/fr\/wp-json\/wp\/v2\/users\/2"}],"replies":[{"embeddable":true,"href":"https:\/\/www.europesays.com\/fr\/wp-json\/wp\/v2\/comments?post=623332"}],"version-history":[{"count":0,"href":"https:\/\/www.europesays.com\/fr\/wp-json\/wp\/v2\/posts\/623332\/revisions"}],"wp:featuredmedia":[{"embeddable":true,"href":"https:\/\/www.europesays.com\/fr\/wp-json\/wp\/v2\/media\/623333"}],"wp:attachment":[{"href":"https:\/\/www.europesays.com\/fr\/wp-json\/wp\/v2\/media?parent=623332"}],"wp:term":[{"taxonomy":"category","embeddable":true,"href":"https:\/\/www.europesays.com\/fr\/wp-json\/wp\/v2\/categories?post=623332"},{"taxonomy":"post_tag","embeddable":true,"href":"https:\/\/www.europesays.com\/fr\/wp-json\/wp\/v2\/tags?post=623332"}],"curies":[{"name":"wp","href":"https:\/\/api.w.org\/{rel}","templated":true}]}}