{"id":623350,"date":"2025-12-26T13:28:25","date_gmt":"2025-12-26T13:28:25","guid":{"rendered":"https:\/\/www.europesays.com\/fr\/623350\/"},"modified":"2025-12-26T13:28:25","modified_gmt":"2025-12-26T13:28:25","slug":"lille-cesar-toulemonde-prend-les-renes-de-generation-medef","status":"publish","type":"post","link":"https:\/\/www.europesays.com\/fr\/623350\/","title":{"rendered":"Lille : C\u00e9sar Toulemonde prend les r\u00eanes de G\u00e9n\u00e9ration Medef"},"content":{"rendered":"<p>Nouvelle pr\u00e9sidence chez\u00a0G\u00e9n\u00e9ration Medef Lille M\u00e9tropole. Maxence Wyts passera le flambeau le 20 janvier prochain, lors d&rsquo;une soir\u00e9e de passation,\u00a0\u00e0 C\u00e9sar Toulemonde, apr\u00e8s six ans \u00e0 la t\u00eate de l&rsquo;organisation de pr\u00e8s de\u00a080\u00a0membres.\u00a0<\/p>\n<p>\u00abIl est temps pour moi de passer le relais ! Si je le fais aujourd\u2019hui avec autant de s\u00e9r\u00e9nit\u00e9, c\u2019est parce que G\u00e9n\u00e9ration Medef\u00a0est solide. Vivant. Et port\u00e9 par une communaut\u00e9 engag\u00e9e que je remercie mille fois\u00bb, a d\u00e9clar\u00e9\u00a0le fondateur de La Quincaillerie.\u00a0<\/p>\n<p>Vice-pr\u00e9sidence<\/p>\n<p>C\u00e9sar Toulemonde est \u00e0 la t\u00eate de la soci\u00e9t\u00e9 de restauration lilloise Le\u00a0Comptoir volant.\u00a0\u00c0 ses c\u00f4t\u00e9s, Quentin Vandersoupel rejoint l\u2019aventure en tant que vice-pr\u00e9sident de G\u00e9n\u00e9ration Medef Lille M\u00e9tropole.<\/p>\n","protected":false},"excerpt":{"rendered":"Nouvelle pr\u00e9sidence chez\u00a0G\u00e9n\u00e9ration Medef Lille M\u00e9tropole. Maxence Wyts passera le flambeau le 20 janvier prochain, lors d&rsquo;une soir\u00e9e&hellip;\n","protected":false},"author":2,"featured_media":623351,"comment_status":"","ping_status":"","sticky":false,"template":"","format":"standard","meta":{"footnotes":""},"categories":[2815],"tags":[1111,11,1777,674,1011,27,811,1307,12,25],"class_list":{"0":"post-623350","1":"post","2":"type-post","3":"status-publish","4":"format-standard","5":"has-post-thumbnail","7":"category-lille","8":"tag-actu","9":"tag-actualites","10":"tag-eu","11":"tag-europe","12":"tag-fr","13":"tag-france","14":"tag-hauts-de-france","15":"tag-lille","16":"tag-news","17":"tag-republique-francaise"},"share_on_mastodon":{"url":"https:\/\/pubeurope.com\/@fr\/115786108418229607","error":""},"_links":{"self":[{"href":"https:\/\/www.europesays.com\/fr\/wp-json\/wp\/v2\/posts\/623350","targetHints":{"allow":["GET"]}}],"collection":[{"href":"https:\/\/www.europesays.com\/fr\/wp-json\/wp\/v2\/posts"}],"about":[{"href":"https:\/\/www.europesays.com\/fr\/wp-json\/wp\/v2\/types\/post"}],"author":[{"embeddable":true,"href":"https:\/\/www.europesays.com\/fr\/wp-json\/wp\/v2\/users\/2"}],"replies":[{"embeddable":true,"href":"https:\/\/www.europesays.com\/fr\/wp-json\/wp\/v2\/comments?post=623350"}],"version-history":[{"count":0,"href":"https:\/\/www.europesays.com\/fr\/wp-json\/wp\/v2\/posts\/623350\/revisions"}],"wp:featuredmedia":[{"embeddable":true,"href":"https:\/\/www.europesays.com\/fr\/wp-json\/wp\/v2\/media\/623351"}],"wp:attachment":[{"href":"https:\/\/www.europesays.com\/fr\/wp-json\/wp\/v2\/media?parent=623350"}],"wp:term":[{"taxonomy":"category","embeddable":true,"href":"https:\/\/www.europesays.com\/fr\/wp-json\/wp\/v2\/categories?post=623350"},{"taxonomy":"post_tag","embeddable":true,"href":"https:\/\/www.europesays.com\/fr\/wp-json\/wp\/v2\/tags?post=623350"}],"curies":[{"name":"wp","href":"https:\/\/api.w.org\/{rel}","templated":true}]}}