{"id":623354,"date":"2025-12-26T13:30:15","date_gmt":"2025-12-26T13:30:15","guid":{"rendered":"https:\/\/www.europesays.com\/fr\/623354\/"},"modified":"2025-12-26T13:30:15","modified_gmt":"2025-12-26T13:30:15","slug":"jean-louis-gasset-ex-entraineur-de-montpellier-et-de-marseille-est-mort","status":"publish","type":"post","link":"https:\/\/www.europesays.com\/fr\/623354\/","title":{"rendered":"Jean-Louis Gasset, ex-entra\u00eeneur de Montpellier et de Marseille, est mort"},"content":{"rendered":"<ul class=\"jsx-862013697 ArticleChapo__List\">\n<li class=\"jsx-862013697 ArticleChapo__List_Item flex\">L&rsquo;ex-entra\u00eeneur de football Jean-Louis Gasset est mort ce vendredi 26 d\u00e9cembre, \u00e0 l&rsquo;\u00e2ge de 72 ans.<\/li>\n<li class=\"jsx-862013697 ArticleChapo__List_Item flex\">Il avait notamment \u00e9t\u00e9 en charge de l&rsquo;\u00e9quipe premi\u00e8re de Montpellier, Marseille ou encore Saint-\u00c9tienne.<\/li>\n<li class=\"jsx-862013697 ArticleChapo__List_Item flex\">Il a aussi connu une carri\u00e8re d&rsquo;adjoint aupr\u00e8s de Laurent Blanc, notamment au PSG.<\/li>\n<\/ul>\n<p data-module=\"article-paragraph\" class=\"jsx-157965717 Paragraph Paragraph__End\">Une figure du football fran\u00e7ais s&rsquo;\u00e9teint. L&rsquo;entra\u00eeneur Jean-Louis Gasset est d\u00e9c\u00e9d\u00e9 ce vendredi 26 d\u00e9cembre, a annonc\u00e9 sur les r\u00e9seaux sociaux le club de Montpellier, qu&rsquo;il avait entra\u00een\u00e9 \u00e0 trois reprises.\u00a0<\/p>\n<blockquote data-testid=\"EmbedTwitter\" id=\"tweet-2004534685431374083-:R4ncmj9v79m:\" class=\"jsx-aeff1a1c40f54d7a twitter-tweet flex justify-center items-center\"><p>\ud83d\udcab Le MHSC a appris ce jour avec une immense tristesse la disparition de Jean-Louis Gasset.  Fils de Bernard Gasset, l\u2019un des membres fondateurs du club Pailladin aux c\u00f4t\u00e9s du Pr\u00e9sident Louis Nicollin, Jean-Louis a successivement \u00e9t\u00e9 joueur, \u00e9ducateur puis entra\u00eeneur de l\u2019\u00e9quipe\u2026  pic.twitter.com\/F48lz1CFBT \u2014 MHSC (@MontpellierHSC)  December 26, 2025<\/p><\/blockquote>\n<p data-module=\"article-paragraph\" class=\"jsx-157965717 Paragraph Paragraph__End\">\u00ab\u00a0Aujourd&rsquo;hui, le club montpelli\u00e9rain a perdu l&rsquo;une de ses figures embl\u00e9matiques\u00a0\u00bb, d\u00e9crit sur X le MHSC. \u00ab\u00a0Notre tristesse est immense lorsque l&rsquo;on se rappelle de son sourire, de sa voix inimitable et de son sens aiguis\u00e9 de la formule.\u00a0\u00bb<\/p>\n<p data-module=\"article-paragraph\" class=\"jsx-157965717 Paragraph Paragraph__End\"><strong>Plus d&rsquo;informations \u00e0 suivre&#8230;<\/strong><\/p>\n<p>T.A.<\/p>\n<p><script async src=\"https:\/\/platform.twitter.com\/widgets.js\" charset=\"utf-8\"><\/script><\/p>\n","protected":false},"excerpt":{"rendered":"L&rsquo;ex-entra\u00eeneur de football Jean-Louis Gasset est mort ce vendredi 26 d\u00e9cembre, \u00e0 l&rsquo;\u00e2ge de 72 ans. Il avait&hellip;\n","protected":false},"author":2,"featured_media":623355,"comment_status":"","ping_status":"","sticky":false,"template":"","format":"standard","meta":{"footnotes":""},"categories":[2814],"tags":[1111,11,1921,1777,674,63,1011,27,1922,884,12,1176,882,25,133,4712],"class_list":{"0":"post-623354","1":"post","2":"type-post","3":"status-publish","4":"format-standard","5":"has-post-thumbnail","7":"category-marseille","8":"tag-actu","9":"tag-actualites","10":"tag-article-video","11":"tag-eu","12":"tag-europe","13":"tag-football","14":"tag-fr","15":"tag-france","16":"tag-info","17":"tag-marseille","18":"tag-news","19":"tag-olympique-de-marseille","20":"tag-provence-alpes-cote-dazur","21":"tag-republique-francaise","22":"tag-video","23":"tag-video-sports"},"share_on_mastodon":{"url":"https:\/\/pubeurope.com\/@fr\/115786116339461553","error":""},"_links":{"self":[{"href":"https:\/\/www.europesays.com\/fr\/wp-json\/wp\/v2\/posts\/623354","targetHints":{"allow":["GET"]}}],"collection":[{"href":"https:\/\/www.europesays.com\/fr\/wp-json\/wp\/v2\/posts"}],"about":[{"href":"https:\/\/www.europesays.com\/fr\/wp-json\/wp\/v2\/types\/post"}],"author":[{"embeddable":true,"href":"https:\/\/www.europesays.com\/fr\/wp-json\/wp\/v2\/users\/2"}],"replies":[{"embeddable":true,"href":"https:\/\/www.europesays.com\/fr\/wp-json\/wp\/v2\/comments?post=623354"}],"version-history":[{"count":0,"href":"https:\/\/www.europesays.com\/fr\/wp-json\/wp\/v2\/posts\/623354\/revisions"}],"wp:featuredmedia":[{"embeddable":true,"href":"https:\/\/www.europesays.com\/fr\/wp-json\/wp\/v2\/media\/623355"}],"wp:attachment":[{"href":"https:\/\/www.europesays.com\/fr\/wp-json\/wp\/v2\/media?parent=623354"}],"wp:term":[{"taxonomy":"category","embeddable":true,"href":"https:\/\/www.europesays.com\/fr\/wp-json\/wp\/v2\/categories?post=623354"},{"taxonomy":"post_tag","embeddable":true,"href":"https:\/\/www.europesays.com\/fr\/wp-json\/wp\/v2\/tags?post=623354"}],"curies":[{"name":"wp","href":"https:\/\/api.w.org\/{rel}","templated":true}]}}