{"id":623361,"date":"2025-12-26T13:35:15","date_gmt":"2025-12-26T13:35:15","guid":{"rendered":"https:\/\/www.europesays.com\/fr\/623361\/"},"modified":"2025-12-26T13:35:15","modified_gmt":"2025-12-26T13:35:15","slug":"un-couple-poursuivi-a-paris-pour-avoir-escroque-pres-dune-trentaine-de-pretres-en-cinq-ans","status":"publish","type":"post","link":"https:\/\/www.europesays.com\/fr\/623361\/","title":{"rendered":"Un couple poursuivi \u00e0 Paris pour avoir escroqu\u00e9 pr\u00e8s d&rsquo;une trentaine de pr\u00eatres en cinq ans"},"content":{"rendered":"\n<p class=\"c-chapo \">\n  L&rsquo;homme de 69 ans harcelait ses victimes au titre de la \u00ab\u00a0charit\u00e9 chr\u00e9tienne\u00a0\u00bb. Lui et sa femme ont extorqu\u00e9 quelque 230 000 euros aux pr\u00eatres cibl\u00e9s.\n<\/p>\n<p>      lire plus tard<\/p>\n<p id=\"dialog__title\" class=\"dialog__title\">Pour sauvegarder cet article, connectez-vous ou cr\u00e9ez un compte franceinfo<\/p>\n<p class=\"dialog__description\">Sans paiement. Sans abonnement.<\/p>\n<p>        Fermer la fen\u00eatre d\u2019activation des notifications France Info<\/p>\n<p>      cr\u00e9er votre compte<\/p>\n<p>      se connecter<\/p>\n<p>      :<\/p>\n<p>        Fermer la fen\u00eatre de pr\u00e9sentation<\/p>\n<p>    <img loading=\"lazy\" decoding=\"async\" class=\"signature__image lazyload\" width=\"100\" height=\"100\" data- alt=\"\" src=\"https:\/\/www.europesays.com\/fr\/wp-content\/uploads\/2025\/05\/64a7df4c5fe71_placeholder-36b69ec8.png\"\/><\/p>\n<p>    Publi\u00e9 le 26\/12\/2025 13:54<\/p>\n<p>        Temps de lecture : 2min<\/p>\n<p>    <img decoding=\"async\"  alt=\"Des pr\u00eatres victimes d'extorsion de la part d'un couple de sexag\u00e9naires \u00e0 Paris. Photo d'illustration. (SPEICH Frederic \/ MAXPPP)\" width=\"432\" height=\"243\" src=\"https:\/\/www.europesays.com\/fr\/wp-content\/uploads\/2025\/12\/maxnewsworldsix127309-694e84ffb99fe668615387.jpg\" fetchpriority=\"high\"\/><\/p>\n<p>      Des pr\u00eatres victimes d&rsquo;extorsion de la part d&rsquo;un couple de sexag\u00e9naires \u00e0 Paris. Photo d&rsquo;illustration. (SPEICH Frederic \/ MAXPPP)<\/p>\n<p>Un couple soup\u00e7onn\u00e9 d\u2019avoir escroqu\u00e9 pendant plusieurs ann\u00e9es des pr\u00eatres parisiens a \u00e9t\u00e9 arr\u00eat\u00e9 et plac\u00e9 sous contr\u00f4le judiciaire, a appris vendredi 26 d\u00e9cembre franceinfo aupr\u00e8s du parquet de Paris, confirmant une information du <a href=\"https:\/\/www.leparisien.fr\/faits-divers\/paris-evariste-le-malchanceux-soupconne-davoir-escroque-32-pretres-pour-plus-de-230-000-euros-25-12-2025-QVMOQGXJ2JHNVGZT22PAVPJX64.php\" target=\"_blank\" rel=\"noopener\" data-tooltip-url=\"https:\/\/www.leparisien.fr\/faits-divers\/paris-evariste-le-malchanceux-soupconne-davoir-escroque-32-pretres-pour-plus-de-230-000-euros-25-12-2025-QVMOQGXJ2JHNVGZT22PAVPJX64.php\">Parisien<\/a>. Les mis en cause sont poursuivis pour escroquerie au pr\u00e9judice de personnes vuln\u00e9rables et de recel de biens provenant d\u2019une escroquerie aggrav\u00e9e. Selon une source proche du dossier, plus d&rsquo;une trentaine d&rsquo;eccl\u00e9siastiques ont pu \u00eatre victimes des deux suspects, qui seront jug\u00e9s en juin 2026. Le pr\u00e9judice est estim\u00e9 \u00e0 230\u00a0000\u00a0euros.<\/p>\n<p>C&rsquo;est sur la base d&rsquo;un signalement du dioc\u00e8se que les enqu\u00eateurs ont remont\u00e9 la piste d&rsquo;un homme de 69 ans, d\u00e9j\u00e0 connu des services de police, et de son \u00e9pouse, a appris franceinfo de source proche du dossier. L&rsquo;homme est soup\u00e7onn\u00e9 d&rsquo;avoir, pendant au moins cinq ans, correspondu avec pr\u00e8s d&rsquo;une trentaine de pr\u00eatres pour leur soutirer de l&rsquo;argent. Le mis en cause avait r\u00e9ussi \u00e0 se procurer les coordonn\u00e9es des eccl\u00e9siastiques cibl\u00e9s et leur \u00e9crivait principalement des lettres, parfois jusqu&rsquo;\u00e0 quatre par semaine. Moins fr\u00e9quemment, il s&rsquo;est adress\u00e9 \u00e0 eux par t\u00e9l\u00e9phone, voire dans certains cas rares, il est all\u00e9 sonner directement \u00e0 leur porte.<\/p>\n<p>L&rsquo;homme pr\u00e9tendait \u00eatre dans une situation difficile, relatant des soucis financiers ou de sant\u00e9, et jouait sur la corde de la \u00ab\u00a0charit\u00e9 chr\u00e9tienne\u00a0\u00bb. Toujours selon une source proche du dossier, il mettait en place une strat\u00e9gie de harc\u00e8lement pour obtenir de l&rsquo;argent de ses victimes. Au total, le pr\u00e9judice est estim\u00e9 \u00e0 230\u00a0000\u00a0euros.<\/p>\n<p>L&rsquo;homme a \u00e9t\u00e9 interpell\u00e9 il y a une quinzaine de jours et d\u00e9f\u00e9r\u00e9 avec sa femme \u00e0 l&rsquo;issue de sa garde \u00e0 vue, a indiqu\u00e9 le parquet de Paris, qui pr\u00e9cise qu&rsquo;ils seront jug\u00e9s le 8\u00a0juin 2026 \u00e0 Paris. Dans l&rsquo;attente de l&rsquo;audience, ils sont plac\u00e9s sous contr\u00f4le judiciaire avec, notamment, l&rsquo;interdiction de recevoir, rencontrer ou entrer en contact de quelque fa\u00e7on que ce soit avec les victimes. L&rsquo;enqu\u00eate a \u00e9t\u00e9 confi\u00e9e \u00e0 la brigade de r\u00e9pression de la d\u00e9linquance astucieuse (BRDA) de la police judiciaire parisienne.<\/p>\n","protected":false},"excerpt":{"rendered":"L&rsquo;homme de 69 ans harcelait ses victimes au titre de la \u00ab\u00a0charit\u00e9 chr\u00e9tienne\u00a0\u00bb. Lui et sa femme ont&hellip;\n","protected":false},"author":2,"featured_media":623362,"comment_status":"","ping_status":"","sticky":false,"template":"","format":"standard","meta":{"footnotes":""},"categories":[1888],"tags":[1111,1928,11,1927,1777,674,1011,27,12,1926,626,1925,25],"class_list":{"0":"post-623361","1":"post","2":"type-post","3":"status-publish","4":"format-standard","5":"has-post-thumbnail","7":"category-paris","8":"tag-actu","9":"tag-actu-paris","10":"tag-actualites","11":"tag-actualites-paris","12":"tag-eu","13":"tag-europe","14":"tag-fr","15":"tag-france","16":"tag-news","17":"tag-news-paris","18":"tag-paris","19":"tag-paris-news","20":"tag-republique-francaise"},"share_on_mastodon":{"url":"https:\/\/pubeurope.com\/@fr\/115786137140617248","error":""},"_links":{"self":[{"href":"https:\/\/www.europesays.com\/fr\/wp-json\/wp\/v2\/posts\/623361","targetHints":{"allow":["GET"]}}],"collection":[{"href":"https:\/\/www.europesays.com\/fr\/wp-json\/wp\/v2\/posts"}],"about":[{"href":"https:\/\/www.europesays.com\/fr\/wp-json\/wp\/v2\/types\/post"}],"author":[{"embeddable":true,"href":"https:\/\/www.europesays.com\/fr\/wp-json\/wp\/v2\/users\/2"}],"replies":[{"embeddable":true,"href":"https:\/\/www.europesays.com\/fr\/wp-json\/wp\/v2\/comments?post=623361"}],"version-history":[{"count":0,"href":"https:\/\/www.europesays.com\/fr\/wp-json\/wp\/v2\/posts\/623361\/revisions"}],"wp:featuredmedia":[{"embeddable":true,"href":"https:\/\/www.europesays.com\/fr\/wp-json\/wp\/v2\/media\/623362"}],"wp:attachment":[{"href":"https:\/\/www.europesays.com\/fr\/wp-json\/wp\/v2\/media?parent=623361"}],"wp:term":[{"taxonomy":"category","embeddable":true,"href":"https:\/\/www.europesays.com\/fr\/wp-json\/wp\/v2\/categories?post=623361"},{"taxonomy":"post_tag","embeddable":true,"href":"https:\/\/www.europesays.com\/fr\/wp-json\/wp\/v2\/tags?post=623361"}],"curies":[{"name":"wp","href":"https:\/\/api.w.org\/{rel}","templated":true}]}}