{"id":623363,"date":"2025-12-26T13:36:23","date_gmt":"2025-12-26T13:36:23","guid":{"rendered":"https:\/\/www.europesays.com\/fr\/623363\/"},"modified":"2025-12-26T13:36:23","modified_gmt":"2025-12-26T13:36:23","slug":"braquage-rate-dune-bijouterie-a-paris-les-cambrioleurs-termites-avaient-tout-prevu-mais-sont-tombes-sur-un-os","status":"publish","type":"post","link":"https:\/\/www.europesays.com\/fr\/623363\/","title":{"rendered":"Braquage rat\u00e9 d&rsquo;une bijouterie \u00e0 Paris : les cambrioleurs \u00ab\u00a0termites\u00a0\u00bb avaient tout pr\u00e9vu&#8230; mais sont tomb\u00e9s sur un os"},"content":{"rendered":"<ul class=\"jsx-862013697 ArticleChapo__List\">\n<li class=\"jsx-862013697 ArticleChapo__List_Item flex\">Des voleurs se sont introduits dans une bijouterie du 2\u00e8me arrondissement de Paris en passant par les sous-sols.<\/li>\n<li class=\"jsx-862013697 ArticleChapo__List_Item flex\">Mais \u00e0 une \u00e9tape du casse parfait, ils n&rsquo;ont pas r\u00e9ussi \u00e0 d\u00e9verrouiller le coffre-fort.<\/li>\n<li class=\"jsx-862013697 ArticleChapo__List_Item flex\">Le 20 heures de TF1 vous raconte.<\/li>\n<\/ul>\n<p><a href=\"https:\/\/www.tf1info.fr\/emissions\/tf1\/le-20h-11001\/\" rel=\"noopener\" class=\"jsx-484472199 Link jsx-1428418400 jsx-640816507\" target=\"_blank\"><\/p>\n<p style=\"font-weight:400\" class=\"jsx-1837267516\">Suivez la couverture compl\u00e8te<\/p>\n<p style=\"font-weight:800\" class=\"jsx-1837267516\">Le 20H<\/p>\n<p><\/a><\/p>\n<p data-module=\"article-paragraph\" class=\"jsx-157965717 Paragraph Paragraph__End\">L&rsquo;histoire est digne d&rsquo;un film. Il y a quelques jours, des <a href=\"https:\/\/www.tf1info.fr\/justice-faits-divers\/un-homme-de-33-ans-juge-ce-mercredi-17-decembre-2025-pour-67-cambriolages-en-quelques-semaines-2413308.html\" target=\"_blank\" rel=\"noopener\">cambrioleurs <\/a>ont p\u00e9n\u00e9tr\u00e9 dans une bijouterie parisienne sans se faire rep\u00e9rer. La boutique n&rsquo;a pas pignon sur rue et se trouve au milieu d&rsquo;un passage ferm\u00e9 la nuit. Pas question de fracturer la porte principale.<\/p>\n<p data-module=\"article-paragraph\" class=\"jsx-157965717 Paragraph Paragraph__End\">Alors les malfaiteurs ont opt\u00e9 pour une option plus originale : ils sont rentr\u00e9s par effraction dans une cave d&rsquo;un immeuble voisin, bien choisi, coll\u00e9 \u00e0 la bijouterie. En passant d&rsquo;une cave \u00e0 l&rsquo;autre, ils sont remont\u00e9s jusqu&rsquo;\u00e0 l&rsquo;int\u00e9rieur de la boutique. Ils sont parvenus \u00e0 neutraliser les cam\u00e9ras de vid\u00e9osurveillance et \u00e0 se diriger vers le coffre-fort, l\u00e0 o\u00f9 se trouvent tous les bijoux du magasin. Jusqu&rsquo;ici, le casse parfait.\u00a0<\/p>\n<p><img decoding=\"async\" src=\"https:\/\/www.europesays.com\/fr\/wp-content\/uploads\/2025\/12\/braquage-paris-1650-19e035-1@1x.jpeg\" alt=\"Capture TF1\" loading=\"lazy\" importance=\"low\" fetchpriority=\"low\" class=\"\" data-module=\"article-image\"\/>Capture TF1<\/p>\n<p data-module=\"article-paragraph\" class=\"jsx-157965717 Paragraph Paragraph__End\">Mais si proches du butin, les cambrioleurs n&rsquo;ont pas r\u00e9ussi&#8230; \u00e0 <a href=\"https:\/\/www.tf1info.fr\/justice-faits-divers\/charente-maritime-perigny-le-coffre-fort-d-un-magasin-derobe-a-l-aide-d-une-tractopelle-2389043.html\" target=\"_blank\" rel=\"noopener\">percer le coffre.<\/a> Une histoire \u00e0 peine croyable pour les habitants du quartier. \u00ab\u00a0\u00c7a fait tr\u00e8s roman ou film. Comment est-ce qu&rsquo;ils ont fait pour faire \u00e7a dans le secret ? Apr\u00e8s, l&rsquo;histoire du Louvre, en plus, \u00e7a fait de plus en plus d&rsquo;histoires rocambolesques\u00a0\u00bb, confie un jeune homme dans le reportage du 20H de TF1 visible en t\u00eate de cet article. \u00ab\u00a0Nous, on \u00e9tait \u00e0 c\u00f4t\u00e9, mais on n&rsquo;a pas entendu, en fait. Enfin, on a eu un gros bruit dans la nuit, mais bon&#8230; Et apr\u00e8s, le lendemain, on a entendu l&rsquo;alarme\u00a0\u00bb, raconte une autre.\u00a0<\/p>\n<p data-module=\"article-paragraph\" class=\"jsx-157965717 Paragraph Paragraph__End\">Les cambrioleurs se sont enfuis sans un seul bijou. Mais une question persiste : comment connaissaient-ils les lieux et leurs souterrains ? L&rsquo;enqu\u00eate devra le d\u00e9terminer. \u00ab\u00a0Dans le jargon policier, on appelle \u00e7a des termites. En g\u00e9n\u00e9ral, pendant des jours, m\u00eame souvent on s&rsquo;en est rendu compte pendant des semaines enti\u00e8res, ce type de cambrioleur va v\u00e9rifier, va scruter, va examiner les plans et va tester tel immeuble, tel mur, telle cave\u00a0\u00bb, d\u00e9taille Georges Brenier, sp\u00e9cialiste police-justice de TF1\/LCI. \u00a0<\/p>\n<p><a href=\"https:\/\/www.tf1info.fr\/justice-faits-divers\/on-aurait-pu-avoir-un-drame-ce-que-l-on-sait-du-braquage-de-la-manufacture-de-bijoux-a-besancon-2413833.html\" rel=\"noopener\" class=\"jsx-3308031228 Link flex\" target=\"_blank\"><img decoding=\"async\" src=\"https:\/\/www.europesays.com\/fr\/wp-content\/uploads\/2025\/12\/voiture-braquage-fabrique-bijoux-infog-de1719-0@1x.jpeg\" alt=\"Capture TF1\" loading=\"lazy\" importance=\"low\" fetchpriority=\"low\" class=\"\" aria-hidden=\"true\"\/><\/p>\n<p class=\"jsx-3657663356 ReadMoreArticle__Title\">Lire aussi<\/p>\n<p class=\"jsx-3657663356\">Violent braquage d&rsquo;une fabrique de bijoux \u00e0 Besan\u00e7on : que s&rsquo;est-il pass\u00e9 ?<\/p>\n<p><\/a><\/p>\n<p data-module=\"article-paragraph\" class=\"jsx-157965717 Paragraph\">C&rsquo;\u00e9tait le cas en d\u00e9cembre 2024 dans un autre immeuble parisien que montre notre reportage. Sur des images de vid\u00e9osurveillance, on voit deux cambrioleurs d\u00e9guis\u00e9s en ouvriers percer discr\u00e8tement le mur de WC pour acc\u00e9der \u00e0 une bijouterie situ\u00e9e de l&rsquo;autre c\u00f4t\u00e9. Les deux hommes, culott\u00e9s, avaient m\u00eame coll\u00e9 sur une porte de l&rsquo;immeuble un mot pour s&rsquo;excuser du bruit occasionn\u00e9, comme nous vous le racontions <a href=\"https:\/\/www.tf1info.fr\/justice-faits-divers\/video-reportage-cambriolages-a-paris-un-mot-pour-les-voisins-l-etonnant-mode-operatoire-du-gang-des-perceurs-desormais-sous-les-verrous-2330462.html\" target=\"_blank\" rel=\"noopener\">dans cet article<\/a>.\u00a0<\/p>\n<p data-module=\"article-paragraph\" class=\"jsx-157965717 Paragraph Paragraph__End\">Mais, observ\u00e9s n\u00e9anmoins par des voisins, ils avaient fini par prendre la fuite avant leur m\u00e9fait. Les deux r\u00e9cidivistes avaient ensuite \u00e9t\u00e9 interpell\u00e9s par les policiers et condamn\u00e9s \u00e0 deux ans de prison.\u00a0<\/p>\n<p>La r\u00e9daction de TF1info | Reportage : Suzanne PREZ et \u00c9lisa VAUDELET<\/p>\n","protected":false},"excerpt":{"rendered":"Des voleurs se sont introduits dans une bijouterie du 2\u00e8me arrondissement de Paris en passant par les sous-sols.&hellip;\n","protected":false},"author":2,"featured_media":623364,"comment_status":"","ping_status":"","sticky":false,"template":"","format":"standard","meta":{"footnotes":""},"categories":[1888],"tags":[1111,1928,11,1927,1921,1777,674,1011,27,1922,303,2954,2952,12,1926,626,1925,1072,25,133,2953],"class_list":{"0":"post-623363","1":"post","2":"type-post","3":"status-publish","4":"format-standard","5":"has-post-thumbnail","7":"category-paris","8":"tag-actu","9":"tag-actu-paris","10":"tag-actualites","11":"tag-actualites-paris","12":"tag-article-video","13":"tag-eu","14":"tag-europe","15":"tag-fr","16":"tag-france","17":"tag-info","18":"tag-justice","19":"tag-justice-et-faits-divers","20":"tag-le-20h","21":"tag-news","22":"tag-news-paris","23":"tag-paris","24":"tag-paris-news","25":"tag-police","26":"tag-republique-francaise","27":"tag-video","28":"tag-video-police"},"share_on_mastodon":{"url":"https:\/\/pubeurope.com\/@fr\/115786140034802427","error":""},"_links":{"self":[{"href":"https:\/\/www.europesays.com\/fr\/wp-json\/wp\/v2\/posts\/623363","targetHints":{"allow":["GET"]}}],"collection":[{"href":"https:\/\/www.europesays.com\/fr\/wp-json\/wp\/v2\/posts"}],"about":[{"href":"https:\/\/www.europesays.com\/fr\/wp-json\/wp\/v2\/types\/post"}],"author":[{"embeddable":true,"href":"https:\/\/www.europesays.com\/fr\/wp-json\/wp\/v2\/users\/2"}],"replies":[{"embeddable":true,"href":"https:\/\/www.europesays.com\/fr\/wp-json\/wp\/v2\/comments?post=623363"}],"version-history":[{"count":0,"href":"https:\/\/www.europesays.com\/fr\/wp-json\/wp\/v2\/posts\/623363\/revisions"}],"wp:featuredmedia":[{"embeddable":true,"href":"https:\/\/www.europesays.com\/fr\/wp-json\/wp\/v2\/media\/623364"}],"wp:attachment":[{"href":"https:\/\/www.europesays.com\/fr\/wp-json\/wp\/v2\/media?parent=623363"}],"wp:term":[{"taxonomy":"category","embeddable":true,"href":"https:\/\/www.europesays.com\/fr\/wp-json\/wp\/v2\/categories?post=623363"},{"taxonomy":"post_tag","embeddable":true,"href":"https:\/\/www.europesays.com\/fr\/wp-json\/wp\/v2\/tags?post=623363"}],"curies":[{"name":"wp","href":"https:\/\/api.w.org\/{rel}","templated":true}]}}