{"id":623365,"date":"2025-12-26T13:37:27","date_gmt":"2025-12-26T13:37:27","guid":{"rendered":"https:\/\/www.europesays.com\/fr\/623365\/"},"modified":"2025-12-26T13:37:27","modified_gmt":"2025-12-26T13:37:27","slug":"cravan-transforme-le-mois-sans-alcool-en-experience-premium","status":"publish","type":"post","link":"https:\/\/www.europesays.com\/fr\/623365\/","title":{"rendered":"CRAVAN transforme le mois sans alcool en exp\u00e9rience premium"},"content":{"rendered":"<p>Le mois de janvier est souvent synonyme de bonnes r\u00e9solutions et<br \/>\nde verres d\u2019eau gazeuse \u00e0 la place des bulles. Mais la sobri\u00e9t\u00e9<br \/>\npeut aussi \u00eatre un art de vivre. Avec ses <strong>deux recettes<br \/>\nsans alcool,<\/strong> CRAVAN red\u00e9finit le Dry January en exp\u00e9rience<br \/>\nchic et d\u00e9sirable.<\/p>\n<p>Un mois sans alcool, mais avec tout le plaisir du cocktail<\/p>\n<p>Oubliez l\u2019id\u00e9e d\u2019un janvier fade ou restrictif : avec CRAVAN, le<br \/>\nrituel du cocktail reste intact. Le geste du service, les saveurs,<br \/>\nla complexit\u00e9 aromatique\u2026 tout est l\u00e0, \u00e0 une nuance pr\u00e8s :<br \/>\n<strong>aucun degr\u00e9 d\u2019alcool<\/strong>.<\/p>\n<p><img loading=\"lazy\" decoding=\"async\" itemprop=\"thumbnailUrl\" class=\"aligncenter size-large wp-image-1196310 img-responsive pinit-here\" src=\"https:\/\/www.europesays.com\/fr\/wp-content\/uploads\/2025\/12\/image00010-683x1024.jpeg\" alt=\"\" width=\"683\" height=\"1024\" data-pin-media=\"https:\/\/www.grazia.fr\/wp-content\/uploads\/grazia\/2025\/10\/image00010-736x1104.jpeg\"\/><br \/>\n\u00a9<br \/>\nCravan<\/p>\n<p>Pens\u00e9es pour \u00eatre d\u00e9gust\u00e9es \u00e0 la maison, les recettes sans<br \/>\nalcool de CRAVAN reprennent les codes de son c\u00e9l\u00e8bre bar du<br \/>\nboulevard Saint-Germain. Chaque flacon concentre le savoir-faire du<br \/>\nfondateur <strong>Franck Audoux<\/strong>, connu pour son exigence<br \/>\ngustative et son approche \u00e9l\u00e9gante du cocktail.<\/p>\n<p>Deux cr\u00e9ations raffin\u00e9es pour prolonger l\u2019esprit festif<\/p>\n<p>La premi\u00e8re, <strong>Ginger<\/strong>, mise sur la puissance<br \/>\naromatique du gingembre, la fra\u00eecheur du citron et une<br \/>\neffervescence parfaitement dos\u00e9e. Un cocktail vif et tonique,<br \/>\nparfait pour ouvrir un d\u00eener ou accompagner une soir\u00e9e entre<br \/>\namis.<br \/>Prix : 17 \u20ac la bouteille de 500 ml.<\/p>\n<p><img loading=\"lazy\" decoding=\"async\" class=\"aligncenter size-large wp-image-1197716 img-responsive pinit-here\" src=\"https:\/\/www.europesays.com\/fr\/wp-content\/uploads\/2025\/12\/capture-decran-2025-10-30-a-18.17.12-563x1024.png\" alt=\"\" width=\"563\" height=\"1024\" data-pin-media=\"https:\/\/www.grazia.fr\/wp-content\/uploads\/grazia\/2025\/10\/capture-decran-2025-10-30-a-18.17.12.png\"\/><br \/>\n\u00a9<br \/>\nCravan<\/p>\n<p>La seconde, <strong>Tuileries<\/strong>, d\u00e9voile une composition<br \/>\nherbac\u00e9e de m\u00e9lisse, d\u2019ortie et de th\u00e9 infus\u00e9, relev\u00e9e d\u2019une<br \/>\namertume subtile. Une boisson apaisante, \u00e9quilibr\u00e9e, qui s\u2019accorde<br \/>\navec la douceur de l\u2019hiver.<br \/>Prix : 17 \u20ac la bouteille de 500 ml.<\/p>\n<p>Une nouvelle id\u00e9e du plaisir<\/p>\n<p>Servis tr\u00e8s frais, dans des verres pr\u00e9alablement r\u00e9frig\u00e9r\u00e9s (8 \u00e0<br \/>\n10 cl par portion), ces cocktails se d\u00e9gustent comme de<br \/>\n<strong>v\u00e9ritables cr\u00e9ations de mixologie<\/strong>. Ils se<br \/>\nconservent jusqu\u2019\u00e0 cinq jours au r\u00e9frig\u00e9rateur apr\u00e8s ouverture.<\/p>\n<p><img loading=\"lazy\" decoding=\"async\" class=\"aligncenter size-large wp-image-1196295 img-responsive pinit-here\" src=\"https:\/\/www.europesays.com\/fr\/wp-content\/uploads\/2025\/12\/image00004-1024x683.jpeg\" alt=\"\" width=\"1024\" height=\"683\" data-pin-media=\"https:\/\/www.grazia.fr\/wp-content\/uploads\/grazia\/2025\/10\/image00004-736x491.jpeg\"\/><br \/>\n\u00a9<br \/>\nCravan<\/p>\n<p>Avec CRAVAN, le Dry January devient un moment de plaisir pur :<br \/>\npas de renoncement, juste l\u2019envie de savourer autrement.<br \/>Plus d\u2019infos sur <a href=\"https:\/\/www.cravanparis.com\/en\/node\/82\" target=\"_blank\" rel=\"noopener nofollow\">cravanparis.com<\/a>.<\/p>\n","protected":false},"excerpt":{"rendered":"Le mois de janvier est souvent synonyme de bonnes r\u00e9solutions et de verres d\u2019eau gazeuse \u00e0 la place&hellip;\n","protected":false},"author":2,"featured_media":623366,"comment_status":"","ping_status":"","sticky":false,"template":"","format":"standard","meta":{"footnotes":""},"categories":[1888],"tags":[930,11,5702,73281,73279,3026,1777,674,6383,1011,27,73280,2561,12,626,301,25,4561,7784],"class_list":{"0":"post-623365","1":"post","2":"type-post","3":"status-publish","4":"format-standard","5":"has-post-thumbnail","7":"category-paris","8":"tag-le","9":"tag-actualites","10":"tag-alcool","11":"tag-cravan","12":"tag-dry","13":"tag-en","14":"tag-eu","15":"tag-europe","16":"tag-experience","17":"tag-fr","18":"tag-france","19":"tag-january","20":"tag-mois","21":"tag-news","22":"tag-paris","23":"tag-premium","24":"tag-republique-francaise","25":"tag-sans","26":"tag-transforme"},"share_on_mastodon":{"url":"https:\/\/pubeurope.com\/@fr\/115786144700846443","error":""},"_links":{"self":[{"href":"https:\/\/www.europesays.com\/fr\/wp-json\/wp\/v2\/posts\/623365","targetHints":{"allow":["GET"]}}],"collection":[{"href":"https:\/\/www.europesays.com\/fr\/wp-json\/wp\/v2\/posts"}],"about":[{"href":"https:\/\/www.europesays.com\/fr\/wp-json\/wp\/v2\/types\/post"}],"author":[{"embeddable":true,"href":"https:\/\/www.europesays.com\/fr\/wp-json\/wp\/v2\/users\/2"}],"replies":[{"embeddable":true,"href":"https:\/\/www.europesays.com\/fr\/wp-json\/wp\/v2\/comments?post=623365"}],"version-history":[{"count":0,"href":"https:\/\/www.europesays.com\/fr\/wp-json\/wp\/v2\/posts\/623365\/revisions"}],"wp:featuredmedia":[{"embeddable":true,"href":"https:\/\/www.europesays.com\/fr\/wp-json\/wp\/v2\/media\/623366"}],"wp:attachment":[{"href":"https:\/\/www.europesays.com\/fr\/wp-json\/wp\/v2\/media?parent=623365"}],"wp:term":[{"taxonomy":"category","embeddable":true,"href":"https:\/\/www.europesays.com\/fr\/wp-json\/wp\/v2\/categories?post=623365"},{"taxonomy":"post_tag","embeddable":true,"href":"https:\/\/www.europesays.com\/fr\/wp-json\/wp\/v2\/tags?post=623365"}],"curies":[{"name":"wp","href":"https:\/\/api.w.org\/{rel}","templated":true}]}}