{"id":623399,"date":"2025-12-26T14:01:18","date_gmt":"2025-12-26T14:01:18","guid":{"rendered":"https:\/\/www.europesays.com\/fr\/623399\/"},"modified":"2025-12-26T14:01:18","modified_gmt":"2025-12-26T14:01:18","slug":"le-bigdil-la-sentence-est-tombee-pour-vincent-lagaf","status":"publish","type":"post","link":"https:\/\/www.europesays.com\/fr\/623399\/","title":{"rendered":"Le Bigdil\u00a0: la sentence est tomb\u00e9e pour Vincent Lagaf\u2019"},"content":{"rendered":"<p>\n\t\t\t\t\t\tPubli\u00e9 le 26\/12\/2025 \u00e0 12:19<\/p>\n<p><strong>Vincent Lagaf\u2019<\/strong> animait une sp\u00e9ciale \u00ab\u00a0No\u00ebl\u00a0\u00bb du <strong> Bigdil<\/strong>  en prime time sur RMC Story ce jeudi 25 d\u00e9cembre 2025. La sentence est tomb\u00e9e pour l\u2019animateur du jeu\u2026<\/p>\n<p>Le retour du <a href=\"https:\/\/toutelatele.ouest-france.fr\/le-bigdil-1541\" target=\"_blank\" rel=\"noopener\"><strong> Bigdil<\/strong> <\/a> \u00e0 la t\u00e9l\u00e9vision a \u00e9t\u00e9 l\u2019un des moments forts de l\u2019ann\u00e9e 2025. Le jeu anim\u00e9 par <strong>Vincent Lagaf\u2019<\/strong> est diffus\u00e9 sur RMC Story chaque vendredi en prime time. <a href=\"https:\/\/toutelatele.ouest-france.fr\/le-bigdil-la-sentence-est-tombee-pour-vincent-lagaf-et-bill-172027\" class=\"spip_in\" target=\"_blank\" rel=\"noopener\">L\u2019\u00e9mission a permis \u00e0 la cha\u00eene d\u2019atteindre des audiences records<\/a> en janvier 2025 et puis les choses se sont compliqu\u00e9es\u2026<\/p>\n<p>En effet, <strong> Le Bigdil<\/strong>  a rapidement fait face \u00e0 une concurrence plus f\u00e9roce <a href=\"https:\/\/toutelatele.ouest-france.fr\/le-bigdil-vincent-lagaf-confronte-a-une-vraie-chute-sur-rmc-story-175124\" class=\"spip_in\" target=\"_blank\" rel=\"noopener\">et l\u2019audience a ensuite consid\u00e9rablement baiss\u00e9 au fil des semaines<\/a>, mais a conserv\u00e9 de bons scores avec le replay et aupr\u00e8s des cibles commerciales. \u00c0 la rentr\u00e9e, le jeu a \u00e9t\u00e9 renouvel\u00e9 pour une deuxi\u00e8me saison. Au bout de quelques semaines, face aux audiences d\u00e9cevantes, RMC Story a d\u00e9cid\u00e9 de basculer le programme sur la case du jeudi soir, <a href=\"https:\/\/toutelatele.ouest-france.fr\/vincent-lagaf-la-douche-froide-pour-le-bigdil-180990\" class=\"spip_in\" target=\"_blank\" rel=\"noopener\">mais la strat\u00e9gie ne s\u2019est pas av\u00e9r\u00e9e payante<\/a>.<\/p>\n<p>Audience d\u00e9cevante pour Le Bigdil sur RMC Story<\/p>\n<p>Ce jeudi 25 d\u00e9cembre 2025, RMC Story proposait un nouveau num\u00e9ro du <strong> Bigdil<\/strong>  sp\u00e9cial \u00ab\u00a0No\u00ebl\u00a0\u00bb en prime time. Cette \u00e9dition du jeu anim\u00e9 par Vincent Lagaf\u2019, propos\u00e9e entre 21h14 et 22h37, a r\u00e9uni 251 000 t\u00e9l\u00e9spectateurs, soit 1,5% de part de march\u00e9 sur les quatre ans et plus. <a href=\"https:\/\/toutelatele.ouest-france.fr\/audiences-tv-prime-jeudi-25-decembre-2025-booder-sur-tf1-s-incline-face-a-prodiges-le-roi-soleil-a-versailles-sur-m6-devance-par-cassandre-182197\" class=\"spip_in\" target=\"_blank\" rel=\"noopener\">RMC Story se classe huiti\u00e8me cha\u00eene TNT<\/a>, derri\u00e8re TMC, 6ter, W9, TF1 S\u00e9ries Films, Gulli, CStar et TFX, aupr\u00e8s de l\u2019ensemble du public.<\/p>\n<p>Sur la cible commerciale, ce num\u00e9ro in\u00e9dit du <strong> Bigdil<\/strong>  a s\u00e9duit 1,6% des femmes responsables des achats de moins de 50 ans. RMC Story se positionne \u00e9galement huiti\u00e8me cha\u00eene nationale aupr\u00e8s de cette cible, devanc\u00e9e par TMC, 6ter, Gulli, TF1 S\u00e9ries Films, W9, CStar et TFX.<\/p>\n<p>Vincent Lagaf\u2019 f\u00eate les un ans du Bigdil, RMC Story change encore de strat\u00e9gie<\/p>\n<p>Sur les 25-49 ans, cette \u00e9dition sp\u00e9ciale No\u00ebl du <strong> Bigdil<\/strong>  a f\u00e9d\u00e9r\u00e9 3% aupr\u00e8s de cette population. Sur cette cible, RMC Story se classe quatri\u00e8me cha\u00eene TNT, battue par la com\u00e9die culte <strong> Les Sous-dou\u00e9s<\/strong>  sur TMC, <strong> Seul au monde<\/strong>  sur 6ter, et <strong> Le big b\u00eatisier<\/strong>  sur TFX. Ainsi, la sentence des audiences est tomb\u00e9e pour Vincent Lagaf\u2019.<\/p>\n<p>La semaine prochaine, le jeudi 1er janvier 2026, RMC Story proposera un nouveau num\u00e9ro du <strong> Bigdil<\/strong>  sp\u00e9cial \u00ab\u00a0Nouvelle ann\u00e9e\u00a0\u00bb. Au programme de cet \u00e9pisode, plusieurs \u00e9preuves comme\u00a0: \u00ab\u00a0\u00c9clate-moi si tu peux\u00a0\u00bb, \u00ab\u00a0le TOP 3\u00a0\u00bb, \u00ab\u00a0la wishlist\u00a0\u00bb, ou encore \u00ab\u00a0le dessin \u00e0 l\u2019aveugle\u00a0\u00bb. Cette soir\u00e9e sera \u00e9galement l\u2019occasion de c\u00e9l\u00e9brer le premier anniversaire du retour de l\u2019\u00e9mission.<\/p>\n<p><strong> Le Bigdil<\/strong>  est \u00e0 retrouver le jeudi 1er janvier 2026 en prime time sur RMC Story. En revanche, d\u00e8s la semaine suivante, la cha\u00eene change encore de strat\u00e9gie puisque le jeu anim\u00e9 par Vincent Lagaf\u2019 repasse sur la case du vendredi. Ainsi, d\u00e8s le 9 janvier 2026, l\u2019\u00e9mission sera de nouveau propos\u00e9e chaque vendredi en prime time.<\/p>\n","protected":false},"excerpt":{"rendered":"Publi\u00e9 le 26\/12\/2025 \u00e0 12:19 Vincent Lagaf\u2019 animait une sp\u00e9ciale \u00ab\u00a0No\u00ebl\u00a0\u00bb du Bigdil en prime time sur RMC&hellip;\n","protected":false},"author":2,"featured_media":623400,"comment_status":"","ping_status":"","sticky":false,"template":"","format":"standard","meta":{"footnotes":""},"categories":[1356],"tags":[58,59,1011,27,252,1364],"class_list":{"0":"post-623399","1":"post","2":"type-post","3":"status-publish","4":"format-standard","5":"has-post-thumbnail","7":"category-television","8":"tag-divertissement","9":"tag-entertainment","10":"tag-fr","11":"tag-france","12":"tag-television","13":"tag-tv"},"share_on_mastodon":{"url":"","error":""},"_links":{"self":[{"href":"https:\/\/www.europesays.com\/fr\/wp-json\/wp\/v2\/posts\/623399","targetHints":{"allow":["GET"]}}],"collection":[{"href":"https:\/\/www.europesays.com\/fr\/wp-json\/wp\/v2\/posts"}],"about":[{"href":"https:\/\/www.europesays.com\/fr\/wp-json\/wp\/v2\/types\/post"}],"author":[{"embeddable":true,"href":"https:\/\/www.europesays.com\/fr\/wp-json\/wp\/v2\/users\/2"}],"replies":[{"embeddable":true,"href":"https:\/\/www.europesays.com\/fr\/wp-json\/wp\/v2\/comments?post=623399"}],"version-history":[{"count":0,"href":"https:\/\/www.europesays.com\/fr\/wp-json\/wp\/v2\/posts\/623399\/revisions"}],"wp:featuredmedia":[{"embeddable":true,"href":"https:\/\/www.europesays.com\/fr\/wp-json\/wp\/v2\/media\/623400"}],"wp:attachment":[{"href":"https:\/\/www.europesays.com\/fr\/wp-json\/wp\/v2\/media?parent=623399"}],"wp:term":[{"taxonomy":"category","embeddable":true,"href":"https:\/\/www.europesays.com\/fr\/wp-json\/wp\/v2\/categories?post=623399"},{"taxonomy":"post_tag","embeddable":true,"href":"https:\/\/www.europesays.com\/fr\/wp-json\/wp\/v2\/tags?post=623399"}],"curies":[{"name":"wp","href":"https:\/\/api.w.org\/{rel}","templated":true}]}}