{"id":623423,"date":"2025-12-26T14:14:17","date_gmt":"2025-12-26T14:14:17","guid":{"rendered":"https:\/\/www.europesays.com\/fr\/623423\/"},"modified":"2025-12-26T14:14:17","modified_gmt":"2025-12-26T14:14:17","slug":"meurthe-et-moselle-un-chien-meurt-intoxique-dans-un-incendie-survenu-ce-matin-a-frouard","status":"publish","type":"post","link":"https:\/\/www.europesays.com\/fr\/623423\/","title":{"rendered":"Meurthe-et-Moselle. Un chien meurt intoxiqu\u00e9 dans un incendie survenu ce matin \u00e0\u00a0Frouard"},"content":{"rendered":"<p>Ce vendredi 26\u00a0d\u00e9cembre vers 7\u00a0h\u00a030, les pompiers de la caserne de Pompey ont \u00e9t\u00e9 appel\u00e9s pour circonscrire l\u2019incendie d\u2019une maison situ\u00e9e au 63 rue du G\u00e9n\u00e9ral Langlois.<\/p>\n<p>\u00c0 ce stade, aucune victime humaine ne serait \u00e0 d\u00e9plorer, mais malheureusement, un chien a p\u00e9ri suite \u00e0 une intoxication au monoxyde de carbone. Il a \u00e9t\u00e9 pris en charge par la soci\u00e9t\u00e9 SACPA (Soci\u00e9t\u00e9 d\u2019assistance pour le contr\u00f4le des populations animales).<\/p>\n<p>Pas de d\u00e9g\u00e2t structurel important n\u2019est \u00e0 constater. Cependant, \u00e0 l\u2019int\u00e9rieur de l\u2019habitation, les pi\u00e8ces sont fortement noircies par la fum\u00e9e.<\/p>\n<p>Les services techniques municipaux ont \u00e9t\u00e9 \u00e9galement appel\u00e9s pour proc\u00e9der au salage de la rue, la temp\u00e9rature n\u00e9gative gelant la chauss\u00e9e.<\/p>\n<p>Un protocole de d\u00e9senfumage a \u00e9t\u00e9 mis en place par les pompiers qui ont quitt\u00e9 les lieux vers 10\u00a0h.<\/p>\n<p>L\u2019origine du sinistre n\u2019est pas, pour l\u2019instant, clairement \u00e9tablie.<\/p>\n","protected":false},"excerpt":{"rendered":"Ce vendredi 26\u00a0d\u00e9cembre vers 7\u00a0h\u00a030, les pompiers de la caserne de Pompey ont \u00e9t\u00e9 appel\u00e9s pour circonscrire l\u2019incendie&hellip;\n","protected":false},"author":2,"featured_media":623424,"comment_status":"","ping_status":"","sticky":false,"template":"","format":"standard","meta":{"footnotes":""},"categories":[9635],"tags":[1111,11,9661,1704,1777,674,274,1011,27,9660,775,1310,1702,12,25],"class_list":{"0":"post-623423","1":"post","2":"type-post","3":"status-publish","4":"format-standard","5":"has-post-thumbnail","7":"category-nancy","8":"tag-actu","9":"tag-actualites","10":"tag-cc-du-bassin-de-pompey-54b1","11":"tag-edition-nancy-et-agglomeration","12":"tag-eu","13":"tag-europe","14":"tag-faits-divers-justice","15":"tag-fr","16":"tag-france","17":"tag-frouard","18":"tag-grand-est","19":"tag-incendie","20":"tag-nancy","21":"tag-news","22":"tag-republique-francaise"},"share_on_mastodon":{"url":"https:\/\/pubeurope.com\/@fr\/115786289324212641","error":""},"_links":{"self":[{"href":"https:\/\/www.europesays.com\/fr\/wp-json\/wp\/v2\/posts\/623423","targetHints":{"allow":["GET"]}}],"collection":[{"href":"https:\/\/www.europesays.com\/fr\/wp-json\/wp\/v2\/posts"}],"about":[{"href":"https:\/\/www.europesays.com\/fr\/wp-json\/wp\/v2\/types\/post"}],"author":[{"embeddable":true,"href":"https:\/\/www.europesays.com\/fr\/wp-json\/wp\/v2\/users\/2"}],"replies":[{"embeddable":true,"href":"https:\/\/www.europesays.com\/fr\/wp-json\/wp\/v2\/comments?post=623423"}],"version-history":[{"count":0,"href":"https:\/\/www.europesays.com\/fr\/wp-json\/wp\/v2\/posts\/623423\/revisions"}],"wp:featuredmedia":[{"embeddable":true,"href":"https:\/\/www.europesays.com\/fr\/wp-json\/wp\/v2\/media\/623424"}],"wp:attachment":[{"href":"https:\/\/www.europesays.com\/fr\/wp-json\/wp\/v2\/media?parent=623423"}],"wp:term":[{"taxonomy":"category","embeddable":true,"href":"https:\/\/www.europesays.com\/fr\/wp-json\/wp\/v2\/categories?post=623423"},{"taxonomy":"post_tag","embeddable":true,"href":"https:\/\/www.europesays.com\/fr\/wp-json\/wp\/v2\/tags?post=623423"}],"curies":[{"name":"wp","href":"https:\/\/api.w.org\/{rel}","templated":true}]}}