{"id":623425,"date":"2025-12-26T14:15:25","date_gmt":"2025-12-26T14:15:25","guid":{"rendered":"https:\/\/www.europesays.com\/fr\/623425\/"},"modified":"2025-12-26T14:15:25","modified_gmt":"2025-12-26T14:15:25","slug":"basket-ball-elite-en-direct-suivez-le-match-elan-chalon","status":"publish","type":"post","link":"https:\/\/www.europesays.com\/fr\/623425\/","title":{"rendered":"Basket-ball &#8211; \u00c9lite. En direct \u00a0: suivez le match \u00c9lan Chalon"},"content":{"rendered":"<p>La course \u00e0 la qualification pour la Leaders Cup fait rage, notamment entre l&rsquo;\u00c9lan Chalon et le Sluc Nancy qui s&rsquo;affrontent ce vendredi au Colis\u00e9e (\u00e0 17h) et qui restent chacun sur deux d\u00e9faites en championnat. Un match \u00e0 suivre en direct comment\u00e9 \u00e0 partir de 16 heures 45&#8230;<\/p>\n<p>&#13;<br \/>\n              M.R. &#8211; &#13;<br \/>\n        &#13;<br \/>\n          Aujourd&rsquo;hui \u00e0 14:18&#13;<br \/>\n    &#13;<br \/>\n                  | mis \u00e0 jour aujourd&rsquo;hui \u00e0 14:42&#13;<br \/>\n              &#8211; Temps de lecture : &#13;<br \/>\n  &#13;\n<\/p>\n<p>                        &#13;<br \/>\n    &#13;<br \/>\n    &#13;<br \/>\n    <a href=\"https:\/\/cdn-s-www.lejsl.com\/images\/E42668E5-E324-4B95-8730-B244F2F74BB9\/NW_raw\/leray-dans-ses-oeuvres-photo-ketty-beyondas-1766755541.jpg\" title=\"Leray dans ses oeuvres. Photo Ketty Beyondas\" class=\"chocolat-image GA-tracking\" data-ga_type=\"click\" data-ga_category=\"D\u00e9tail\" data-ga_action=\"zoomer\" data-ga_label=\"aggrandir image\" target=\"_blank\" rel=\"noopener\">&#13;<br \/>\n        <img src=\"https:\/\/www.europesays.com\/fr\/wp-content\/uploads\/2025\/12\/leray-dans-ses-oeuvres-photo-ketty-beyondas-1766755541.jpg\"   alt=\"Leray dans ses oeuvres. Photo Ketty Beyondas\" fetchpriority=\"high\" decoding=\"async\" data-mobile=\"NW_detail_M|1766755541\" data-base=\"NW_detail|1766755541\"\/>&#13;<br \/>\n    <\/a>&#13;<br \/>\n    Leray dans ses oeuvres. Photo Ketty Beyondas<\/p>\n","protected":false},"excerpt":{"rendered":"La course \u00e0 la qualification pour la Leaders Cup fait rage, notamment entre l&rsquo;\u00c9lan Chalon et le Sluc&hellip;\n","protected":false},"author":2,"featured_media":623426,"comment_status":"","ping_status":"","sticky":false,"template":"","format":"standard","meta":{"footnotes":""},"categories":[9635],"tags":[1111,11,1791,11031,11605,6238,11032,12256,1777,674,1701,1011,27,775,1702,12,25,6003,517],"class_list":{"0":"post-623425","1":"post","2":"type-post","3":"status-publish","4":"format-standard","5":"has-post-thumbnail","7":"category-nancy","8":"tag-actu","9":"tag-actualites","10":"tag-basket-ball","11":"tag-chalon-bassin","12":"tag-chalon-sur-saone","13":"tag-edition-bresse","14":"tag-edition-chalon-sur-saone","15":"tag-elan-chalon-basket","16":"tag-eu","17":"tag-europe","18":"tag-fil-info-sport","19":"tag-fr","20":"tag-france","21":"tag-grand-est","22":"tag-nancy","23":"tag-news","24":"tag-republique-francaise","25":"tag-saone-et-loire","26":"tag-sport"},"share_on_mastodon":{"url":"https:\/\/pubeurope.com\/@fr\/115786294276893336","error":""},"_links":{"self":[{"href":"https:\/\/www.europesays.com\/fr\/wp-json\/wp\/v2\/posts\/623425","targetHints":{"allow":["GET"]}}],"collection":[{"href":"https:\/\/www.europesays.com\/fr\/wp-json\/wp\/v2\/posts"}],"about":[{"href":"https:\/\/www.europesays.com\/fr\/wp-json\/wp\/v2\/types\/post"}],"author":[{"embeddable":true,"href":"https:\/\/www.europesays.com\/fr\/wp-json\/wp\/v2\/users\/2"}],"replies":[{"embeddable":true,"href":"https:\/\/www.europesays.com\/fr\/wp-json\/wp\/v2\/comments?post=623425"}],"version-history":[{"count":0,"href":"https:\/\/www.europesays.com\/fr\/wp-json\/wp\/v2\/posts\/623425\/revisions"}],"wp:featuredmedia":[{"embeddable":true,"href":"https:\/\/www.europesays.com\/fr\/wp-json\/wp\/v2\/media\/623426"}],"wp:attachment":[{"href":"https:\/\/www.europesays.com\/fr\/wp-json\/wp\/v2\/media?parent=623425"}],"wp:term":[{"taxonomy":"category","embeddable":true,"href":"https:\/\/www.europesays.com\/fr\/wp-json\/wp\/v2\/categories?post=623425"},{"taxonomy":"post_tag","embeddable":true,"href":"https:\/\/www.europesays.com\/fr\/wp-json\/wp\/v2\/tags?post=623425"}],"curies":[{"name":"wp","href":"https:\/\/api.w.org\/{rel}","templated":true}]}}