{"id":623439,"date":"2025-12-26T14:26:14","date_gmt":"2025-12-26T14:26:14","guid":{"rendered":"https:\/\/www.europesays.com\/fr\/623439\/"},"modified":"2025-12-26T14:26:14","modified_gmt":"2025-12-26T14:26:14","slug":"une-personne-en-arret-cardiorespiratoire-evacuee-a-grenoble","status":"publish","type":"post","link":"https:\/\/www.europesays.com\/fr\/623439\/","title":{"rendered":"une personne en arr\u00eat cardiorespiratoire \u00e9vacu\u00e9e \u00e0 Grenoble"},"content":{"rendered":"<p>Ce vendredi 26\u00a0d\u00e9cembre un peu avant midi, une avalanche a emport\u00e9 un groupe de skieurs dont un professionnel sur un itin\u00e9raire hors-piste \u00e0 La\u00a0Plagne. La coul\u00e9e a fait deux bless\u00e9s, dont une personne retrouv\u00e9e en arr\u00eat cardiorespiratoire et une autre polytraumatis\u00e9e \u00e9vacu\u00e9e en urgence \u00e0 l\u2019h\u00f4pital de Grenoble. La troisi\u00e8me personne, qui s\u2019est d\u00e9gag\u00e9e d\u2019elle-m\u00eame, ne pr\u00e9sentait pas de blessures. Elle a \u00e9t\u00e9 emmen\u00e9e \u00e0 l\u2019h\u00f4pital de Bourg-Saint-Maurice. \u00c0 l\u2019heure o\u00f9 nous \u00e9crivons ces lignes, aucun mort n\u2019est \u00e0 d\u00e9plorer.<\/p>\n<p>L\u2019alerte a \u00e9t\u00e9 donn\u00e9e \u00e0 11\u00a0h\u00a047 au service des pistes de La\u00a0Plagne. Une premi\u00e8re plaque de neige large de 2 m\u00e8tres est partie au niveau du couloir de Rodzins, un itin\u00e9raire hors-piste sur la Face Nord de Bellec\u00f4te. Puis une seconde dont la largeur atteint 200 m\u00e8tres. Trois personnes sont ensevelies sous la coul\u00e9e form\u00e9e, dont un professionnel de La\u00a0Plagne qui encadrait le groupe de skieurs.<\/p>\n<p>Les pisteurs se rendent imm\u00e9diatement sur place. Le Peloton de gendarmerie de haute montagne (PGHM) Savoie engage deux h\u00e9licopt\u00e8res sur place avec \u00e0 bord cinq secouristes, deux m\u00e9decins et un ma\u00eetre-chien. \u00c0 12\u00a0h\u00a010, deux personnes sont retrouv\u00e9es gr\u00e2ce \u00e0 leurs d\u00e9tecteurs de victime d\u2019avalanche (DVA) qu\u2019elles portaient.<\/p>\n<p>Un skieur est retrouv\u00e9 en arr\u00eat cardiorespiratoire. Apr\u00e8s quinze minutes de massage cardiaque, son c\u0153ur est reparti. Le second, second, est polytraumatis\u00e9. Un premier h\u00e9licopt\u00e8re emm\u00e8ne les deux bless\u00e9s en urgence au centre hospitalo-universitaire (CHU) de Grenoble.<\/p>\n<p>Le troisi\u00e8me skieur, partiellement enseveli, se d\u00e9gage d\u2019elle-m\u00eame de la coul\u00e9e. Ne souffrant d\u2019aucune blessure apparente, la personne est retrouv\u00e9e en \u00e9tat de choc par les secouristes d\u00e9p\u00each\u00e9s sur place. Un h\u00e9licopt\u00e8re l\u2019\u00e9vacue sur le centre hospitalier de Bourg-Saint-Maurice pour des examens.<\/p>\n<p>Le risque avalanche en ce vendredi 26\u00a0d\u00e9cembre \u00e9tait de 2 sur 5 selon le dernier bulletin d\u2019estimation du risque avalanche (BRA), produit par M\u00e9t\u00e9o France.<\/p>\n","protected":false},"excerpt":{"rendered":"Ce vendredi 26\u00a0d\u00e9cembre un peu avant midi, une avalanche a emport\u00e9 un groupe de skieurs dont un professionnel&hellip;\n","protected":false},"author":2,"featured_media":623440,"comment_status":"","ping_status":"","sticky":false,"template":"","format":"standard","meta":{"footnotes":""},"categories":[9566],"tags":[119,1111,11,2430,7003,1777,674,274,107,1011,27,2731,27805,12,25,5508,273],"class_list":{"0":"post-623439","1":"post","2":"type-post","3":"status-publish","4":"format-standard","5":"has-post-thumbnail","7":"category-grenoble","8":"tag-accident","9":"tag-actu","10":"tag-actualites","11":"tag-auvergne-rhone-alpes","12":"tag-edition-tarentaise-maurienne","13":"tag-eu","14":"tag-europe","15":"tag-faits-divers-justice","16":"tag-fil-info","17":"tag-fr","18":"tag-france","19":"tag-grenoble","20":"tag-la-plagne-tarentaise","21":"tag-news","22":"tag-republique-francaise","23":"tag-savoie","24":"tag-selection-de-la-redaction"},"share_on_mastodon":{"url":"https:\/\/pubeurope.com\/@fr\/115786336444142683","error":""},"_links":{"self":[{"href":"https:\/\/www.europesays.com\/fr\/wp-json\/wp\/v2\/posts\/623439","targetHints":{"allow":["GET"]}}],"collection":[{"href":"https:\/\/www.europesays.com\/fr\/wp-json\/wp\/v2\/posts"}],"about":[{"href":"https:\/\/www.europesays.com\/fr\/wp-json\/wp\/v2\/types\/post"}],"author":[{"embeddable":true,"href":"https:\/\/www.europesays.com\/fr\/wp-json\/wp\/v2\/users\/2"}],"replies":[{"embeddable":true,"href":"https:\/\/www.europesays.com\/fr\/wp-json\/wp\/v2\/comments?post=623439"}],"version-history":[{"count":0,"href":"https:\/\/www.europesays.com\/fr\/wp-json\/wp\/v2\/posts\/623439\/revisions"}],"wp:featuredmedia":[{"embeddable":true,"href":"https:\/\/www.europesays.com\/fr\/wp-json\/wp\/v2\/media\/623440"}],"wp:attachment":[{"href":"https:\/\/www.europesays.com\/fr\/wp-json\/wp\/v2\/media?parent=623439"}],"wp:term":[{"taxonomy":"category","embeddable":true,"href":"https:\/\/www.europesays.com\/fr\/wp-json\/wp\/v2\/categories?post=623439"},{"taxonomy":"post_tag","embeddable":true,"href":"https:\/\/www.europesays.com\/fr\/wp-json\/wp\/v2\/tags?post=623439"}],"curies":[{"name":"wp","href":"https:\/\/api.w.org\/{rel}","templated":true}]}}