{"id":623443,"date":"2025-12-26T14:28:24","date_gmt":"2025-12-26T14:28:24","guid":{"rendered":"https:\/\/www.europesays.com\/fr\/623443\/"},"modified":"2025-12-26T14:28:24","modified_gmt":"2025-12-26T14:28:24","slug":"fete-foraine-cine-que-faire-en-ce-dernier-week-end-de-lannee-2025-voici-nos-idees-de-sorties-a-rennes","status":"publish","type":"post","link":"https:\/\/www.europesays.com\/fr\/623443\/","title":{"rendered":"F\u00eate foraine, cin\u00e9&#8230; Que faire en ce dernier week-end de l&rsquo;ann\u00e9e 2025 ? Voici nos id\u00e9es de sorties \u00e0 Rennes"},"content":{"rendered":"<p>                    Par<br \/>\n        <strong><br \/>\n            <a href=\"https:\/\/actu.fr\/auteur\/clemence-pays02-actu-fr\" title=\"Consulter tous les articles de Cl\u00e9mence Pays\" target=\"_blank\" rel=\"noopener\">Cl\u00e9mence Pays<\/a><br \/>\n                    <\/strong><\/p>\n<p>        Publi\u00e9 le<\/p>\n<p>            26 d\u00e9c. 2025 \u00e0 12h51        <\/p>\n<p>Apr\u00e8s avoir assur\u00e9 les pr\u00e9paratifs de <a href=\"https:\/\/actu.fr\/tag\/noel-a-rennes\" target=\"_blank\" rel=\"noopener\">No\u00ebl<\/a> et encha\u00een\u00e9 les repas de plusieurs heures \u2013 ou apr\u00e8s avoir travaill\u00e9 toute la semaine pour les plus courageux \u2013 le week-end est bienvenu. Pour s\u2019accorder une pause bien m\u00e9rit\u00e9e, <a href=\"https:\/\/actu.fr\/bretagne\/rennes_35238\/alerte-grand-froid-toute-la-bretagne-reste-placee-en-vigilance-les-previsions-meteo_63623316.html\" target=\"_blank\" rel=\"noopener\">profiter du soleil malgr\u00e9 le froid<\/a>, ou encore partager un moment entre amis ou en famille, la r\u00e9daction d\u2019<a href=\"https:\/\/actu.fr\/rennes\/\" target=\"_blank\" rel=\"noopener\">actu Rennes<\/a> vous a concoct\u00e9 une s\u00e9lection d\u2019<strong>id\u00e9es de sorties<\/strong> \u00e0 faire ce week-end<strong> du 26 au 28\u00a0d\u00e9cembre 2025.<\/strong><\/p>\n<p>Un No\u00ebl avec la famille qu\u2019on se choisit<\/p>\n<p class=\" wall-content\">Le bar Les paradis perdus propose une soir\u00e9e de<strong> \u00ab\u00a0No\u00ebl des familles (oui, mais choisie)\u00a0\u00bb,<\/strong> ce vendredi.<\/p>\n<p class=\" wall-content\">Au programme, un <strong>menu de f\u00eate<\/strong> avec \u00ab\u2009des plats bien gras, des trucs tr\u00e8s farci.es et du dessert compl\u00e8tement marron\u2009\u00bb.<\/p>\n<p class=\" wall-content\"><a href=\"https:\/\/www.instagram.com\/p\/DSQDfyxAuxS\/embed\" title=\"Ouvrir le lien sur Instagram\" target=\"_blank\" rel=\"noopener\">Visualiser le contenu sur Instagram<\/a><\/p>\n<p class=\" wall-content\">Il y aura aussi un sapin, de la <strong>musique,<\/strong> \u00ab\u2009des rires et beaucoup d\u2019amour\u2009\u00bb. Chacun des participants est invit\u00e9 \u00e0 apporter un cadeau \u00e0 moins de 10\u00a0euros afin de faire un <strong>Secret Santa.<\/strong><\/p>\n<p>Vendredi 26\u00a0d\u00e9cembre, \u00e0 18h, au bar Les paradis perdus, 20, rue Vasselot, Rennes. <a href=\"https:\/\/www.facebook.com\/events\/700614769539348\/?acontext=%7B%22event_action_history%22%3A%5B%7B%22mechanism%22%3A%22discovery_local_tab%22%2C%22surface%22%3A%22bookmark%22%7D%5D%2C%22ref_notif_type%22%3Anull%7D\" target=\"_blank\" rel=\"noopener\">Sur r\u00e9servation<\/a>.Une visite guid\u00e9e de Rennes originale<\/p>\n<p class=\" wall-content\">Epok\u2019Tour organise une visite guid\u00e9e anim\u00e9e par un<strong> guide conf\u00e9rencier.<\/strong> Celui-ci incarnera Louis, \u00ab\u2009un<strong> journaliste breton, r\u00e9sistant<\/strong> de la premi\u00e8re heure\u2009\u00bb et sera v\u00eatu d\u2019un costume d\u2019\u00e9poque.<\/p>\n<p>Votre r\u00e9gion, votre actu !<\/p>\n<p>Recevez chaque jour les infos qui comptent pour vous.<\/p>\n<p>\t<a href=\"https:\/\/actu.fr\/newsletter\" class=\"ac-btn ac-btn--corner ac-btn--medium ac-btn--blue800\" target=\"_blank\" rel=\"noopener\">S&rsquo;incrire<\/a><\/p>\n<p class=\" wall-content\"><a href=\"https:\/\/actu.fr\/bretagne\/rennes_35238\/a-rennes-une-visite-guidee-par-un-journaliste-breton-resistant-de-la-premiere-heure-en-costume-d-epoque_63576857.html\" target=\"_blank\" rel=\"noopener\">Il pr\u00e9sentera diff\u00e9rents lieux de Rennes, embl\u00e9matiques de la R\u00e9sistance locale durant la Seconde Guerre mondiale et l\u2019Occupation<\/a>.<\/p>\n<p class=\" wall-content\">Il reste <strong>quelques places<\/strong> seulement.<\/p>\n<p>Samedi 27\u00a0d\u00e9cembre, \u00e0 10h30, point de d\u00e9part entr\u00e9e du jardin du Palais Saint-Georges, rue Gambetta. Dur\u00e9e, 1 heure 30.<br \/>\nTarifs\u2009: adultes, 15\u00a0euros\u2009; \u00e9tudiants, 10\u00a0euros\u2009; jeunes de 13 \u00e0 17\u00a0ans, 7\u00a0euros\u2009; enfants de 10 \u00e0 12\u00a0ans, 5\u00a0euros\u2009; enfants moins de 9\u00a0ans, libre. <a href=\"https:\/\/epoktour.fr\/visite\/rennes-resistance\/\" target=\"_blank\" rel=\"noopener\">R\u00e9servations en ligne<\/a>.Une soir\u00e9e pour faire des rencontres<\/p>\n<p class=\" wall-content\">Le groupe <strong>Amiti\u00e9s et rencontres BZH 35<\/strong> organise <a href=\"https:\/\/www.facebook.com\/events\/1605754104082273\/?acontext=%7B%22event_action_history%22%3A%5B%7B%22mechanism%22%3A%22discovery_local_tab%22%2C%22surface%22%3A%22bookmark%22%7D%5D%2C%22ref_notif_type%22%3Anull%7D\" target=\"_blank\" rel=\"noopener\">une soir\u00e9e \u00ab\u2009Blabla entre deux f\u00eates\u2009\u00bb<\/a>, au bar-restaurant Avec. Toutes les personnes qui le souhaitent peuvent se joindre \u00e0 cet \u00e9v\u00e9nement afin de <strong>faire connaissance,<\/strong> mais aussi de permettre aux personnes qui peuvent se retrouver seules durant les f\u00eates d\u2019\u00eatre entour\u00e9es.<\/p>\n<p>Samedi 27\u00a0d\u00e9cembre, \u00e0 19h, Blabla entre deux f\u00eates, au bar Avec, 1, rue du Breil, \u00e0 Rennes.<\/p>\n<p>De la techno et des jeux<\/p>\n<p class=\" wall-content\">Le bar Les Grands Gamins organise une<strong> soir\u00e9e Techno &amp; jeux,<\/strong> samedi.<\/p>\n<blockquote class=\"ac-article-quote wall-content\">\n<p>Programme musical qui s&rsquo;adaptera selon l&rsquo;ambiance de la soir\u00e9e et la motivation du public ! Techno &amp; House, mais aussi du plus chill si l&rsquo;ambiance s&rsquo;y pr\u00eate !<\/p>\n<p>    <strong>Les Grands Gamins<\/strong>\n            <\/p><\/blockquote>\n<p class=\" wall-content\">Les participants sont attendus avec leur<strong> \u00ab\u2009plus beau bonnet de No\u00ebl\u2009\u00bb.<\/strong><\/p>\n<p class=\" wall-content\"><a href=\"https:\/\/www.instagram.com\/p\/DSk_DF2iN9T\/embed\" title=\"Ouvrir le lien sur Instagram\" target=\"_blank\" rel=\"noopener\">Visualiser le contenu sur Instagram<\/a><\/p>\n<p>Samedi 27\u00a0d\u00e9cembre, de 21\u2009h \u00e0 00h35, au Grands Gamins, 40, mail Fran\u00e7ois-Mitterand, \u00e0 Rennes. Entr\u00e9e libre.<\/p>\n<p>(Re) d\u00e9couvrir un classique du cin\u00e9ma<\/p>\n<p class=\" wall-content\">Pour le centenaire de Peter Sellers et en hommage \u00e0 Claudia Cardinale, le cin\u00e9ma Arvor projette le film <strong>La Panth\u00e8re rose, en restauration 4k,<\/strong> dimanche.<\/p>\n<p class=\" wall-content\"><a href=\"https:\/\/www.instagram.com\/p\/DSkD84ACuTZ\/embed\" title=\"Ouvrir le lien sur Instagram\" target=\"_blank\" rel=\"noopener\">Visualiser le contenu sur Instagram<\/a><\/p>\n<p>Le synopsis du film<\/p>\n<p>L&rsquo;inspecteur Clouseau est une v\u00e9ritable catastrophe ambulante. Il est depuis des ann\u00e9es \u00e0 la poursuite d&rsquo;un insaisissable cambrioleur de grand style, surnomm\u00e9 \u00ab le Fant\u00f4me \u00bb. Charg\u00e9 de la protection du diamant \u00ab la Panth\u00e8re rose \u00bb, poss\u00e9d\u00e9 par la princesse Dahla, il se rend avec sa femme dans la station de ski italienne de Cortina o\u00f9 se trouve d\u00e9j\u00e0 la princesse, objet de toutes les attentions de sir Charles Lytton, un mondain britannique, et de son neveu George.<\/p>\n<p>Dimanche 28\u00a0d\u00e9cembre, \u00e0 18h, au cin\u00e9ma Arvor, 11 rue de Ch\u00e2tillon, \u00e0 Rennes. Tarifs\u2009: entre 9,90\u00a0euros et 4,90\u00a0euros.<\/p>\n<p>Profiter des animations de fin d\u2019ann\u00e9e \u00e0 Rennes<\/p>\n<p class=\" wall-content\">En d\u00e9cembre, la ville s\u2019illumine et propose <strong>plusieurs animations gratuites.<\/strong> On fait le point\u2009:<\/p>\n<ul class=\" wall-content\">\n<li>le <a href=\"https:\/\/actu.fr\/bretagne\/rennes_35238\/le-marche-de-noel-s-installe-sur-le-mail-francois-mitterrand-date-horaires-ce-qu-il-faut-retenir_63445545.html\" target=\"_blank\" rel=\"noopener\">March\u00e9 de No\u00ebl reste ouvert sur le mail<\/a>, tous les jours de 10h30 \u00e0 22h, jusqu\u2019au 31\u00a0d\u00e9cembre\u2009;<\/li>\n<li>le <a href=\"https:\/\/actu.fr\/bretagne\/rennes_35238\/commerces-ouverts-le-dimanche-transports-gratuits-parade-le-noel-des-commercants-de-retour-a-rennes_63552401.html\" target=\"_blank\" rel=\"noopener\">No\u00ebl des commer\u00e7ants<\/a>, organis\u00e9 par le Carr\u00e9 rennais, investit la place Saint-Germain jusqu\u2019au 27\u00a0d\u00e9cembre\u2009;<\/li>\n<li>la <a href=\"https:\/\/actu.fr\/bretagne\/rennes_35238\/la-fete-foraine-de-retour-a-rennes-dates-horaires-maneges-animations-tarif-reduit-les-infos-pratiques_63484478.html\" target=\"_blank\" rel=\"noopener\">Foire d\u2019hiver<\/a>, esplanade Charles-de-Gaulle, reste accessible jusqu\u2019au 4\u00a0janvier\u2009;<\/li>\n<li>R\u00eave de lumi\u00e8res, spectacle son et lumi\u00e8re, projet\u00e9 sur la fa\u00e7ade de l\u2019H\u00f4tel de ville est visible de 18h \u00e0 21h40, toutes les vingt minutes, tous les jours jusqu\u2019au 4\u00a0janvier\u2009;<\/li>\n<li>le clo\u00eetre du Couvent des Jacobins est ouvert au public jusqu\u2019au 4\u00a0janvier, avec <a href=\"https:\/\/actu.fr\/bretagne\/rennes_35238\/illuminations-spectacles-degustations-a-rennes-le-couvent-des-jacobins-ouvre-son-cloitre-au-public_63525296.html\" target=\"_blank\" rel=\"noopener\">de nombreuses animations dont des illuminations<\/a>\u2009;<\/li>\n<li>les illuminations de No\u00ebl restent en place dans les rues de la ville jusqu\u2019au 4\u00a0janvier.<\/li>\n<\/ul>\n<p class=\" wall-content\">Personnalisez votre actualit\u00e9 en ajoutant vos villes et m\u00e9dias en favori avec <a href=\"https:\/\/moncompte.actu.fr\" title=\"D\u00e9couvez Mon Actu\" rel=\"nofollow noopener\" data-trk=\"{&quot;cta&quot;:{&quot;action&quot;:&quot;https:\\\/\\\/moncompte.actu.fr&quot;,&quot;category&quot;:&quot;mon compte&quot;,&quot;from&quot;:&quot;article footer&quot;,&quot;name&quot;:&quot;Mon actu&quot;,&quot;type&quot;:&quot;cta&quot;}}\" target=\"_blank\">Mon Actu<\/a>.<\/p>\n<p>                    <script async src=\"\/\/www.instagram.com\/embed.js\"><\/script><\/p>\n","protected":false},"excerpt":{"rendered":"Par Cl\u00e9mence Pays Publi\u00e9 le 26 d\u00e9c. 2025 \u00e0 12h51 Apr\u00e8s avoir assur\u00e9 les pr\u00e9paratifs de No\u00ebl et&hellip;\n","protected":false},"author":2,"featured_media":623444,"comment_status":"","ping_status":"","sticky":false,"template":"","format":"standard","meta":{"footnotes":""},"categories":[2821],"tags":[1111,11,1063,829,1777,674,1011,27,1652,12,584,25],"class_list":{"0":"post-623443","1":"post","2":"type-post","3":"status-publish","4":"format-standard","5":"has-post-thumbnail","7":"category-rennes","8":"tag-actu","9":"tag-actualites","10":"tag-animations","11":"tag-bretagne","12":"tag-eu","13":"tag-europe","14":"tag-fr","15":"tag-france","16":"tag-loisirs-culture","17":"tag-news","18":"tag-rennes","19":"tag-republique-francaise"},"share_on_mastodon":{"url":"https:\/\/pubeurope.com\/@fr\/115786344236659233","error":""},"_links":{"self":[{"href":"https:\/\/www.europesays.com\/fr\/wp-json\/wp\/v2\/posts\/623443","targetHints":{"allow":["GET"]}}],"collection":[{"href":"https:\/\/www.europesays.com\/fr\/wp-json\/wp\/v2\/posts"}],"about":[{"href":"https:\/\/www.europesays.com\/fr\/wp-json\/wp\/v2\/types\/post"}],"author":[{"embeddable":true,"href":"https:\/\/www.europesays.com\/fr\/wp-json\/wp\/v2\/users\/2"}],"replies":[{"embeddable":true,"href":"https:\/\/www.europesays.com\/fr\/wp-json\/wp\/v2\/comments?post=623443"}],"version-history":[{"count":0,"href":"https:\/\/www.europesays.com\/fr\/wp-json\/wp\/v2\/posts\/623443\/revisions"}],"wp:featuredmedia":[{"embeddable":true,"href":"https:\/\/www.europesays.com\/fr\/wp-json\/wp\/v2\/media\/623444"}],"wp:attachment":[{"href":"https:\/\/www.europesays.com\/fr\/wp-json\/wp\/v2\/media?parent=623443"}],"wp:term":[{"taxonomy":"category","embeddable":true,"href":"https:\/\/www.europesays.com\/fr\/wp-json\/wp\/v2\/categories?post=623443"},{"taxonomy":"post_tag","embeddable":true,"href":"https:\/\/www.europesays.com\/fr\/wp-json\/wp\/v2\/tags?post=623443"}],"curies":[{"name":"wp","href":"https:\/\/api.w.org\/{rel}","templated":true}]}}