{"id":623462,"date":"2025-12-26T14:40:14","date_gmt":"2025-12-26T14:40:14","guid":{"rendered":"https:\/\/www.europesays.com\/fr\/623462\/"},"modified":"2025-12-26T14:40:14","modified_gmt":"2025-12-26T14:40:14","slug":"a-lille-la-greve-des-eboueurs-fait-deborder-les-poubelles","status":"publish","type":"post","link":"https:\/\/www.europesays.com\/fr\/623462\/","title":{"rendered":"\u00e0 Lille, la gr\u00e8ve des \u00e9boueurs fait d\u00e9border les poubelles"},"content":{"rendered":"<p class=\"article-p mdl\">Des sacs \u00e9ventr\u00e9s, des restes de repas de No\u00ebl et des poubelles qui d\u00e9bordent. Depuis plusieurs jours, les d\u00e9chets s&rsquo;accumulent sur les trottoirs de\u00a0<a class=\"link\" href=\"https:\/\/www.rtl.fr\/actu\/politique\/municipales-a-lille-qui-pour-succeder-a-martine-aubry-apres-70-ans-de-socialisme-une-succession-politique-sous-haute-tension-7900582452\" title=\"Municipales \u00e0 Lille : qui pour succ\u00e9der \u00e0 Martine Aubry ? Apr\u00e8s 70 ans de socialisme, une succession politique sous haute tension\" target=\"_blank\" rel=\"noopener\">la m\u00e9tropole lilloise<\/a>, notamment dans le sud-ouest du territoire. Les \u00e9boueurs de la soci\u00e9t\u00e9 Deverra, en charge du ramassage des ordures dans 52 communes, sont en gr\u00e8ve depuis ce lundi 22 d\u00e9cembre pour r\u00e9clamer de meilleures conditions salariales.<\/p>\n<p class=\"article-p mdl\">\u00c0 Lambersart, Dominique, concierge et gardien d\u2019une r\u00e9sidence de 54 appartements, est confront\u00e9 \u00e0 une situation qu\u2019il juge pr\u00e9occupante. Alors qu\u2019il sort les poubelles jaunes dans l\u2019espoir d\u2019un passage des \u00e9boueurs, l\u2019incertitude domine. \u00ab\u00a0Je ne sais pas du tout s\u2019ils vont passer, je suis m\u00eame inquiet. Nous, c\u2019est vite rempli, je ne sais pas comment on va faire\u00a0\u00bb, a-t-il confi\u00e9 au micro de RTL.\u00a0<\/p>\n<p class=\"article-p mdl\">Avec les f\u00eates, les d\u00e9chets se sont rapidement multipli\u00e9s. \u00ab\u00a0Tout ce qui est papier cadeau, les emballages ou les bouteilles, c\u2019est vite rempli\u00a0\u00bb a pr\u00e9cis\u00e9 le concierge. Faute de solution, il a d\u00fb improviser. \u00ab\u00a0Je vais mettre les d\u00e9chets dans de grands\u00a0<a class=\"link\" href=\"https:\/\/www.rtl.fr\/actu\/international\/l-union-europeenne-vote-pour-interdire-les-sacs-plastiques-dans-les-restaurants-a-partir-de-2030-7900359878\" title=\"L&#039;Union europ\u00e9enne vote pour interdire les sacs plastiques dans les restaurants \u00e0 partir de 2030\" target=\"_blank\" rel=\"noopener\">sacs plastiques<\/a>, heureusement que j\u2019en ai, et les mettre dehors. Et les gens ne vont pas stocker \u00e7a chez eux non plus, avec les odeurs.\u00a0\u00bb<\/p>\n<p>            Des n\u00e9gociations engag\u00e9es mais des revendications jug\u00e9es insuffisantes<\/p>\n<p class=\"article-p mdl\">Du c\u00f4t\u00e9 des salari\u00e9s de Deverra, l\u2019heure est aux discussions avec la direction. Les syndicats ont assur\u00e9 avoir obtenu certaines avanc\u00e9es. \u00ab\u00a0Il y aura des groupes de travail, avec des salari\u00e9s qui vont identifier les points noirs du service qui seront r\u00e9vis\u00e9s. Une fois que les points noirs seront identifi\u00e9s, la direction s\u2019engage \u00e0 travailler sur les calibrages de tourn\u00e9es\u00a0\u00bb, a indiqu\u00e9 un d\u00e9l\u00e9gu\u00e9 du personnel aupr\u00e8s de\u00a0<a class=\"link\" href=\"https:\/\/www.francebleu.fr\/infos\/economie-social\/ca-deborde-il-ne-faut-pas-que-ca-dure-l-inquietude-des-habitants-de-la-mel-face-a-la-greve-des-eboueurs-3869924\" target=\"_blank\" rel=\"noopener\">Francebleu<\/a>.\u00a0<\/p>\n<p class=\"article-p mdl\">Mais sur le volet salarial, le compte n\u2019y est pas pour les gr\u00e9vistes. \u00ab\u00a0On avait demand\u00e9 une augmentation de 3% des salaires, une prime de fin d\u2019ann\u00e9e de 600 euros. \u00c7a a \u00e9t\u00e9 balay\u00e9 d\u2019entr\u00e9e par la direction qui nous a propos\u00e9 100 euros, ce n\u2019est pas suffisant\u00a0\u00bb, a d\u00e9plor\u00e9 un salari\u00e9 au micro de\u00a0<a class=\"link\" href=\"https:\/\/www.francebleu.fr\/infos\/economie-social\/ca-deborde-il-ne-faut-pas-que-ca-dure-l-inquietude-des-habitants-de-la-mel-face-a-la-greve-des-eboueurs-3869924\" target=\"_blank\" rel=\"noopener\">Francebleu<\/a>. La mobilisation a donc \u00e9t\u00e9 maintenue, avec une gr\u00e8ve reconduite au moins jusqu\u2019\u00e0 la fin de la semaine.<\/p>\n<p>            Les consignes de la Ville face \u00e0 l\u2019absence de collecte<\/p>\n<p class=\"article-p mdl\">En cas de non-passage des \u00e9boueurs, la mairie a recommand\u00e9 aux habitants de laisser leurs poubelles \u00e0 l\u2019ext\u00e9rieur pendant deux jours. Pass\u00e9 ce d\u00e9lai, il est conseill\u00e9 de les rentrer chez soi. \u00ab\u00a0On a mis, par le biais du site internet et du standard, les questions que les habitants pourraient se poser. La consigne, c\u2019est laisser son bac pendant 48 heures avec l\u2019espoir d\u2019un passage\u00a0\u00bb, a expliqu\u00e9 Arnaud Deslandes, le maire de la Ville.<\/p>\n<p>    La r\u00e9daction vous recommande<\/p>\n<p class=\"s-newsletter__title\">\n                L\u2019actualit\u00e9 par la r\u00e9daction de RTL dans votre bo\u00eete mail.\n            <\/p>\n<p class=\"s-newsletter__subtitle\">\n                Gr\u00e2ce \u00e0 votre compte RTL abonnez-vous \u00e0 la newsletter RTL info pour suivre toute l&rsquo;actualit\u00e9 au quotidien\n            <\/p>\n<p>\n                                    Lire la suite\n                                <\/p>\n","protected":false},"excerpt":{"rendered":"Des sacs \u00e9ventr\u00e9s, des restes de repas de No\u00ebl et des poubelles qui d\u00e9bordent. Depuis plusieurs jours, les&hellip;\n","protected":false},"author":2,"featured_media":623463,"comment_status":"","ping_status":"","sticky":false,"template":"","format":"standard","meta":{"footnotes":""},"categories":[2815],"tags":[1111,11,14675,1777,674,107,1011,27,6151,811,1307,12,25],"class_list":{"0":"post-623462","1":"post","2":"type-post","3":"status-publish","4":"format-standard","5":"has-post-thumbnail","7":"category-lille","8":"tag-actu","9":"tag-actualites","10":"tag-eboueurs","11":"tag-eu","12":"tag-europe","13":"tag-fil-info","14":"tag-fr","15":"tag-france","16":"tag-greve","17":"tag-hauts-de-france","18":"tag-lille","19":"tag-news","20":"tag-republique-francaise"},"share_on_mastodon":{"url":"","error":""},"_links":{"self":[{"href":"https:\/\/www.europesays.com\/fr\/wp-json\/wp\/v2\/posts\/623462","targetHints":{"allow":["GET"]}}],"collection":[{"href":"https:\/\/www.europesays.com\/fr\/wp-json\/wp\/v2\/posts"}],"about":[{"href":"https:\/\/www.europesays.com\/fr\/wp-json\/wp\/v2\/types\/post"}],"author":[{"embeddable":true,"href":"https:\/\/www.europesays.com\/fr\/wp-json\/wp\/v2\/users\/2"}],"replies":[{"embeddable":true,"href":"https:\/\/www.europesays.com\/fr\/wp-json\/wp\/v2\/comments?post=623462"}],"version-history":[{"count":0,"href":"https:\/\/www.europesays.com\/fr\/wp-json\/wp\/v2\/posts\/623462\/revisions"}],"wp:featuredmedia":[{"embeddable":true,"href":"https:\/\/www.europesays.com\/fr\/wp-json\/wp\/v2\/media\/623463"}],"wp:attachment":[{"href":"https:\/\/www.europesays.com\/fr\/wp-json\/wp\/v2\/media?parent=623462"}],"wp:term":[{"taxonomy":"category","embeddable":true,"href":"https:\/\/www.europesays.com\/fr\/wp-json\/wp\/v2\/categories?post=623462"},{"taxonomy":"post_tag","embeddable":true,"href":"https:\/\/www.europesays.com\/fr\/wp-json\/wp\/v2\/tags?post=623462"}],"curies":[{"name":"wp","href":"https:\/\/api.w.org\/{rel}","templated":true}]}}