{"id":623469,"date":"2025-12-26T14:44:11","date_gmt":"2025-12-26T14:44:11","guid":{"rendered":"https:\/\/www.europesays.com\/fr\/623469\/"},"modified":"2025-12-26T14:44:11","modified_gmt":"2025-12-26T14:44:11","slug":"un-reseau-structure-de-voleurs-darmureries-et-de-voitures-de-luxe-ecumant-la-suisse-demantele","status":"publish","type":"post","link":"https:\/\/www.europesays.com\/fr\/623469\/","title":{"rendered":"\u00abun r\u00e9seau structur\u00e9\u00bb de voleurs d\u2019armureries et de voitures de luxe \u00e9cumant la Suisse d\u00e9mantel\u00e9"},"content":{"rendered":"<p>\n    Les donneurs d\u2019ordre de ce \u00abgroupe criminel\u00bb officiaient depuis leur prison ou l\u2019\u00e9tranger pour commanditer des voles de deux ou quatre roues de grosse cylindr\u00e9es \u00e0 des petites mains recrut\u00e9es sur les r\u00e9seaux sociaux.<\/p>\n<p class=\"fig-paragraph\">Les malfaiteurs \u00e9cumaient la Suisse, d\u00e9robant aussi bien des armes que des v\u00e9hicules de grosses cylindr\u00e9es \u00e0 deux ou quatre roues. Une op\u00e9ration transfrontali\u00e8re men\u00e9e par les gendarmes de\u00a0<a href=\"http:\/\/www.lefigaro.fr\/lyon\/une-equipe-suspectee-de-deux-home-jackings-violents-en-banlieue-sud-de-lyon-20251222\" data-fig-type=\"NewsFlash\" data-gtm-custom-categorie=\"navigation\" data-gtm-custom-action=\"crossclick\" data-gtm-custom-label=\"Contextuel\" data-gtm-event=\"customEventSPE\" data-fig-domain=\"LEFIGARO\" target=\"_blank\" rel=\"noopener\">Lyon<\/a>\u00a0et de l\u2019<a href=\"http:\/\/www.lefigaro.fr\/flash-actu\/explosion-dans-l-ain-la-femme-decedee-s-est-suicidee-en-ouvrant-le-gaz-20251217\" data-fig-type=\"NewsFlash\" data-gtm-custom-categorie=\"navigation\" data-gtm-custom-action=\"crossclick\" data-gtm-custom-label=\"Contextuel\" data-gtm-event=\"customEventSPE\" data-fig-domain=\"LEFIGARO\" target=\"_blank\" rel=\"noopener\">Ain<\/a>, en partenariat avec les autorit\u00e9s suisses et Europol, a permis l\u2019interpellation au d\u00e9but du mois de huit personnes pour des vols de voitures de luxe et d\u2019armurerie commis de l\u2019autre c\u00f4t\u00e9 des Alpes depuis deux ans. Parmi eux, deux donneurs d\u2019ordre de ce \u00abgroupe criminel organis\u00e9\u00bb qui recrutait des petites mains en ligne ont \u00e9t\u00e9 interpell\u00e9s, indiquent les forces de l\u2019ordre fran\u00e7aise et suisse.<\/p>\n<p class=\"fig-paragraph\">Il leur est reproch\u00e9 37 vols de v\u00e9hicules de luxe et 12 cambriolages d\u2019armureries. Ils ont \u00e9t\u00e9 interpell\u00e9s mardi 9 d\u00e9cembre simultan\u00e9ment dans les d\u00e9partements de l\u2019Ain, de la Dr\u00f4me, du Gard et de l\u2019H\u00e9rault. Sept des suspects ont \u00e9t\u00e9 mis en examen. Trois autres personnes, un donneur d\u2019ordre et deux logisticiens, avaient d\u00e9j\u00e0 \u00e9t\u00e9 \u00e9crou\u00e9es en amont. L\u2019enqu\u00eate se poursuit sous la direction du juge d\u2019instruction de Bourg-en-Bresse, en lien \u00e9troit avec Europol.<\/p>\n<p>                                            <a class=\"fig-a11y-skip\" href=\"#fig-a11y-skip-main-inarticle\" data-module=\"a11y-skip\" data-context=\"was @visible\"><br \/>\n    Passer la publicit\u00e9<br \/>\n<\/a>            <\/p>\n<p>                                            Des gros bonnets agissant depuis leur prison<\/p>\n<p class=\"fig-paragraph\">L\u2019enqu\u00eate d\u00e9bute en juin 2024, quand les autorit\u00e9s suisses transmettent aux enqu\u00eateurs fran\u00e7ais des informations permettent d\u2019identifier plusieurs \u00e9quipes de voleurs bas\u00e9es dans le pays de Gex (Ain). \u00abLes investigations men\u00e9es en France ont ensuite mis au jour un r\u00e9seau hi\u00e9rarchis\u00e9\u00bb, indique la police suisse par voie de communiqu\u00e9. Des logisticiens recevaient leurs consignes de la part de donneur d\u2019ordre se trouvant en d\u00e9tention ou \u00e0 l\u2019\u00e9tranger. Ces interm\u00e9diaires composaient ensuite des \u00ab\u00e9quipes de voleurs\u00bb.<\/p>\n<p class=\"fig-paragraph\">\u00abLes commanditaires recrutaient de \u201cpetites mains\u201d via les r\u00e9seaux sociaux et guidaient leurs actions \u00e0 distance\u00bb, indique la police suisse. Apr\u00e8s une premi\u00e8re phase ciblant les deux-roues de grosses cylindr\u00e9es, le r\u00e9seau s\u2019est sp\u00e9cialis\u00e9 dans des cambriolages de garages pour d\u00e9rober des v\u00e9hicules de luxe. Les autorit\u00e9s ont d\u00e9nombr\u00e9 56 faits ou tentatives dans plusieurs cantons.<\/p>\n<p class=\"fig-body-link\">\n            \u00c0 lire aussi<br \/>\n        <a class=\"fig-body-link__link\" href=\"http:\/\/www.lefigaro.fr\/faits-divers\/lyon-cinq-hommes-condamnes-a-des-peines-de-5-a-12-ans-de-prison-pour-des-braquages-d-armurerie-en-suisse-et-en-france-20250919\" data-fig-type=\"NewsFlash\" data-gtm-custom-categorie=\"navigation\" data-gtm-custom-action=\"crossclick\" data-gtm-custom-label=\"Contextuel\" data-gtm-event=\"customEventSPE\" data-fig-domain=\"LEFIGARO\" target=\"_blank\" rel=\"noopener\"><\/p>\n<p>        Lyon: cinq hommes condamn\u00e9s \u00e0 des peines de 5 \u00e0 12 ans de prison pour des braquages d&rsquo;armurerie en Suisse et en France<br \/>\n    <\/a>\n<\/p>\n<p class=\"fig-paragraph\">Le r\u00e9seau a ensuite \u00e9volu\u00e9 vers le cambriolage d\u2019armureries, avec 12 vols et tentatives identifi\u00e9s au cours de l\u2019\u00e9t\u00e9 2025 dans six cantons. La police suisse se f\u00e9licite d\u2019une \u00abcoop\u00e9ration internationale exemplaire\u00bb.<\/p>\n","protected":false},"excerpt":{"rendered":"Les donneurs d\u2019ordre de ce \u00abgroupe criminel\u00bb officiaient depuis leur prison ou l\u2019\u00e9tranger pour commanditer des voles de&hellip;\n","protected":false},"author":2,"featured_media":623470,"comment_status":"","ping_status":"","sticky":false,"template":"","format":"standard","meta":{"footnotes":""},"categories":[1889],"tags":[1111,11,6376,2430,1174,1777,674,1011,27,2428,12,25,4752,2692],"class_list":{"0":"post-623469","1":"post","2":"type-post","3":"status-publish","4":"format-standard","5":"has-post-thumbnail","7":"category-lyon","8":"tag-actu","9":"tag-actualites","10":"tag-armes","11":"tag-auvergne-rhone-alpes","12":"tag-cambriolage","13":"tag-eu","14":"tag-europe","15":"tag-fr","16":"tag-france","17":"tag-lyon","18":"tag-news","19":"tag-republique-francaise","20":"tag-voiture","21":"tag-vols"},"share_on_mastodon":{"url":"https:\/\/pubeurope.com\/@fr\/115786407132766855","error":""},"_links":{"self":[{"href":"https:\/\/www.europesays.com\/fr\/wp-json\/wp\/v2\/posts\/623469","targetHints":{"allow":["GET"]}}],"collection":[{"href":"https:\/\/www.europesays.com\/fr\/wp-json\/wp\/v2\/posts"}],"about":[{"href":"https:\/\/www.europesays.com\/fr\/wp-json\/wp\/v2\/types\/post"}],"author":[{"embeddable":true,"href":"https:\/\/www.europesays.com\/fr\/wp-json\/wp\/v2\/users\/2"}],"replies":[{"embeddable":true,"href":"https:\/\/www.europesays.com\/fr\/wp-json\/wp\/v2\/comments?post=623469"}],"version-history":[{"count":0,"href":"https:\/\/www.europesays.com\/fr\/wp-json\/wp\/v2\/posts\/623469\/revisions"}],"wp:featuredmedia":[{"embeddable":true,"href":"https:\/\/www.europesays.com\/fr\/wp-json\/wp\/v2\/media\/623470"}],"wp:attachment":[{"href":"https:\/\/www.europesays.com\/fr\/wp-json\/wp\/v2\/media?parent=623469"}],"wp:term":[{"taxonomy":"category","embeddable":true,"href":"https:\/\/www.europesays.com\/fr\/wp-json\/wp\/v2\/categories?post=623469"},{"taxonomy":"post_tag","embeddable":true,"href":"https:\/\/www.europesays.com\/fr\/wp-json\/wp\/v2\/tags?post=623469"}],"curies":[{"name":"wp","href":"https:\/\/api.w.org\/{rel}","templated":true}]}}