{"id":623473,"date":"2025-12-26T14:47:10","date_gmt":"2025-12-26T14:47:10","guid":{"rendered":"https:\/\/www.europesays.com\/fr\/623473\/"},"modified":"2025-12-26T14:47:10","modified_gmt":"2025-12-26T14:47:10","slug":"quatre-personnes-interpellees-une-enquete-ouverte","status":"publish","type":"post","link":"https:\/\/www.europesays.com\/fr\/623473\/","title":{"rendered":"quatre personnes interpell\u00e9es, une enqu\u00eate ouverte"},"content":{"rendered":"<p>                    Par<br \/>\n        <strong><br \/>\n            <a href=\"https:\/\/actu.fr\/auteur\/glenn-gillet\" title=\"Consulter tous les articles de Glenn Gillet\" target=\"_blank\" rel=\"noopener\">Glenn Gillet<\/a><br \/>\n                    <\/strong><\/p>\n<p>        Publi\u00e9 le<\/p>\n<p>            26 d\u00e9c. 2025 \u00e0 15h44        <\/p>\n<p>Quatre personnes soup\u00e7onn\u00e9es d\u2019avoir <strong>agress\u00e9 des <a href=\"https:\/\/actu.fr\/ile-de-france\/charenton-le-pont_94018\/motard-percute-sur-l-a4-pres-de-paris-les-deux-policiers-condamnes-a-3-ans-de-prison-avec-sursis_63595255.html\" target=\"_blank\" rel=\"noopener\">policiers<\/a><\/strong> dans le 19e arrondissement de Paris mardi 23\u00a0d\u00e9cembre 2025 ont \u00e9t\u00e9 interpell\u00e9es et plac\u00e9es en <strong>garde \u00e0 vue<\/strong>, selon des informations obtenues par actu Paris aupr\u00e8s de sources polici\u00e8re et <a href=\"https:\/\/actu.fr\/ile-de-france\/paris_75056\/paris-l-escort-boy-et-le-general-devant-la-justice-pour-avoir-fait-proliferer-le-crack-au-forum-des-halles_63596379.html\" target=\"_blank\" rel=\"noopener\">judiciaire<\/a>.<\/p>\n<p>Cinq policiers ont d\u00e9pos\u00e9 plainte<\/p>\n<p class=\" wall-content\">Les faits ont eu lieu dans le secteur de la rue R\u00e9beval. Le contexte dans lesquels ils sont intervenus reste \u00e0 pr\u00e9ciser \u00e0 ce stade. Cinq policiers ont <strong>port\u00e9 plainte<\/strong> et une enqu\u00eate a \u00e9t\u00e9 ouverte pour \u00ab\u2009des faits de violences sur fonctionnaire de la police nationale\u2009\u00bb \u00e0 la fois \u00ab\u2009sans incapacit\u00e9\u2009\u00bb et \u00ab\u2009avec incapacit\u00e9 inf\u00e9rieure \u00e0 8 jours\u2009\u00bb ainsi que pour \u00ab\u2009outrages sur personne d\u00e9positaire de l\u2019autorit\u00e9 publique et r\u00e9bellion\u2009\u00bb, nous indique une source judiciaire. Cette\u00a0<\/p>\n<p class=\" wall-content\">Les quatre individus interpell\u00e9s sont n\u00e9s en 1996, 1997, 1998 et 2000. Ils ont \u00e9t\u00e9 d\u00e9f\u00e9r\u00e9s ce vendredi au parquet de Paris avant d\u2019\u00eatre<strong> plac\u00e9s sous contr\u00f4le judiciaire<\/strong> dans l\u2019attente d\u2019une audience pr\u00e9vue pour juin.<\/p>\n<p class=\" wall-content\">Sur les r\u00e9seaux sociaux, le d\u00e9put\u00e9 europ\u00e9en et ancien syndicaliste policier Matthieu Valet (Rassemblement national) a partag\u00e9 une <a href=\"https:\/\/www.facebook.com\/reel\/700049776314488\" target=\"_blank\" rel=\"noopener\">vid\u00e9o<\/a> dans laquelle on voit un affrontement entre une dizaine de personnes et des policiers devant le b\u00e2timent situ\u00e9 au 45 rue R\u00e9beval.<\/p>\n<p class=\" wall-content\">Personnalisez votre actualit\u00e9 en ajoutant vos villes et m\u00e9dias en favori avec <a href=\"https:\/\/moncompte.actu.fr\" title=\"D\u00e9couvez Mon Actu\" rel=\"nofollow noopener\" data-trk=\"{&quot;cta&quot;:{&quot;action&quot;:&quot;https:\\\/\\\/moncompte.actu.fr&quot;,&quot;category&quot;:&quot;mon compte&quot;,&quot;from&quot;:&quot;article footer&quot;,&quot;name&quot;:&quot;Mon actu&quot;,&quot;type&quot;:&quot;cta&quot;}}\" target=\"_blank\">Mon Actu<\/a>.<\/p>\n","protected":false},"excerpt":{"rendered":"Par Glenn Gillet Publi\u00e9 le 26 d\u00e9c. 2025 \u00e0 15h44 Quatre personnes soup\u00e7onn\u00e9es d\u2019avoir agress\u00e9 des policiers dans&hellip;\n","protected":false},"author":2,"featured_media":618090,"comment_status":"","ping_status":"","sticky":false,"template":"","format":"standard","meta":{"footnotes":""},"categories":[1888],"tags":[1111,1928,11,1927,1777,674,118,1011,27,303,12,1926,626,1925,1072,1931,25],"class_list":{"0":"post-623473","1":"post","2":"type-post","3":"status-publish","4":"format-standard","5":"has-post-thumbnail","7":"category-paris","8":"tag-actu","9":"tag-actu-paris","10":"tag-actualites","11":"tag-actualites-paris","12":"tag-eu","13":"tag-europe","14":"tag-faits-divers","15":"tag-fr","16":"tag-france","17":"tag-justice","18":"tag-news","19":"tag-news-paris","20":"tag-paris","21":"tag-paris-news","22":"tag-police","23":"tag-prefecture-de-police-de-paris","24":"tag-republique-francaise"},"share_on_mastodon":{"url":"https:\/\/pubeurope.com\/@fr\/115786419051820369","error":""},"_links":{"self":[{"href":"https:\/\/www.europesays.com\/fr\/wp-json\/wp\/v2\/posts\/623473","targetHints":{"allow":["GET"]}}],"collection":[{"href":"https:\/\/www.europesays.com\/fr\/wp-json\/wp\/v2\/posts"}],"about":[{"href":"https:\/\/www.europesays.com\/fr\/wp-json\/wp\/v2\/types\/post"}],"author":[{"embeddable":true,"href":"https:\/\/www.europesays.com\/fr\/wp-json\/wp\/v2\/users\/2"}],"replies":[{"embeddable":true,"href":"https:\/\/www.europesays.com\/fr\/wp-json\/wp\/v2\/comments?post=623473"}],"version-history":[{"count":0,"href":"https:\/\/www.europesays.com\/fr\/wp-json\/wp\/v2\/posts\/623473\/revisions"}],"wp:featuredmedia":[{"embeddable":true,"href":"https:\/\/www.europesays.com\/fr\/wp-json\/wp\/v2\/media\/618090"}],"wp:attachment":[{"href":"https:\/\/www.europesays.com\/fr\/wp-json\/wp\/v2\/media?parent=623473"}],"wp:term":[{"taxonomy":"category","embeddable":true,"href":"https:\/\/www.europesays.com\/fr\/wp-json\/wp\/v2\/categories?post=623473"},{"taxonomy":"post_tag","embeddable":true,"href":"https:\/\/www.europesays.com\/fr\/wp-json\/wp\/v2\/tags?post=623473"}],"curies":[{"name":"wp","href":"https:\/\/api.w.org\/{rel}","templated":true}]}}