{"id":623505,"date":"2025-12-26T15:13:13","date_gmt":"2025-12-26T15:13:13","guid":{"rendered":"https:\/\/www.europesays.com\/fr\/623505\/"},"modified":"2025-12-26T15:13:13","modified_gmt":"2025-12-26T15:13:13","slug":"les-marais-salants-de-guerande-et-la-cote-sauvage-ont-perdu-leur-peintre","status":"publish","type":"post","link":"https:\/\/www.europesays.com\/fr\/623505\/","title":{"rendered":"Les marais salants de Gu\u00e9rande et la c\u00f4te sauvage ont perdu leur peintre"},"content":{"rendered":"<p>                    Par<br \/>\n        <strong><br \/>\n            <a href=\"https:\/\/actu.fr\/auteur\/journaliste-ehpg\" title=\"Consulter tous les articles de R\u00e9daction Gu\u00e9rande\" target=\"_blank\" rel=\"noopener\">R\u00e9daction Gu\u00e9rande<\/a><br \/>\n                    <\/strong><\/p>\n<p>        Publi\u00e9 le<\/p>\n<p>            26 d\u00e9c. 2025 \u00e0 9h00        <\/p>\n<p>G\u00e9rard Boulfray est d\u00e9c\u00e9d\u00e9 samedi 20 d\u00e9cembre 2025. Il aurait eu 88 ans le 24 d\u00e9cembre.<\/p>\n<p class=\" wall-content\">Depuis son installation \u00e0 <a href=\"https:\/\/actu.fr\/pays-de-la-loire\/batz-sur-mer_44010\" target=\"_blank\" rel=\"noopener\">Batz-sur-Mer<\/a> (Loire-Atlantique) en 1985, G\u00e9rard Boulfray a r\u00e9alis\u00e9 des centaines de peintures d\u00e9di\u00e9es aux paysages et \u00e0 la vie locale.<\/p>\n<p class=\" wall-content\">Quiconque a suivi la route c\u00f4ti\u00e8re entre le rond-point de Saint-Nudec et la rue de la Plage ne peut ignorer la galerie des Ast\u00e9ries o\u00f9 il exposait ses \u0153uvres.<\/p>\n<p>Humour et charisme<\/p>\n<p class=\" wall-content\">On pouvait le rencontrer dans les marais salants o\u00f9 il excellait pour faire ressortir les couleurs et les nuances des \u0153illets et de la saline mais aussi sur les quais du Croisic pour peindre l\u2019architecture des b\u00e2timents et enfin dans les villages pour magnifier les maisons paludi\u00e8res.<\/p>\n<p>    <img   decoding=\"async\" loading=\"lazy\" class=\"size-large\" src=\"https:\/\/www.europesays.com\/fr\/wp-content\/uploads\/2025\/12\/4beb28ceeb4963feb28ceeb4903fb2v-960x640.jpg\" alt=\"Mac Nicol peinture de Boulfray\" width=\"960\" height=\"640\"\/><br \/>\n    L\u2019une des quatre toiles de G\u00e9rard Boulfray d\u00e9sormais expos\u00e9e au mus\u00e9e des Marais salants \u00e0 Batz-sur-Mer \u00a9JPR<\/p>\n<p class=\" wall-content\">Il avait un regard particulier sur les f\u00eates locales, ce qui lui a permis d\u2019immortaliser le pardon Saint-Gu\u00e9nol\u00e9 en le repr\u00e9sentant sur un tableau XXL qui occupe le mur du fond de la salle des mariages de la mairie.<\/p>\n<p>Vid\u00e9os : en ce moment sur Actu<\/p>\n<p class=\" wall-content\">\u00c0 plusieurs reprises, il a pu exposer ses \u0153uvres \u00e0 la chapelle de Kervalet, en p\u00e9riode estivale ou en union avec les Peintres du Bourg de Batz \u00e0 la salle des f\u00eates.<\/p>\n<p>Votre r\u00e9gion, votre actu !<\/p>\n<p>Recevez chaque jour les infos qui comptent pour vous.<\/p>\n<p>\t<a href=\"https:\/\/actu.fr\/newsletter\" class=\"ac-btn ac-btn--corner ac-btn--medium ac-btn--blue800\" target=\"_blank\" rel=\"noopener\">S&rsquo;incrire<\/a><\/p>\n<p class=\" wall-content\">Dans la saline avec son chapeau, sur les quais du Croisic ou simplement au port Saint-Michel pour d\u00e9jeuner au Caf\u00e9 de la Plage, il \u00e9tait d\u2019un contact facile et n\u2019h\u00e9sitait pas \u00e0 gratifier ses interlocuteurs d\u2019un mot d\u2019humour.<\/p>\n<p class=\" wall-content\">\u00ab Chacun se souvient, je pense, de son \u0153il taquin, de ses doigts tach\u00e9s de peinture, de ses \u00e9lans po\u00e9tiques et de son charisme naturel qu\u2019il savait entretenir en sortant parfois dans les ruelles \u00e9troites du bourg et des villages avec sa magnifique et imposante Rolls-Royce \u00bb, t\u00e9moignait Marie-Catherine Lehu\u00e9d\u00e9, maire de Batz, lors du don de quatre \u0153uvres de G\u00e9rard Boulfray au mus\u00e9e des Marais salants le 8 d\u00e9cembre dernier.<\/p>\n<p>    <img   decoding=\"async\" loading=\"lazy\" class=\"size-large\" src=\"https:\/\/www.europesays.com\/fr\/wp-content\/uploads\/2025\/12\/701bbda930496b41bbda93049c81bbv-960x640.jpg\" alt=\"G\u00e9rard et Arlette Boulfray sous le regard bienveillant de leur fille Francine\" width=\"960\" height=\"640\"\/><br \/>\n    G\u00e9rard et Arlette Boulfray sous le regard bienveillant de leur fille Francine le 8 d\u00e9cembre dernier lors du don des quatre peintures au mus\u00e9e des Marais salants \u00a9JPR<\/p>\n<p class=\" wall-content\">Ses obs\u00e8ques seront c\u00e9l\u00e9br\u00e9es ce samedi 27\u00a0d\u00e9cembre \u00e0 15 h 30 en l\u2019\u00e9glise de Saint-Gu\u00e9nol\u00e9.<\/p>\n<p class=\" wall-content\">Personnalisez votre actualit\u00e9 en ajoutant vos villes et m\u00e9dias en favori avec <a href=\"https:\/\/moncompte.actu.fr\" title=\"D\u00e9couvez Mon Actu\" rel=\"nofollow noopener\" data-trk=\"{&quot;cta&quot;:{&quot;action&quot;:&quot;https:\\\/\\\/moncompte.actu.fr&quot;,&quot;category&quot;:&quot;mon compte&quot;,&quot;from&quot;:&quot;article footer&quot;,&quot;name&quot;:&quot;Mon actu&quot;,&quot;type&quot;:&quot;cta&quot;}}\" target=\"_blank\">Mon Actu<\/a>.<\/p>\n","protected":false},"excerpt":{"rendered":"Par R\u00e9daction Gu\u00e9rande Publi\u00e9 le 26 d\u00e9c. 2025 \u00e0 9h00 G\u00e9rard Boulfray est d\u00e9c\u00e9d\u00e9 samedi 20 d\u00e9cembre 2025.&hellip;\n","protected":false},"author":2,"featured_media":623506,"comment_status":"","ping_status":"","sticky":false,"template":"","format":"standard","meta":{"footnotes":""},"categories":[1358],"tags":[1348,1384,1385,1386,58,59,1011,27,55370,1391,30044,104],"class_list":{"0":"post-623505","1":"post","2":"type-post","3":"status-publish","4":"format-standard","5":"has-post-thumbnail","7":"category-arts-et-design","8":"tag-arts","9":"tag-arts-and-design","10":"tag-arts-et-design","11":"tag-design","12":"tag-divertissement","13":"tag-entertainment","14":"tag-fr","15":"tag-france","16":"tag-marais-salants","17":"tag-necrologie","18":"tag-presquile-de-guerande","19":"tag-societe"},"share_on_mastodon":{"url":"https:\/\/pubeurope.com\/@fr\/115786522664092449","error":""},"_links":{"self":[{"href":"https:\/\/www.europesays.com\/fr\/wp-json\/wp\/v2\/posts\/623505","targetHints":{"allow":["GET"]}}],"collection":[{"href":"https:\/\/www.europesays.com\/fr\/wp-json\/wp\/v2\/posts"}],"about":[{"href":"https:\/\/www.europesays.com\/fr\/wp-json\/wp\/v2\/types\/post"}],"author":[{"embeddable":true,"href":"https:\/\/www.europesays.com\/fr\/wp-json\/wp\/v2\/users\/2"}],"replies":[{"embeddable":true,"href":"https:\/\/www.europesays.com\/fr\/wp-json\/wp\/v2\/comments?post=623505"}],"version-history":[{"count":0,"href":"https:\/\/www.europesays.com\/fr\/wp-json\/wp\/v2\/posts\/623505\/revisions"}],"wp:featuredmedia":[{"embeddable":true,"href":"https:\/\/www.europesays.com\/fr\/wp-json\/wp\/v2\/media\/623506"}],"wp:attachment":[{"href":"https:\/\/www.europesays.com\/fr\/wp-json\/wp\/v2\/media?parent=623505"}],"wp:term":[{"taxonomy":"category","embeddable":true,"href":"https:\/\/www.europesays.com\/fr\/wp-json\/wp\/v2\/categories?post=623505"},{"taxonomy":"post_tag","embeddable":true,"href":"https:\/\/www.europesays.com\/fr\/wp-json\/wp\/v2\/tags?post=623505"}],"curies":[{"name":"wp","href":"https:\/\/api.w.org\/{rel}","templated":true}]}}