{"id":623513,"date":"2025-12-26T15:18:13","date_gmt":"2025-12-26T15:18:13","guid":{"rendered":"https:\/\/www.europesays.com\/fr\/623513\/"},"modified":"2025-12-26T15:18:13","modified_gmt":"2025-12-26T15:18:13","slug":"il-est-encore-temps-de-se-faire-vacciner-affirme-la-ministre-de-la-sante","status":"publish","type":"post","link":"https:\/\/www.europesays.com\/fr\/623513\/","title":{"rendered":"\u00abIl est encore temps de se faire vacciner\u00bb, affirme la ministre de la Sant\u00e9"},"content":{"rendered":"<p>                             Par Le Figaro avec AFP<\/p>\n<p>                Le 26 d\u00e9cembre 2025 \u00e0 14h13<\/p>\n<p>    Le pic \u00e9pid\u00e9mique devrait \u00eatre atteint la derni\u00e8re semaine de 2025 (72,5% de probabilit\u00e9) sinon lors des premiers jours de 2026 (22,5%), a estim\u00e9 l\u2019institut. (Illustration).<br \/>\n                Studio Romantic \/ stock.adobe.com<\/p>\n<p>\n    St\u00e9phanie Rist assure que la grippe en France \u00abest en phase d\u2019arriver\u00bb \u00e0 son pic, alors que les chiffres publi\u00e9s par l\u2019agence Sant\u00e9 publique France montrent une intensification de l\u2019\u00e9pid\u00e9mie.<\/p>\n<p class=\"fig-paragraph\">L&rsquo;\u00e9pid\u00e9mie de\u00a0<a href=\"http:\/\/www.lefigaro.fr\/voyages\/conseils\/epidemie-de-grippe-un-passager-malade-peut-il-se-voir-refuser-l-acces-a-bord-d-un-avion-20251225\" target=\"_blank\" data-fig-type=\"NewsFlash\" rel=\"noopener\" data-gtm-custom-categorie=\"navigation\" data-gtm-custom-action=\"crossclick\" data-gtm-custom-label=\"Contextuel\" data-gtm-event=\"customEventSPE\" data-fig-domain=\"LEFIGARO\">grippe<\/a>\u00a0en France \u00abest en phase d&rsquo;arriver\u00bb \u00e0 son pic, et \u00abil est encore temps de se faire\u00a0<a href=\"http:\/\/sante.lefigaro.fr\/social\/sante-publique\/epidemie-de-grippe-est-il-trop-tard-pour-se-faire-vacciner-20251219\" target=\"_blank\" data-fig-type=\"Article\" rel=\"noopener\" data-gtm-custom-categorie=\"navigation\" data-gtm-custom-action=\"crossclick\" data-gtm-custom-label=\"Contextuel\" data-gtm-event=\"customEventSPE\" data-fig-domain=\"SANTE\">vacciner<\/a> \u00bb, a r\u00e9p\u00e9t\u00e9 vendredi \u00e0 Lyon la ministre de la Sant\u00e9\u00a0<a href=\"http:\/\/sante.lefigaro.fr\/un-plan-national-de-lutte-contre-l-infertilite-sera-lance-dans-les-prochaines-semaines-annonce-la-ministre-de-la-sante-stephanie-rist-20251215\" target=\"_blank\" data-fig-type=\"NewsFlash\" rel=\"noopener\" data-gtm-custom-categorie=\"navigation\" data-gtm-custom-action=\"crossclick\" data-gtm-custom-label=\"Contextuel\" data-gtm-event=\"customEventSPE\" data-fig-domain=\"SANTE\">St\u00e9phanie Rist<\/a>. \u00abOn est en phase d&rsquo;arriver au pic\u00bb, \u00able pic, on le conna\u00eet une fois qu&rsquo;on commence \u00e0 redescendre. On n&rsquo;est pas encore dans la diminution (&#8230;) mais dans une phase haute\u00bb, a d\u00e9clar\u00e9 la ministre, lors d&rsquo;un d\u00e9placement aux urgences de l&rsquo;h\u00f4pital Edouard-Herriot.<\/p>\n<p class=\"fig-paragraph\">Selon un bilan publi\u00e9 mercredi par l&rsquo;agence Sant\u00e9 publique France, l&rsquo;\u00e9pid\u00e9mie de grippe continue de s&rsquo;intensifier en France mais reste pour l&rsquo;heure \u00abmod\u00e9r\u00e9e\u00bb. Le pic \u00e9pid\u00e9mique devrait \u00eatre atteint la derni\u00e8re semaine de 2025 (72,5% de probabilit\u00e9) sinon lors des premiers jours de 2026 (22,5%), a estim\u00e9 l&rsquo;institut.<\/p>\n<p>                                                                <a class=\"fig-a11y-skip\" href=\"#fig-a11y-skip-main-inarticle\" data-module=\"a11y-skip\" data-context=\"was @visible\"><br \/>\n    Passer la publicit\u00e9<br \/>\n<\/a>            <\/p>\n<p>                                                                \u00abUne campagne de vaccination qui a augment\u00e9 de plus de 17%\u00bb<\/p>\n<p class=\"fig-paragraph\">\u00abOn a une campagne de vaccination qui a augment\u00e9 de plus de 17% par rapport \u00e0 l&rsquo;ann\u00e9e derni\u00e8re, donc on est plut\u00f4t mieux vaccin\u00e9. Mais encore une fois, je le redis, il est encore temps de se faire vacciner\u00bb, a insist\u00e9 St\u00e9phanie Rist. \u00abOn sait aussi d&rsquo;exp\u00e9rience que tous les ans \u00e0 la rentr\u00e9e, l\u00e0 \u00e7a va \u00eatre le 5 janvier, quand les gens reviennent d&rsquo;avoir boug\u00e9 dans les diff\u00e9rentes familles ou lieux de vacances, quand ils reviennent, on sait que \u00e7a peut r\u00e9augmenter ce chiffre\u00bb, de personnes atteintes par la grippe, a pr\u00e9venu la ministre. \u00abIl ne faut pas oublier les gestes barri\u00e8res\u00bb, comme le port du masque en cas de sympt\u00f4mes et bien se laver les mains, \u00abdes mesures que tous les Fran\u00e7ais connaissent maintenant, mais qui sont importantes \u00e0 rappeler\u00bb, a-t-elle ajout\u00e9.<\/p>\n<p class=\"fig-paragraph\">Interrog\u00e9e sur la r\u00e9quisition de m\u00e9decins, comme dans les Bouches-du-Rh\u00f4ne o\u00f9 17 g\u00e9n\u00e9ralistes ont \u00e9t\u00e9 r\u00e9quisitionn\u00e9s par la pr\u00e9fecture du 25 d\u00e9cembre au 4 janvier pour faire face aux \u00e9pid\u00e9mies hivernales et en p\u00e9riode de cong\u00e9s de soignants, la ministre a assur\u00e9 que \u00abce n&rsquo;est pas inhabituel. \u00c7a peut arriver pour permettre \u00e0 nos concitoyens d&rsquo;\u00eatre soign\u00e9s\u00bb. \u00abIl n&rsquo;y a pas d&rsquo;obligation des m\u00e9decins de ville sur cette permanence des soins ambulatoires, mais il y a une responsabilit\u00e9 collective. Donc, moi je souhaite que ce ne soit pas par de l&rsquo;obligation, mais plut\u00f4t du travail entre professionnels, pour permettre d&rsquo;avoir des listes de garde\u00bb, a-t-elle plaid\u00e9.<\/p>\n","protected":false},"excerpt":{"rendered":"Par Le Figaro avec AFP Le 26 d\u00e9cembre 2025 \u00e0 14h13 Le pic \u00e9pid\u00e9mique devrait \u00eatre atteint la&hellip;\n","protected":false},"author":2,"featured_media":623514,"comment_status":"","ping_status":"","sticky":false,"template":"","format":"standard","meta":{"footnotes":""},"categories":[10],"tags":[8704,47,8699,8707,8706,4988,1011,27,29786,8705,72,6736,8700,5362,226,224,8701,225,8702,298,71,8703,801,227,773],"class_list":{"0":"post-623513","1":"post","2":"type-post","3":"status-publish","4":"format-standard","5":"has-post-thumbnail","7":"category-sante","8":"tag-actu-sante","9":"tag-actualite","10":"tag-actualite-sante","11":"tag-conseil-medical","12":"tag-conseils-medicaux","13":"tag-forme","14":"tag-fr","15":"tag-france","16":"tag-grippe","17":"tag-guide-des-medicaments","18":"tag-health","19":"tag-hiver","20":"tag-info-sante","21":"tag-magazine-sante","22":"tag-maladie","23":"tag-medecine","24":"tag-medical","25":"tag-medicament","26":"tag-nutrition-et-sante","27":"tag-psychologie","28":"tag-sante","29":"tag-sexualite","30":"tag-social","31":"tag-traitement","32":"tag-vaccin"},"share_on_mastodon":{"url":"","error":""},"_links":{"self":[{"href":"https:\/\/www.europesays.com\/fr\/wp-json\/wp\/v2\/posts\/623513","targetHints":{"allow":["GET"]}}],"collection":[{"href":"https:\/\/www.europesays.com\/fr\/wp-json\/wp\/v2\/posts"}],"about":[{"href":"https:\/\/www.europesays.com\/fr\/wp-json\/wp\/v2\/types\/post"}],"author":[{"embeddable":true,"href":"https:\/\/www.europesays.com\/fr\/wp-json\/wp\/v2\/users\/2"}],"replies":[{"embeddable":true,"href":"https:\/\/www.europesays.com\/fr\/wp-json\/wp\/v2\/comments?post=623513"}],"version-history":[{"count":0,"href":"https:\/\/www.europesays.com\/fr\/wp-json\/wp\/v2\/posts\/623513\/revisions"}],"wp:featuredmedia":[{"embeddable":true,"href":"https:\/\/www.europesays.com\/fr\/wp-json\/wp\/v2\/media\/623514"}],"wp:attachment":[{"href":"https:\/\/www.europesays.com\/fr\/wp-json\/wp\/v2\/media?parent=623513"}],"wp:term":[{"taxonomy":"category","embeddable":true,"href":"https:\/\/www.europesays.com\/fr\/wp-json\/wp\/v2\/categories?post=623513"},{"taxonomy":"post_tag","embeddable":true,"href":"https:\/\/www.europesays.com\/fr\/wp-json\/wp\/v2\/tags?post=623513"}],"curies":[{"name":"wp","href":"https:\/\/api.w.org\/{rel}","templated":true}]}}