{"id":623517,"date":"2025-12-26T15:20:18","date_gmt":"2025-12-26T15:20:18","guid":{"rendered":"https:\/\/www.europesays.com\/fr\/623517\/"},"modified":"2025-12-26T15:20:18","modified_gmt":"2025-12-26T15:20:18","slug":"imani-smith-rendue-celebre-par-la-comedie-musicale-le-roi-lion-tuee-lors-dune-agression","status":"publish","type":"post","link":"https:\/\/www.europesays.com\/fr\/623517\/","title":{"rendered":"Imani Smith, rendue c\u00e9l\u00e8bre par la com\u00e9die musicale \u00ab\u00a0Le Roi Lion\u00a0\u00bb, tu\u00e9e lors d\u2019une agression"},"content":{"rendered":"<p>La com\u00e9dienne Imani Smith est d\u00e9c\u00e9d\u00e9e apr\u00e8s une agression \u00e0 l\u2019arme blanche ce dimanche \u00e0 Edison dans le New Jersey (<a href=\"https:\/\/www.20minutes.fr\/monde\/etats-unis\/\" class=\"c-link c-link--is-underlined\" target=\"_blank\" rel=\"noopener\">\u00c9tats-Unis<\/a>). Une enqu\u00eate a \u00e9t\u00e9 diligent\u00e9e et a conduit \u00e0 l\u2019inculpation de son petit ami pour <a href=\"https:\/\/www.20minutes.fr\/dossier\/meurtre\" class=\"c-link c-link--is-underlined\" target=\"_blank\" rel=\"noopener\">meurtre<\/a>, mise en danger d\u2019un enfant et possession d\u2019arme \u00e0 des fins ill\u00e9gales. Il a \u00e9t\u00e9 plac\u00e9 en d\u00e9tention au centre correctionnel pour adultes du comt\u00e9 de Middlesex (Etats-Unis), rapporte <a href=\"https:\/\/variety.com\/2025\/legit\/news\/imani-smith-dead-lion-king-boyfriend-charged-murder-1236617288\/\" rel=\"nofollow noopener\" target=\"_blank\" class=\"c-link c-link--is-underlined\">Variety<\/a> ce mercredi.<\/p>\n<p>\u00ab\u00a0Imani avait toute la vie devant elle, a t\u00e9moign\u00e9 la tante de la victime. C\u2019\u00e9tait une personne pleine de vie, aimante et d\u2019un talent exceptionnel.\u00a0\u00bb L\u2019actrice de 25 ans avait acquis une certaine notori\u00e9t\u00e9 en jouant \u00e0 l\u2019\u00e2ge de onze ans le r\u00f4le de Nala dans la com\u00e9die musicale <a href=\"https:\/\/www.20minutes.fr\/dossier\/le_roi_lion\" class=\"c-link c-link--is-underlined\" target=\"_blank\" rel=\"noopener\">Le Roi Lion<\/a> du 27\u00a0septembre 2011 au 23\u00a0septembre 2012.<\/p>\n<p>Une m\u00e8re de famille<\/p>\n<p>L\u2019agression mortelle a eu lieu aux alentours de 9 heures du matin. La police, appel\u00e9e sur place pour une agression \u00e0 l\u2019arme blanche, a retrouv\u00e9 la jeune com\u00e9dienne bless\u00e9e. Transport\u00e9e d\u2019urgence \u00e0 l\u2019h\u00f4pital universitaire Robert-Wood-Johnson, elle est rapidement morte des suites de ses blessures. Imani Smith avait un fils de 3 ans.<\/p>\n<p>L\u2019enqu\u00eate, men\u00e9e par la police d\u2019Edison, a rapidement identifi\u00e9 le petit ami de la victime, \u00e2g\u00e9 de 35 ans, comme un suspect. Ce dernier a \u00e9t\u00e9 interpell\u00e9 sans incident. Aucun autre d\u00e9tail sur le contexte entourant les violences n\u2019a \u00e9t\u00e9 communiqu\u00e9 dans un premier temps. La tante de la jeune femme a lanc\u00e9 <a href=\"https:\/\/www.gofundme.com\/f\/support-the-helper-family-after-the-tragic-loss-of-imani-dia?attribution_id=sl%3A562fc8be-1f68-4c6d-8ff3-f7be4f9d2613&amp;lang=en_US&amp;ts=1766418694&amp;utm_campaign=fp_sharesheet&amp;utm_content=amp17_tb&amp;utm_medium=customer&amp;utm_source=copy_link\" rel=\"nofollow noopener\" target=\"_blank\" class=\"c-link c-link--is-underlined\">une cagnotte en ligne<\/a> afin de rassembler des fonds pour soutenir la famille. Les proches vont devoir \u00ab\u00a0faire le deuil de leur fille tout en \u00e9levant son jeune fils et en soutenant leurs deux autres enfants pendant cette p\u00e9riode traumatisante\u00a0\u00bb, peut-on lire dans le texte accompagnant la lev\u00e9e de fonds.<\/p>\n","protected":false},"excerpt":{"rendered":"La com\u00e9dienne Imani Smith est d\u00e9c\u00e9d\u00e9e apr\u00e8s une agression \u00e0 l\u2019arme blanche ce dimanche \u00e0 Edison dans le&hellip;\n","protected":false},"author":2,"featured_media":623518,"comment_status":"","ping_status":"","sticky":false,"template":"","format":"standard","meta":{"footnotes":""},"categories":[8],"tags":[2594,47,11722,251,3983,58,1067,59,73,3555,1011,27,7793,777,74,973],"class_list":{"0":"post-623517","1":"post","2":"type-post","3":"status-publish","4":"format-standard","5":"has-post-thumbnail","7":"category-divertissement","8":"tag-actrice","9":"tag-actualite","10":"tag-comedie-musicale","11":"tag-culture","12":"tag-deces","13":"tag-divertissement","14":"tag-enquete","15":"tag-entertainment","16":"tag-etats-unis","17":"tag-feminicide","18":"tag-fr","19":"tag-france","20":"tag-le-roi-lion","21":"tag-meurtre","22":"tag-monde","23":"tag-people"},"share_on_mastodon":{"url":"https:\/\/pubeurope.com\/@fr\/115786549008375900","error":""},"_links":{"self":[{"href":"https:\/\/www.europesays.com\/fr\/wp-json\/wp\/v2\/posts\/623517","targetHints":{"allow":["GET"]}}],"collection":[{"href":"https:\/\/www.europesays.com\/fr\/wp-json\/wp\/v2\/posts"}],"about":[{"href":"https:\/\/www.europesays.com\/fr\/wp-json\/wp\/v2\/types\/post"}],"author":[{"embeddable":true,"href":"https:\/\/www.europesays.com\/fr\/wp-json\/wp\/v2\/users\/2"}],"replies":[{"embeddable":true,"href":"https:\/\/www.europesays.com\/fr\/wp-json\/wp\/v2\/comments?post=623517"}],"version-history":[{"count":0,"href":"https:\/\/www.europesays.com\/fr\/wp-json\/wp\/v2\/posts\/623517\/revisions"}],"wp:featuredmedia":[{"embeddable":true,"href":"https:\/\/www.europesays.com\/fr\/wp-json\/wp\/v2\/media\/623518"}],"wp:attachment":[{"href":"https:\/\/www.europesays.com\/fr\/wp-json\/wp\/v2\/media?parent=623517"}],"wp:term":[{"taxonomy":"category","embeddable":true,"href":"https:\/\/www.europesays.com\/fr\/wp-json\/wp\/v2\/categories?post=623517"},{"taxonomy":"post_tag","embeddable":true,"href":"https:\/\/www.europesays.com\/fr\/wp-json\/wp\/v2\/tags?post=623517"}],"curies":[{"name":"wp","href":"https:\/\/api.w.org\/{rel}","templated":true}]}}