{"id":623539,"date":"2025-12-26T15:41:09","date_gmt":"2025-12-26T15:41:09","guid":{"rendered":"https:\/\/www.europesays.com\/fr\/623539\/"},"modified":"2025-12-26T15:41:09","modified_gmt":"2025-12-26T15:41:09","slug":"rouen-la-ligne-de-t4-va-etre-prolongee-jusqua-la-zone-du-madrilet-voici-quand","status":"publish","type":"post","link":"https:\/\/www.europesays.com\/fr\/623539\/","title":{"rendered":"Rouen. La ligne de T4 va \u00eatre prolong\u00e9e jusqu&rsquo;\u00e0 la zone du Madrilet : voici quand"},"content":{"rendered":"<p>                    Par<br \/>\n        <strong><br \/>\n            <a href=\"https:\/\/actu.fr\/auteur\/adrien-filoche\" title=\"Consulter tous les articles de Adrien Filoche\" target=\"_blank\" rel=\"noopener\">Adrien Filoche<\/a><br \/>\n                    <\/strong><\/p>\n<p>        Publi\u00e9 le<\/p>\n<p>            26 d\u00e9c. 2025 \u00e0 16h32        <\/p>\n<p><strong>Bonne nouvelle pour les utilisateurs de la ligne T4\u2009!<\/strong> \u00c0 <a href=\"https:\/\/actu.fr\/normandie\/rouen_76540\" target=\"_blank\" rel=\"noopener\">Rouen (Seine-Maritime)<\/a>, la ligne de Teor T4 sera prolong\u00e9e \u00e0 partir du 5\u00a0janvier 2026 jusqu\u2019\u00e0 la zone du Madrillet. Cette extension permettra ainsi une connexion avec la ligne de m\u00e9tro \u00e0 la station Technop\u00f4le. On vous explique.<\/p>\n<p>Un nouveau terminus \u00e0 Technop\u00f4le pour la ligne T4<\/p>\n<p class=\" wall-content\">Inaugur\u00e9e en 2019, cette ligne a permis dans un premier temps de relier le Zenith de Rouen \u00e0 la place du Boulingrin. Dans le sens de Boulingrin, la T4 avait \u00e9t\u00e9 dans un premier temps <a href=\"https:\/\/actu.fr\/normandie\/rouen_76540\/fin-des-travaux-nouveaux-arrets-ce-que-l-on-sait-de-l-extension-de-la-ligne-t4-a-rouen_52930113.html\" target=\"_blank\" rel=\"noopener\">prolong\u00e9e en 2022<\/a> jusqu\u2019au CHU de Rouen puis au MTC (medical training center).<\/p>\n<p class=\" wall-content\">D\u00e8s le 5\u00a0janvier 2026, ce sera donc dans l\u2019autre sens, vers le Z\u00e9nith, que la ligne offrira trois nouveaux arr\u00eats \u2014 Mare aux Sangsues, lyc\u00e9e Le Corbusier, et son <strong>terminus \u00e0 Technop\u00f4le<\/strong> \u2014 comme le pr\u00e9sente le R\u00e9seau Astuce.<\/p>\n<p>    <a href=\"https:\/\/www.facebook.com\/plugins\/post.php?href=https%3A%2F%2Fwww.facebook.com%2FReseauAstuce%2Fposts%2Fpfbid035REoDGE1xhqLDaFgBeWL1vLroMMUAgoaJddcPc4PrTZVVABsqLBm4EBCG2zY2fFZl&amp;show_text=true&amp;width=350\" title=\"Ouvrie le lien\" target=\"_blank\" rel=\"noopener\">Cliquez ici pour visualiser le contenu<\/a><\/p>\n<p class=\" wall-content\">En service de 5h15 \u00e0 minuit, la ligne T4 propose des passages toutes les six minutes en heure de pointe et les huit minutes en heures creuses.<\/p>\n<p>Vid\u00e9os : en ce moment sur ActuSuivez l\u2019actualit\u00e9 de Rouen sur <a href=\"https:\/\/www.whatsapp.com\/channel\/0029VaKfnf99hXF2ddApFB1D\" target=\"_blank\" rel=\"noopener\">notre cha\u00eene WhatsApp<\/a> et sur <a href=\"https:\/\/www.tiktok.com\/@76actu.fr?lang=fr\" target=\"_blank\" rel=\"noopener\">notre compte TikTok<\/a><\/p>\n<p class=\" wall-content\">Personnalisez votre actualit\u00e9 en ajoutant vos villes et m\u00e9dias en favori avec <a href=\"https:\/\/moncompte.actu.fr\" title=\"D\u00e9couvez Mon Actu\" rel=\"nofollow noopener\" data-trk=\"{&quot;cta&quot;:{&quot;action&quot;:&quot;https:\\\/\\\/moncompte.actu.fr&quot;,&quot;category&quot;:&quot;mon compte&quot;,&quot;from&quot;:&quot;article footer&quot;,&quot;name&quot;:&quot;Mon actu&quot;,&quot;type&quot;:&quot;cta&quot;}}\" target=\"_blank\">Mon Actu<\/a>.<\/p>\n<p>                    <script async src=\"\/\/www.tiktok.com\/embed.js\"><\/script><\/p>\n","protected":false},"excerpt":{"rendered":"Par Adrien Filoche Publi\u00e9 le 26 d\u00e9c. 2025 \u00e0 16h32 Bonne nouvelle pour les utilisateurs de la ligne&hellip;\n","protected":false},"author":2,"featured_media":623540,"comment_status":"","ping_status":"","sticky":false,"template":"","format":"standard","meta":{"footnotes":""},"categories":[9587],"tags":[1111,11,9086,1777,674,1011,27,12,5161,25,9590,104,2803],"class_list":{"0":"post-623539","1":"post","2":"type-post","3":"status-publish","4":"format-standard","5":"has-post-thumbnail","7":"category-rouen","8":"tag-actu","9":"tag-actualites","10":"tag-bon-plan-a-rouen","11":"tag-eu","12":"tag-europe","13":"tag-fr","14":"tag-france","15":"tag-news","16":"tag-normandie","17":"tag-republique-francaise","18":"tag-rouen","19":"tag-societe","20":"tag-transport"},"share_on_mastodon":{"url":"https:\/\/pubeurope.com\/@fr\/115786631391952818","error":""},"_links":{"self":[{"href":"https:\/\/www.europesays.com\/fr\/wp-json\/wp\/v2\/posts\/623539","targetHints":{"allow":["GET"]}}],"collection":[{"href":"https:\/\/www.europesays.com\/fr\/wp-json\/wp\/v2\/posts"}],"about":[{"href":"https:\/\/www.europesays.com\/fr\/wp-json\/wp\/v2\/types\/post"}],"author":[{"embeddable":true,"href":"https:\/\/www.europesays.com\/fr\/wp-json\/wp\/v2\/users\/2"}],"replies":[{"embeddable":true,"href":"https:\/\/www.europesays.com\/fr\/wp-json\/wp\/v2\/comments?post=623539"}],"version-history":[{"count":0,"href":"https:\/\/www.europesays.com\/fr\/wp-json\/wp\/v2\/posts\/623539\/revisions"}],"wp:featuredmedia":[{"embeddable":true,"href":"https:\/\/www.europesays.com\/fr\/wp-json\/wp\/v2\/media\/623540"}],"wp:attachment":[{"href":"https:\/\/www.europesays.com\/fr\/wp-json\/wp\/v2\/media?parent=623539"}],"wp:term":[{"taxonomy":"category","embeddable":true,"href":"https:\/\/www.europesays.com\/fr\/wp-json\/wp\/v2\/categories?post=623539"},{"taxonomy":"post_tag","embeddable":true,"href":"https:\/\/www.europesays.com\/fr\/wp-json\/wp\/v2\/tags?post=623539"}],"curies":[{"name":"wp","href":"https:\/\/api.w.org\/{rel}","templated":true}]}}