{"id":623543,"date":"2025-12-26T15:45:34","date_gmt":"2025-12-26T15:45:34","guid":{"rendered":"https:\/\/www.europesays.com\/fr\/623543\/"},"modified":"2025-12-26T15:45:34","modified_gmt":"2025-12-26T15:45:34","slug":"un-renfort-de-choix-pour-la-defense-grenobloise-2","status":"publish","type":"post","link":"https:\/\/www.europesays.com\/fr\/623543\/","title":{"rendered":"un renfort de choix pour la d\u00e9fense grenobloise ?"},"content":{"rendered":"<p itemprop=\"description\"><strong>Un cadeau de No\u00ebl pour les supporters des Br\u00fbleurs de Loups.<\/strong><\/p>\n<p>Ce jeudi, le club grenoblois a annonc\u00e9 l&rsquo;arriv\u00e9e du d\u00e9fenseur am\u00e9ricain Andrius Kulbis-Marino. Ag\u00e9 de 25 ans, il a fait toute sa carri\u00e8re outre-Atlantique, du championnat am\u00e9ricain des lyc\u00e9es jusqu&rsquo;\u00e0 la ECHL, troisi\u00e8me division derri\u00e8re la NHL et la LAH.<\/p>\n<p>Andrius Kulbis-Marino quitte donc son continent et les Greensboro Gargoyles pour la capitale des Alpes.<\/p>\n<p>\u00ab\u00a0J\u2019ai choisi Grenoble pour sa culture de la victoire et son professionnalisme. Le club a une solide r\u00e9putation dans le d\u00e9veloppement des joueurs et se bat chaque saison pour le titre en Synerglace Ligue Magnus, et c\u2019est exactement le type d\u2019environnement dans lequel je souhaite \u00e9voluer\u00a0\u00bb, r\u00e9agit-il dans le communiqu\u00e9 du club.<\/p>\n<p>\u00ab\u00a0Collectivement, l\u2019objectif est de se battre pour les troph\u00e9es en Synerglace Ligue Magnus, en Coupe de France, et de donner le meilleur de nous-m\u00eames \u00e0 chaque match. Je me concentre sur ma progression semaine apr\u00e8s semaine et sur tout ce que je peux faire pour aider Grenoble \u00e0 r\u00e9ussir\u00a0\u00bb, conclut le d\u00e9fenseur droit qui portera le n\u00b047 avec les Br\u00fbleurs de Loups.<\/p>\n","protected":false},"excerpt":{"rendered":"Un cadeau de No\u00ebl pour les supporters des Br\u00fbleurs de Loups. Ce jeudi, le club grenoblois a annonc\u00e9&hellip;\n","protected":false},"author":2,"featured_media":622989,"comment_status":"","ping_status":"","sticky":false,"template":"","format":"standard","meta":{"footnotes":""},"categories":[9566],"tags":[1111,11,2813,2430,1109,251,1112,2811,1777,674,118,1011,27,21780,2731,14004,1922,1110,1114,108,12,316,25,2812,517,800],"class_list":{"0":"post-623543","1":"post","2":"type-post","3":"status-publish","4":"format-standard","5":"has-post-thumbnail","7":"category-grenoble","8":"tag-actu","9":"tag-actualites","10":"tag-article","11":"tag-auvergne-rhone-alpes","12":"tag-breves","13":"tag-culture","14":"tag-depeches","15":"tag-economique","16":"tag-eu","17":"tag-europe","18":"tag-faits-divers","19":"tag-fr","20":"tag-france","21":"tag-gf38","22":"tag-grenoble","23":"tag-grenoblemag","24":"tag-info","25":"tag-informations","26":"tag-infos","27":"tag-isere","28":"tag-news","29":"tag-politique","30":"tag-republique-francaise","31":"tag-sociale","32":"tag-sport","33":"tag-transports"},"share_on_mastodon":{"url":"https:\/\/pubeurope.com\/@fr\/115786646994944052","error":""},"_links":{"self":[{"href":"https:\/\/www.europesays.com\/fr\/wp-json\/wp\/v2\/posts\/623543","targetHints":{"allow":["GET"]}}],"collection":[{"href":"https:\/\/www.europesays.com\/fr\/wp-json\/wp\/v2\/posts"}],"about":[{"href":"https:\/\/www.europesays.com\/fr\/wp-json\/wp\/v2\/types\/post"}],"author":[{"embeddable":true,"href":"https:\/\/www.europesays.com\/fr\/wp-json\/wp\/v2\/users\/2"}],"replies":[{"embeddable":true,"href":"https:\/\/www.europesays.com\/fr\/wp-json\/wp\/v2\/comments?post=623543"}],"version-history":[{"count":0,"href":"https:\/\/www.europesays.com\/fr\/wp-json\/wp\/v2\/posts\/623543\/revisions"}],"wp:featuredmedia":[{"embeddable":true,"href":"https:\/\/www.europesays.com\/fr\/wp-json\/wp\/v2\/media\/622989"}],"wp:attachment":[{"href":"https:\/\/www.europesays.com\/fr\/wp-json\/wp\/v2\/media?parent=623543"}],"wp:term":[{"taxonomy":"category","embeddable":true,"href":"https:\/\/www.europesays.com\/fr\/wp-json\/wp\/v2\/categories?post=623543"},{"taxonomy":"post_tag","embeddable":true,"href":"https:\/\/www.europesays.com\/fr\/wp-json\/wp\/v2\/tags?post=623543"}],"curies":[{"name":"wp","href":"https:\/\/api.w.org\/{rel}","templated":true}]}}