{"id":623544,"date":"2025-12-26T15:47:13","date_gmt":"2025-12-26T15:47:13","guid":{"rendered":"https:\/\/www.europesays.com\/fr\/623544\/"},"modified":"2025-12-26T15:47:13","modified_gmt":"2025-12-26T15:47:13","slug":"ces-bretons-vont-tenter-de-remporter-la-finale-de-la-meilleure-chorale-de-france","status":"publish","type":"post","link":"https:\/\/www.europesays.com\/fr\/623544\/","title":{"rendered":"ces Bretons vont tenter de remporter la finale de La Meilleure chorale de France"},"content":{"rendered":"<p>                    Par<br \/>\n        <strong><br \/>\n            <a href=\"https:\/\/actu.fr\/auteur\/clemence-pays02-actu-fr\" title=\"Consulter tous les articles de Cl\u00e9mence Pays\" target=\"_blank\" rel=\"noopener\">Cl\u00e9mence Pays<\/a><br \/>\n                    <\/strong><\/p>\n<p>        Publi\u00e9 le<\/p>\n<p>            26 d\u00e9c. 2025 \u00e0 16h09        <\/p>\n<p>La meilleure chorale de France pourrait bien \u00eatre bretonne. <strong>Appoggio,<\/strong> formation bas\u00e9e \u00e0 <a href=\"https:\/\/actu.fr\/rennes\/\" target=\"_blank\" rel=\"noopener\">Rennes<\/a>, va tenter de d\u00e9crocher ce titre, ce vendredi 26\u00a0d\u00e9cembre 2025 lors d\u2019un <strong>concours t\u00e9l\u00e9vis\u00e9<\/strong> diffus\u00e9 sur France 3.<\/p>\n<p class=\" wall-content\">La semaine derni\u00e8re, sur la sc\u00e8ne du <strong>Royal Palace<\/strong> en Alsace, Appoggio a fait face \u00e0 treize autres chorales venues de toute la France et a su <strong>convaincre le jury<\/strong> \u2013 compos\u00e9 de Vincent Niclo, Adeline Tonuitti, Nicoletta et Chim\u00e8ne Badi \u2013 d\u00e9crochant son<strong> ticket pour la finale.<\/strong> Ce soir, les Bretons affronteront dix autres formations.<\/p>\n<p>\u00ab\u2009Une exp\u00e9rience unique\u2009\u00bb<\/p>\n<p class=\" wall-content\">C\u2019est en avril, que la production de l\u2019\u00e9mission La meilleure chorale de France a contact\u00e9 Appoggio pour savoir si elle \u00e9tait int\u00e9ress\u00e9e pour candidater \u00e0 l\u2019\u00e9mission.<\/p>\n<p class=\" wall-content\">Apr\u00e8s concertation, la formation compos\u00e9e de <strong>22 choristes amateurs bretilliens<\/strong> \u2013 \u00ab\u2009mais tous issus du monde de la musique\u2009\u00bb \u2013 a accept\u00e9 de relever le d\u00e9fi. \u00ab\u2009On a appris qu\u2019on \u00e9tait s\u00e9lectionn\u00e9s pour l\u2019\u00e9mission au cours de l\u2019\u00e9t\u00e9\u2009\u00bb, retrace Mathilde Legeai, choriste soprano dans la chorale Appoggio.<\/p>\n<p>    <img   decoding=\"async\" loading=\"lazy\" src=\"https:\/\/www.europesays.com\/fr\/wp-content\/uploads\/2025\/12\/2-chorale-appoggio-rennes-concours-television-france-3-meilleure-chorale-de-france-960x640.jpeg\" alt=\"La chorale Appoggio est bas\u00e9e \u00e0 Rennes et se compose de choristes de toute l'Ille-et-Vilaine\" width=\"960\" height=\"640\"\/><br \/>\n    La chorale Appoggio est bas\u00e9e \u00e0 Rennes et se compose de choristes de toute l\u2019Ille-et-Vilaine (\u00a9Appoggio\/Transmis \u00e0 actu Rennes)<\/p>\n<p class=\" wall-content\">Les membres de l\u2019\u00e9quipe sont donc partis \u00ab\u2009en mode colonie de vacances\u2009\u00bb dans un minibus, <strong>direction l\u2019Alsace, pour tourner l\u2019\u00e9mission<\/strong> durant les vacances de la Toussaint.<\/p>\n<blockquote class=\"ac-article-quote wall-content\">\n<p>C&rsquo;est euphorisant. C&rsquo;est une exp\u00e9rience unique de partir \u00e0 l&rsquo;aventure comme \u00e7a et de vivre avant tout cette exp\u00e9rience humaine. C&rsquo;est aussi un challenge de passer \u00e0 t\u00e9l\u00e9vision, donc on a tous beaucoup travaill\u00e9.<\/p>\n<p>    <strong>Mathilde Legeai<\/strong><br \/>\n        Choriste Appoggio    <\/p><\/blockquote>\n<p>Votre r\u00e9gion, votre actu !<\/p>\n<p>Recevez chaque jour les infos qui comptent pour vous.<\/p>\n<p>\t<a href=\"https:\/\/actu.fr\/newsletter\" class=\"ac-btn ac-btn--corner ac-btn--medium ac-btn--blue800\" target=\"_blank\" rel=\"noopener\">S&rsquo;incrire<\/a><br \/>\nLa mise en sc\u00e8ne, la sp\u00e9cialit\u00e9 d\u2019Appoggio<\/p>\n<p class=\" wall-content\">Sur sc\u00e8ne, les choristes d\u2019Appoggio ont embarqu\u00e9 les spectateurs dans leur univers qui fait la part belle aux <strong>musiques de films et d\u2019anim\u00e9s,<\/strong> comme Alice aux pays des merveilles, Star Wars ou encore Le Magicien d\u2019Oz.<\/p>\n<p class=\" wall-content\"><a href=\"https:\/\/www.instagram.com\/p\/DSiIFeeiMY-\/embed\" title=\"Ouvrir le lien sur Instagram\" target=\"_blank\" rel=\"noopener\">Visualiser le contenu sur Instagram<\/a><\/p>\n<p class=\" wall-content\">Sous la direction d\u2019El\u00e9onore Le Lamer, cheffe de ch\u0153ur, la chorale ne se contente pas de chanter. \u00ab\u2009On travaille sur la mise en sc\u00e8ne. C\u2019est notre sp\u00e9cialit\u00e9. <strong>Nous sommes une chorale en mouvement.<\/strong> On essaye d\u2019apporter le geste \u00e0 la parole\u2009\u00bb, poursuit Mathilde Legeai.<\/p>\n<p class=\" wall-content\">Une mani\u00e8re de se d\u00e9marquer des concurrents et, peut-\u00eatre, de remporter la victoire. \u00ab\u2009C\u2019\u00e9tait extraordinaire de passer le premier tour. Notre <strong>objectif \u00e9tait d\u2019aller au bout<\/strong> en se faisant plaisir. Chacun s\u2019est investi et donn\u00e9 pour \u00e7a.\u2009\u00bb Verdict ce soir.<\/p>\n<p>Vendredi 26\u00a0d\u00e9cembre, \u00e0 21h10, sur France 3, finale de La Meilleure chorale de France.<\/p>\n<p class=\" wall-content\">Personnalisez votre actualit\u00e9 en ajoutant vos villes et m\u00e9dias en favori avec <a href=\"https:\/\/moncompte.actu.fr\" title=\"D\u00e9couvez Mon Actu\" rel=\"nofollow noopener\" data-trk=\"{&quot;cta&quot;:{&quot;action&quot;:&quot;https:\\\/\\\/moncompte.actu.fr&quot;,&quot;category&quot;:&quot;mon compte&quot;,&quot;from&quot;:&quot;article footer&quot;,&quot;name&quot;:&quot;Mon actu&quot;,&quot;type&quot;:&quot;cta&quot;}}\" target=\"_blank\">Mon Actu<\/a>.<\/p>\n<p>                    <script async src=\"\/\/www.instagram.com\/embed.js\"><\/script><\/p>\n","protected":false},"excerpt":{"rendered":"Par Cl\u00e9mence Pays Publi\u00e9 le 26 d\u00e9c. 2025 \u00e0 16h09 La meilleure chorale de France pourrait bien \u00eatre&hellip;\n","protected":false},"author":2,"featured_media":623545,"comment_status":"","ping_status":"","sticky":false,"template":"","format":"standard","meta":{"footnotes":""},"categories":[2821],"tags":[1111,11,829,1777,674,1011,27,12,584,25,104,252],"class_list":{"0":"post-623544","1":"post","2":"type-post","3":"status-publish","4":"format-standard","5":"has-post-thumbnail","7":"category-rennes","8":"tag-actu","9":"tag-actualites","10":"tag-bretagne","11":"tag-eu","12":"tag-europe","13":"tag-fr","14":"tag-france","15":"tag-news","16":"tag-rennes","17":"tag-republique-francaise","18":"tag-societe","19":"tag-television"},"share_on_mastodon":{"url":"https:\/\/pubeurope.com\/@fr\/115786655780359587","error":""},"_links":{"self":[{"href":"https:\/\/www.europesays.com\/fr\/wp-json\/wp\/v2\/posts\/623544","targetHints":{"allow":["GET"]}}],"collection":[{"href":"https:\/\/www.europesays.com\/fr\/wp-json\/wp\/v2\/posts"}],"about":[{"href":"https:\/\/www.europesays.com\/fr\/wp-json\/wp\/v2\/types\/post"}],"author":[{"embeddable":true,"href":"https:\/\/www.europesays.com\/fr\/wp-json\/wp\/v2\/users\/2"}],"replies":[{"embeddable":true,"href":"https:\/\/www.europesays.com\/fr\/wp-json\/wp\/v2\/comments?post=623544"}],"version-history":[{"count":0,"href":"https:\/\/www.europesays.com\/fr\/wp-json\/wp\/v2\/posts\/623544\/revisions"}],"wp:featuredmedia":[{"embeddable":true,"href":"https:\/\/www.europesays.com\/fr\/wp-json\/wp\/v2\/media\/623545"}],"wp:attachment":[{"href":"https:\/\/www.europesays.com\/fr\/wp-json\/wp\/v2\/media?parent=623544"}],"wp:term":[{"taxonomy":"category","embeddable":true,"href":"https:\/\/www.europesays.com\/fr\/wp-json\/wp\/v2\/categories?post=623544"},{"taxonomy":"post_tag","embeddable":true,"href":"https:\/\/www.europesays.com\/fr\/wp-json\/wp\/v2\/tags?post=623544"}],"curies":[{"name":"wp","href":"https:\/\/api.w.org\/{rel}","templated":true}]}}