{"id":623546,"date":"2025-12-26T15:48:12","date_gmt":"2025-12-26T15:48:12","guid":{"rendered":"https:\/\/www.europesays.com\/fr\/623546\/"},"modified":"2025-12-26T15:48:12","modified_gmt":"2025-12-26T15:48:12","slug":"les-rennes-du-pere-noel-ont-fait-escale-dans-ce-village-de-seine-et-marne","status":"publish","type":"post","link":"https:\/\/www.europesays.com\/fr\/623546\/","title":{"rendered":"Les rennes du p\u00e8re No\u00ebl ont fait escale dans ce village de Seine-et-Marne"},"content":{"rendered":"<p>                    Par<br \/>\n        <strong><br \/>\n            <a href=\"https:\/\/actu.fr\/auteur\/gerald-delin\" title=\"Consulter tous les articles de Gerald Delin\" target=\"_blank\" rel=\"noopener\">Gerald Delin<\/a><br \/>\n                    <\/strong><\/p>\n<p>        Publi\u00e9 le<\/p>\n<p>            26 d\u00e9c. 2025 \u00e0 16h30        <\/p>\n<p>La magie de No\u00ebl a jou\u00e9 \u00e0 fond le samedi 13\u00a0d\u00e9cembre 2025 toute la journ\u00e9e en transportant le centre-ville de <a href=\"https:\/\/actu.fr\/ile-de-france\/rebais_77385\" target=\"_blank\" rel=\"noopener\">Rebais<\/a> au c\u0153ur de la Laponie. L\u2019attraction phare du jour, imagin\u00e9e par l\u2019Association Brie Champagne.com et ses b\u00e9n\u00e9voles, \u00e9tait au c\u0153ur de toutes les attentions. La pr\u00e9sence dans un enclos d\u00e9cor\u00e9 et s\u00e9curis\u00e9 de deux rennes choy\u00e9s et surveill\u00e9s de pr\u00e8s par leurs soigneurs en tenue lapons a attir\u00e9 les regards.<\/p>\n<p class=\" wall-content\">Cette animation, jamais vue dans la petite cit\u00e9 briarde de <a href=\"https:\/\/actu.fr\/ile-de-france\/seine-et-marne_77\" target=\"_blank\" rel=\"noopener\">Seine-et-Marne<\/a>, invitait \u00e0 plonger dans un univers inconnu. Elle suscitait une curiosit\u00e9 l\u00e9gitime. La visite d\u00e9clenchait pour chacun un instant charg\u00e9 de r\u00eaves tant ces rennes et leurs bois majestueux sont li\u00e9s dans l\u2019imaginaire collectif \u00e0 la l\u00e9gende du p\u00e8re No\u00ebl et de son tra\u00eeneau charg\u00e9 de cadeaux.<\/p>\n<p>Des passionn\u00e9s<\/p>\n<p class=\" wall-content\">Les petits resbaciens, comme les grands, n\u2019ont pas voulu manquer l\u2019\u00e9v\u00e9nement. Ils se pressaient tout au long de l\u2019apr\u00e8s-midi, pour admirer ces animaux bien pacifiques, mais qui ont fi\u00e8re allure. Beaucoup ont interrog\u00e9 les soigneurs.<\/p>\n<p class=\" wall-content\">Cette animation \u00e9tait propos\u00e9e sur la place du march\u00e9 de l\u2019association familiale par une association compos\u00e9e de professionnels <b>passionn\u00e9s du monde animalier<\/b>\u2009: Le petit monde d\u2019A\u00eflo. Une responsable en tenue traditionnelle d\u00e9clare\u2009: \u00ab\u2009Nos rennes, n\u00e9s dans l\u2019Union europ\u00e9enne, sont \u00e2g\u00e9s de cinq ans. Ils se nomment Fringant et A\u00eflo. Pour les nourrir nous leur fournissons un granul\u00e9 import\u00e9 directement de Laponie. Il est compos\u00e9 d\u2019algues et de s\u00e9l\u00e9nium.\u2009\u00bb<\/p>\n<p class=\" wall-content\">Loin de leurs contr\u00e9es enneig\u00e9es, les rennes ne souffrent-ils pas trop en \u00e9t\u00e9 de la canicule\u2009? \u00ab\u2009Pendant cette p\u00e9riode, <b>ils sont \u00e0 l\u2019abri au frais<\/b>. Nous les \u00e9quipons pour qu\u2019ils se rafra\u00eechissent\u2009\u00bb, pr\u00e9cise-t-elle. Si la venue de ces rennes est une premi\u00e8re en Seine-et-Marne, ils sont d\u00e9j\u00e0 venus en Picardie, dans le d\u00e9partement voisin de l\u2019Aisne, \u00e0 Anizy-le-Ch\u00e2teau.<\/p>\n<p>Vid\u00e9os : en ce moment sur ActuAmbiance de No\u00ebl<\/p>\n<p class=\" wall-content\">Outre les rennes du p\u00e8re No\u00ebl, les festivit\u00e9s ouvertes depuis le d\u00e9but de la matin\u00e9e offraient de nombreux bons plans pour se mettre dans l\u2019ambiance de No\u00ebl soit \u00e0 travers les nombreux stands de jeux, la pr\u00e9sence du p\u00e8re No\u00ebl et de son photographe, la visite du village de No\u00ebl install\u00e9 dans le local de l\u2019office de tourisme, sans oublier le questionnaire propos\u00e9 par la majorit\u00e9 des commerces du centre-ville.<\/p>\n<p class=\" wall-content\">En conclusion, une fois de plus cette f\u00eate a su mobiliser au pied du grand sapin et autour d\u2019une pr\u00e9sence insolite la population locale et celle des environs pour un moment joyeux et enchanteur.<\/p>\n<p class=\" wall-content\">Personnalisez votre actualit\u00e9 en ajoutant vos villes et m\u00e9dias en favori avec <a href=\"https:\/\/moncompte.actu.fr\" title=\"D\u00e9couvez Mon Actu\" rel=\"nofollow noopener\" data-trk=\"{&quot;cta&quot;:{&quot;action&quot;:&quot;https:\\\/\\\/moncompte.actu.fr&quot;,&quot;category&quot;:&quot;mon compte&quot;,&quot;from&quot;:&quot;article footer&quot;,&quot;name&quot;:&quot;Mon actu&quot;,&quot;type&quot;:&quot;cta&quot;}}\" target=\"_blank\">Mon Actu<\/a>.<\/p>\n","protected":false},"excerpt":{"rendered":"Par Gerald Delin Publi\u00e9 le 26 d\u00e9c. 2025 \u00e0 16h30 La magie de No\u00ebl a jou\u00e9 \u00e0 fond&hellip;\n","protected":false},"author":2,"featured_media":623547,"comment_status":"","ping_status":"","sticky":false,"template":"","format":"standard","meta":{"footnotes":""},"categories":[2821],"tags":[1111,11,829,1777,674,1011,27,1652,2089,12,15830,584,25],"class_list":{"0":"post-623546","1":"post","2":"type-post","3":"status-publish","4":"format-standard","5":"has-post-thumbnail","7":"category-rennes","8":"tag-actu","9":"tag-actualites","10":"tag-bretagne","11":"tag-eu","12":"tag-europe","13":"tag-fr","14":"tag-france","15":"tag-loisirs-culture","16":"tag-marche","17":"tag-news","18":"tag-noel","19":"tag-rennes","20":"tag-republique-francaise"},"share_on_mastodon":{"url":"https:\/\/pubeurope.com\/@fr\/115786658870437348","error":""},"_links":{"self":[{"href":"https:\/\/www.europesays.com\/fr\/wp-json\/wp\/v2\/posts\/623546","targetHints":{"allow":["GET"]}}],"collection":[{"href":"https:\/\/www.europesays.com\/fr\/wp-json\/wp\/v2\/posts"}],"about":[{"href":"https:\/\/www.europesays.com\/fr\/wp-json\/wp\/v2\/types\/post"}],"author":[{"embeddable":true,"href":"https:\/\/www.europesays.com\/fr\/wp-json\/wp\/v2\/users\/2"}],"replies":[{"embeddable":true,"href":"https:\/\/www.europesays.com\/fr\/wp-json\/wp\/v2\/comments?post=623546"}],"version-history":[{"count":0,"href":"https:\/\/www.europesays.com\/fr\/wp-json\/wp\/v2\/posts\/623546\/revisions"}],"wp:featuredmedia":[{"embeddable":true,"href":"https:\/\/www.europesays.com\/fr\/wp-json\/wp\/v2\/media\/623547"}],"wp:attachment":[{"href":"https:\/\/www.europesays.com\/fr\/wp-json\/wp\/v2\/media?parent=623546"}],"wp:term":[{"taxonomy":"category","embeddable":true,"href":"https:\/\/www.europesays.com\/fr\/wp-json\/wp\/v2\/categories?post=623546"},{"taxonomy":"post_tag","embeddable":true,"href":"https:\/\/www.europesays.com\/fr\/wp-json\/wp\/v2\/tags?post=623546"}],"curies":[{"name":"wp","href":"https:\/\/api.w.org\/{rel}","templated":true}]}}