{"id":623550,"date":"2025-12-26T15:51:16","date_gmt":"2025-12-26T15:51:16","guid":{"rendered":"https:\/\/www.europesays.com\/fr\/623550\/"},"modified":"2025-12-26T15:51:16","modified_gmt":"2025-12-26T15:51:16","slug":"mais-pourquoi-surnomme-t-on-le-littoral-nicois-la-baie-des-anges","status":"publish","type":"post","link":"https:\/\/www.europesays.com\/fr\/623550\/","title":{"rendered":"Mais pourquoi surnomme-t-on le littoral ni\u00e7ois \u00ab\u00a0La Baie des Anges\u00a0\u00bb ?"},"content":{"rendered":"<p><strong><a href=\"https:\/\/nicepresse.com\/sujet\/les-pourquoi-nicois\/\" data-wpel-link=\"internal\" target=\"_blank\" rel=\"noopener\">Les pourquoi ni\u00e7ois<\/a> &#8211; Un point de rendez-vous qui fait r\u00eaver, et une appellation po\u00e9tique\u00a0! \u00c0\u00a0Nice, le littoral maralpin est aussi surnomm\u00e9 \u00ab\u00a0la Baie des Anges\u00a0\u00bb. M\u00eame si tout ceci reste incertain, il y\u00a0aurait un animal derri\u00e8re tout\u00a0\u00e7a\u2026<\/strong><\/p>\n<p>Vous souhaitez briller lors de vos prochains d\u00eeners\u00a0? Voici une anecdote que vous pourriez livrer \u00e0\u00a0vos amis et connaissances pour d\u00e9montrer votre culture locale. Du mont Boron \u00e0\u00a0Nice au cap d\u2019Antibes, se d\u00e9voile une baie splendide, incarnant parfaitement les tr\u00e9sors de la C\u00f4te d\u2019Azur. On l\u2019appelle \u00ab\u00a0la Baie des Anges\u00a0\u00bb, mais savez-vous pourquoi\u00a0?<\/p>\n<p>Plusieurs l\u00e9gendes circulent \u00e0\u00a0ce sujet, mais l\u2019explication la plus probable nous vient de la Grande Bleue. Cette parcelle du rivage m\u00e9diterran\u00e9en a\u00a0durant longtemps accueilli un requin assez sp\u00e9cial connu sous l\u2019appellation de \u00ab\u00a0Squatina squatina\u00a0\u00bb. Une esp\u00e8ce qui peut \u00e9galement \u00eatre confondue avec une raie, et que l\u2019on nomme plus commun\u00e9ment \u00ab\u00a0l\u2019ange de\u00a0mer\u00a0\u00bb.<\/p>\n<p><a href=\"https:\/\/espacelympia.departement06.fr\/agenda\/brigitte-mylene-et-michele-les-petites-cheries-de-la-cote-dazur\" data-wpel-link=\"external\" target=\"_blank\" rel=\"external noopener noreferrer\"><img loading=\"lazy\" decoding=\"async\" width=\"300\" height=\"300\" src=\"https:\/\/www.europesays.com\/fr\/wp-content\/uploads\/2025\/12\/APWeb_LPC_300x300_YB_300-x-300.jpg\" alt=\"\" class=\"wp-image-262664\"\/><\/a><\/p>\n<p>Esp\u00e8ce en grand danger<\/p>\n<p>Un poisson inofensif reconnaissable \u00e0\u00a0ses motifs dor\u00e9s. Mais aujourd\u2019hui, on ne le trouve plus le long de notre rivage. En voie de disparition, la bestiole n\u2019a plus \u00e9t\u00e9 observ\u00e9e par chez nous depuis les ann\u00e9es 1950. Elle est d\u2019ailleurs officiellement consid\u00e9r\u00e9e comme disparue des c\u00f4tes fran\u00e7aises, \u00e0\u00a0cause de la surp\u00eache. Sa capture est interdite depuis 2010, tandis qu\u2019elle est class\u00e9e comme \u00ab\u00a0en danger critique d\u2019extinction\u00a0\u00bb depuis 2006.<\/p>\n<blockquote class=\"instagram-media\" data-instgrm-permalink=\"https:\/\/www.instagram.com\/p\/C8rytjAN_fr\/?utm_source=ig_embed&amp;utm_campaign=loading\" data-instgrm-version=\"14\" style=\" background:#FFF; border:0; border-radius:3px; box-shadow:0 0 1px 0 rgba(0,0,0,0.5),0 1px 10px 0 rgba(0,0,0,0.15); margin: 1px; max-width:540px; min-width:326px; padding:0; width:99.375%; width:-webkit-calc(100% - 2px); width:calc(100% - 2px);\"\/>\n<p>N\u00e9anmoins, il est possible d\u2019en apercevoir quelques exemplaires au Mus\u00e9um d\u2019histoire naturelle de Nice.\u00a0Remontant \u00e0\u00a0plusieurs centaines d\u2019ann\u00e9es\u00a0: 1878 et 1879. On remarque alors sa forme plate, \u00e0\u00a0l\u2019image de la raie. Ce qui diff\u00e9rencie cet animal de sa cong\u00e9n\u00e8re, ce sont ses nageoires et sa t\u00eate, qui ne sont pas fusionn\u00e9es entre\u00a0elles.<\/p>\n<p>Il s\u2019appelle ainsi \u00e0\u00a0cause de ses ailerons en forme d\u2019ailes<\/p>\n<p>Pr\u00e9nomm\u00e9 \u00ab\u00a0requin-ange\u00a0\u00bb en raison de ses deux ailerons en forme d\u2019ailes, il \u00e9tait surtout c\u00e9l\u00e8bre aupr\u00e8s des p\u00eacheurs locaux au si\u00e8cle dernier. Pour chasser, il utilise un ing\u00e9nieux stratag\u00e8me, celui de se cacher sous les fonds sableux afin de tendre des embuscades \u00e0\u00a0ses proies comme les mollusques, les pieuvres ou autres cr\u00e9atures aquatiques. Il ouvre alors sa gueule en grand pour ingurgiter tout ce qui\u00a0passe.<\/p>\n<p>Le \u00ab\u00a0Squatina squatina\u00a0\u00bb, bien que parmi les 100 esp\u00e8ces les plus menac\u00e9es du monde d\u2019apr\u00e8s l\u2019Union internationale pour la conservation de la nature, est encore visible en Corse. En effet, Laurent Ballesta, photographe et plongeur renomm\u00e9, en a\u00a0d\u00e9nich\u00e9 un en 2020 dans les eaux de l\u2019\u00cele-de-Beaut\u00e9\u00a0:<\/p>\n<p>Une b\u00eate un peu oubli\u00e9e, mais qui a\u00a0donn\u00e9 son nom \u00e0\u00a0une baie que nous connaissons bien. Cette derni\u00e8re est r\u00e9guli\u00e8rement mise \u00e0\u00a0l\u2019honneur\u00a0dans des musiques et des films, en partie donc gr\u00e2ce \u00e0\u00a0cette cr\u00e9ature venue des profondeurs de la M\u00e9diterran\u00e9e.<\/p>\n<p><a href=\"https:\/\/www.nice.fr\/noel-a-nice\/\" data-wpel-link=\"external\" target=\"_blank\" rel=\"external noopener noreferrer\"><img loading=\"lazy\" decoding=\"async\" width=\"300\" height=\"300\" src=\"https:\/\/www.europesays.com\/fr\/wp-content\/uploads\/2025\/11\/NoelNice_Coeur-Article-NicePresse-300x300-2.png\" alt=\"\" class=\"wp-image-260426\"\/><\/a><\/p>\n<p>\t<script async src=\"\/\/www.instagram.com\/embed.js\"><\/script><\/p>\n","protected":false},"excerpt":{"rendered":"Les pourquoi ni\u00e7ois &#8211; Un point de rendez-vous qui fait r\u00eaver, et une appellation po\u00e9tique\u00a0! \u00c0\u00a0Nice, le littoral&hellip;\n","protected":false},"author":2,"featured_media":623551,"comment_status":"","ping_status":"","sticky":false,"template":"","format":"standard","meta":{"footnotes":""},"categories":[2819],"tags":[1111,11,1777,674,1011,27,12,2401,882,25],"class_list":{"0":"post-623550","1":"post","2":"type-post","3":"status-publish","4":"format-standard","5":"has-post-thumbnail","7":"category-nice","8":"tag-actu","9":"tag-actualites","10":"tag-eu","11":"tag-europe","12":"tag-fr","13":"tag-france","14":"tag-news","15":"tag-nice","16":"tag-provence-alpes-cote-dazur","17":"tag-republique-francaise"},"share_on_mastodon":{"url":"https:\/\/pubeurope.com\/@fr\/115786672010529922","error":""},"_links":{"self":[{"href":"https:\/\/www.europesays.com\/fr\/wp-json\/wp\/v2\/posts\/623550","targetHints":{"allow":["GET"]}}],"collection":[{"href":"https:\/\/www.europesays.com\/fr\/wp-json\/wp\/v2\/posts"}],"about":[{"href":"https:\/\/www.europesays.com\/fr\/wp-json\/wp\/v2\/types\/post"}],"author":[{"embeddable":true,"href":"https:\/\/www.europesays.com\/fr\/wp-json\/wp\/v2\/users\/2"}],"replies":[{"embeddable":true,"href":"https:\/\/www.europesays.com\/fr\/wp-json\/wp\/v2\/comments?post=623550"}],"version-history":[{"count":0,"href":"https:\/\/www.europesays.com\/fr\/wp-json\/wp\/v2\/posts\/623550\/revisions"}],"wp:featuredmedia":[{"embeddable":true,"href":"https:\/\/www.europesays.com\/fr\/wp-json\/wp\/v2\/media\/623551"}],"wp:attachment":[{"href":"https:\/\/www.europesays.com\/fr\/wp-json\/wp\/v2\/media?parent=623550"}],"wp:term":[{"taxonomy":"category","embeddable":true,"href":"https:\/\/www.europesays.com\/fr\/wp-json\/wp\/v2\/categories?post=623550"},{"taxonomy":"post_tag","embeddable":true,"href":"https:\/\/www.europesays.com\/fr\/wp-json\/wp\/v2\/tags?post=623550"}],"curies":[{"name":"wp","href":"https:\/\/api.w.org\/{rel}","templated":true}]}}