{"id":623565,"date":"2025-12-26T15:59:14","date_gmt":"2025-12-26T15:59:14","guid":{"rendered":"https:\/\/www.europesays.com\/fr\/623565\/"},"modified":"2025-12-26T15:59:14","modified_gmt":"2025-12-26T15:59:14","slug":"voici-nos-10-idees-de-sorties-a-lille-et-dans-ses-alentours-pour-ce-samedi-27-decembre","status":"publish","type":"post","link":"https:\/\/www.europesays.com\/fr\/623565\/","title":{"rendered":"Voici nos 10 id\u00e9es de sorties \u00e0 Lille et dans ses alentours pour ce samedi 27 d\u00e9cembre"},"content":{"rendered":"<p>                    Par<br \/>\n        <strong><br \/>\n            <a href=\"https:\/\/actu.fr\/auteur\/nicolas-demollien\" title=\"Consulter tous les articles de Nicolas Demollien\" target=\"_blank\" rel=\"noopener\">Nicolas Demollien<\/a><br \/>\n                    <\/strong><\/p>\n<p>        Publi\u00e9 le<\/p>\n<p>            26 d\u00e9c. 2025 \u00e0 16h40        <\/p>\n<p>Vous \u00eates en manque d\u2019inspiration pour ce <b>samedi 27 d\u00e9cembre 2025<\/b> ? Que ce soit \u00e0 <a href=\"https:\/\/actu.fr\/hauts-de-france\/lille_59350\" target=\"_blank\" rel=\"noopener\">Lille<\/a> (Nord) ou dans ses alentours, nous avons s\u00e9lectionn\u00e9 pour vous 1<b>0 id\u00e9es de sorties<\/b> tr\u00e8s agr\u00e9ables pour <b>passer une belle journ\u00e9e<\/b>. Et ce que vous soyez <b>seul, en famille ou entre amis<\/b>.<\/p>\n<p>10 id\u00e9es de sorties \u00e0 Lille pour le samedi 27 d\u00e9cembre 2025<\/p>\n<ul class=\" wall-content\">\n<li><a href=\"https:\/\/actu.fr\/hauts-de-france\/tourcoing_59599\/tourcoing-plongez-dans-lunivers-de-ce-jeu-video-mondialement-connu-dans-une-exposition_63610536.html\" target=\"_blank\" rel=\"noopener\">Tourcoing. Plongez dans l\u2019univers de ce jeu vid\u00e9o mondialement connu dans une exposition<\/a><\/li>\n<\/ul>\n<p class=\" wall-content\">Red\u00e9couvrir la ville de Bagdad \u00e0 travers son histoire et\u2026 \u00e0 la mani\u00e8re d\u2019Assassin\u2019s Creed\u2009! C\u2019est ce qui vous est propos\u00e9 jusqu\u2019\u00e0 d\u00e9but f\u00e9vrier\u00a02026 \u00e0 l\u2019IMA de Tourcoing (Nord).<\/p>\n<ul class=\" wall-content\">\n<li><a href=\"https:\/\/actu.fr\/hauts-de-france\/armentieres_59017\/patrimoine-armentieres-cite-de-la-toile-et-de-la-biere-mais-surtout-de-la-brique-dargile_63607626.html\" target=\"_blank\" rel=\"noopener\">Patrimoine. Armenti\u00e8res, cit\u00e9 de la toile et de la bi\u00e8re, mais surtout de la brique d\u2019argile !<\/a><\/li>\n<\/ul>\n<p class=\" wall-content\">Armenti\u00e8res, son beffroi, son pass\u00e9 brassicole et textile, ses \u00e9glises\u2026 Voil\u00e0 une belle balade dans celle qu\u2019on surnomme \u00ab\u00a0Cit\u00e9 de la toile\u00a0\u00bb.<\/p>\n<ul class=\" wall-content\">\n<li><a href=\"https:\/\/actu.fr\/loisirs-culture\/belgique-a-une-heure-de-lille-le-sommet-de-ce-terril-offre-une-vue-exceptionnelle-apres-une-belle-balade_62589997.html\" target=\"_blank\" rel=\"noopener\">Belgique. \u00c0 une heure de Lille, le sommet de ce terril offre une vue exceptionnelle apr\u00e8s une belle balade<\/a><\/li>\n<\/ul>\n<p class=\" wall-content\">Vous aimez randonner ? \u00c0 une heure de Lille (Nord), en Belgique, le sommet d\u2019un terril offre une vue exceptionnelle sur le patrimoine de la ville de Mons. On vous emm\u00e8ne !<\/p>\n<p>Votre r\u00e9gion, votre actu !<\/p>\n<p>Recevez chaque jour les infos qui comptent pour vous.<\/p>\n<p>\t<a href=\"https:\/\/actu.fr\/newsletter\" class=\"ac-btn ac-btn--corner ac-btn--medium ac-btn--blue800\" target=\"_blank\" rel=\"noopener\">S&rsquo;incrire<\/a><\/p>\n<ul class=\" wall-content\">\n<li><a href=\"https:\/\/actu.fr\/loisirs-culture\/a-un-peu-plus-dune-heure-de-lille-visitez-la-ville-la-plus-laide-du-monde_61968474.html\" target=\"_blank\" rel=\"noopener\">\u00c0 un peu plus d\u2019une heure de Lille, visitez la ville la plus laide du monde !<\/a><\/li>\n<\/ul>\n<p class=\" wall-content\">Saviez-vous que la ville r\u00e9guli\u00e8rement comme \u00e9tant la plus laide du monde se situe \u00e0 un peu plus d\u2019une heure de Lille (Nord). Et elle ne manque finalement pas d\u2019atouts.<\/p>\n<ul class=\" wall-content\">\n<li><a href=\"https:\/\/actu.fr\/loisirs-culture\/a-une-heure-de-lille-farniente-et-detente-dans-la-reine-des-villes-balneaires_61109987.html\" target=\"_blank\" rel=\"noopener\">\u00c0 une heure de Lille, farniente et d\u00e9tente dans la reine des villes baln\u00e9aires<\/a><\/li>\n<\/ul>\n<p class=\" wall-content\">Un sacr\u00e9 d\u00e9paysement \u00e0 seulement une heure de Lille (Nord). On vous emm\u00e8ne dans celle qui est surnomm\u00e9e \u00ab\u00a0la reine des villes baln\u00e9aires\u00a0\u00bb, avec ses plages et son magnifique port.<\/p>\n<ul class=\" wall-content\">\n<li><a href=\"https:\/\/actu.fr\/hauts-de-france\/lille_59350\/a-lille-une-experience-immersive-en-realite-virtuelle-fait-revivre-lepopee-de-napoleon_63593579.html\" target=\"_blank\" rel=\"noopener\">\u00c0 Lille, une exp\u00e9rience immersive en r\u00e9alit\u00e9 virtuelle fait revivre l\u2019\u00e9pop\u00e9e de Napol\u00e9on<\/a><\/li>\n<\/ul>\n<p class=\" wall-content\">Envie de faire un bond dans le pass\u00e9 ? Direction le Follow Park des Tanneurs \u00e0 Lille pour revivre l\u2019\u00e9pop\u00e9e de Napol\u00e9on avec la r\u00e9alit\u00e9 virtuelle. Instructif et ludique \u00e0 la fois.<\/p>\n<ul class=\" wall-content\">\n<li><a href=\"https:\/\/actu.fr\/hauts-de-france\/croix_59163\/idee-de-balade-a-moins-de-10-km-de-lille-les-jardins-mallet-stevens-de-croix_40562087.html\" target=\"_blank\" rel=\"noopener\">Id\u00e9e de balade \u00e0 moins de 10 km de Lille : les jardins Mallet-Stevens de Croix<\/a><\/li>\n<\/ul>\n<p class=\" wall-content\">Vous avez envie d\u2019une balade autour de Lille (Nord) mais avez l\u2019impression d\u2019avoir un peu tout explor\u00e9 ? Connaissez-vous les jardins Mallet-Stevens \u00e0 Croix ? On vous emm\u00e8ne.<\/p>\n<ul class=\" wall-content\">\n<li><a href=\"https:\/\/actu.fr\/loisirs-culture\/a-une-heure-de-lille-cette-ville-de-bord-de-mer-propose-un-parcours-lumineux-fabuleux_63568288.html\" target=\"_blank\" rel=\"noopener\">A une heure de Lille, cette ville de bord de mer propose un parcours lumineux fabuleux<\/a><\/li>\n<\/ul>\n<p class=\" wall-content\">Offrez un magnifique moment gr\u00e2ce \u00e0 un incroyable parcours lumineux. A un peu plus d\u2019une heure de Lille (Nord), c\u2019est ce que propose cette ville de bord de mer en Belgique.<\/p>\n<ul class=\" wall-content\">\n<li><a href=\"https:\/\/actu.fr\/hauts-de-france\/lille_59350\/moulin-estaminet-mine-decouvrez-une-incroyable-creche-regionale-chti-a-leglise-saint-etienne-de-lille_63511949.html\" target=\"_blank\" rel=\"noopener\">Moulin, estaminet, mine\u2026 D\u00e9couvrez une incroyable cr\u00e8che r\u00e9gionale ch\u2019ti \u00e0 l\u2019\u00e9glise Saint-Etienne de Lille<\/a><\/li>\n<\/ul>\n<p class=\" wall-content\">Nous connaissons tous les cr\u00e8ches proven\u00e7ales avec les fameux santons li\u00e9s \u00e0 cette r\u00e9gion. L\u2019\u00e9glise Saint-Etienne de Lille veut la concurrencer avec sa cr\u00e8che ch\u2019ti jusque f\u00e9vrier.<\/p>\n<ul class=\" wall-content\">\n<li><a href=\"https:\/\/actu.fr\/hauts-de-france\/lille_59350\/cette-pieta-sauvee-dun-risque-de-vandalisme-et-dune-beaute-stupefiante-est-a-voir-a-lille_63561727.html\" target=\"_blank\" rel=\"noopener\">Cette \u00ab\u00a0piet\u00e0\u00a0\u00bb sauv\u00e9e d\u2019un risque de vandalisme et d\u2019une \u00ab\u00a0beaut\u00e9 stup\u00e9fiante\u00a0\u00bb, est \u00e0 voir \u00e0 Lille<\/a><\/li>\n<\/ul>\n<p class=\" wall-content\">La \u00ab\u00a0\u2009pi\u00e9t\u00e0\u2009\u00a0\u00bb de Bouvines (Nord), d\u00e9pos\u00e9e au Palais des Beaux-arts pour la prot\u00e9ger il y a quelques ann\u00e9es, se montre dans une version restaur\u00e9e \u00e0 Lille, d\u00e8s d\u00e9cembre\u00a02025.<\/p>\n<p class=\" wall-content\">Personnalisez votre actualit\u00e9 en ajoutant vos villes et m\u00e9dias en favori avec <a href=\"https:\/\/moncompte.actu.fr\" title=\"D\u00e9couvez Mon Actu\" rel=\"nofollow noopener\" data-trk=\"{&quot;cta&quot;:{&quot;action&quot;:&quot;https:\\\/\\\/moncompte.actu.fr&quot;,&quot;category&quot;:&quot;mon compte&quot;,&quot;from&quot;:&quot;article footer&quot;,&quot;name&quot;:&quot;Mon actu&quot;,&quot;type&quot;:&quot;cta&quot;}}\" target=\"_blank\">Mon Actu<\/a>.<\/p>\n","protected":false},"excerpt":{"rendered":"Par Nicolas Demollien Publi\u00e9 le 26 d\u00e9c. 2025 \u00e0 16h40 Vous \u00eates en manque d\u2019inspiration pour ce samedi&hellip;\n","protected":false},"author":2,"featured_media":623566,"comment_status":"","ping_status":"","sticky":false,"template":"","format":"standard","meta":{"footnotes":""},"categories":[2815],"tags":[1111,11,1777,674,1011,27,811,1307,1652,12,25],"class_list":{"0":"post-623565","1":"post","2":"type-post","3":"status-publish","4":"format-standard","5":"has-post-thumbnail","7":"category-lille","8":"tag-actu","9":"tag-actualites","10":"tag-eu","11":"tag-europe","12":"tag-fr","13":"tag-france","14":"tag-hauts-de-france","15":"tag-lille","16":"tag-loisirs-culture","17":"tag-news","18":"tag-republique-francaise"},"share_on_mastodon":{"url":"https:\/\/pubeurope.com\/@fr\/115786702244841080","error":""},"_links":{"self":[{"href":"https:\/\/www.europesays.com\/fr\/wp-json\/wp\/v2\/posts\/623565","targetHints":{"allow":["GET"]}}],"collection":[{"href":"https:\/\/www.europesays.com\/fr\/wp-json\/wp\/v2\/posts"}],"about":[{"href":"https:\/\/www.europesays.com\/fr\/wp-json\/wp\/v2\/types\/post"}],"author":[{"embeddable":true,"href":"https:\/\/www.europesays.com\/fr\/wp-json\/wp\/v2\/users\/2"}],"replies":[{"embeddable":true,"href":"https:\/\/www.europesays.com\/fr\/wp-json\/wp\/v2\/comments?post=623565"}],"version-history":[{"count":0,"href":"https:\/\/www.europesays.com\/fr\/wp-json\/wp\/v2\/posts\/623565\/revisions"}],"wp:featuredmedia":[{"embeddable":true,"href":"https:\/\/www.europesays.com\/fr\/wp-json\/wp\/v2\/media\/623566"}],"wp:attachment":[{"href":"https:\/\/www.europesays.com\/fr\/wp-json\/wp\/v2\/media?parent=623565"}],"wp:term":[{"taxonomy":"category","embeddable":true,"href":"https:\/\/www.europesays.com\/fr\/wp-json\/wp\/v2\/categories?post=623565"},{"taxonomy":"post_tag","embeddable":true,"href":"https:\/\/www.europesays.com\/fr\/wp-json\/wp\/v2\/tags?post=623565"}],"curies":[{"name":"wp","href":"https:\/\/api.w.org\/{rel}","templated":true}]}}