{"id":623567,"date":"2025-12-26T16:00:18","date_gmt":"2025-12-26T16:00:18","guid":{"rendered":"https:\/\/www.europesays.com\/fr\/623567\/"},"modified":"2025-12-26T16:00:18","modified_gmt":"2025-12-26T16:00:18","slug":"quatrieme-jour-de-greve-pour-les-eboueurs-lillois","status":"publish","type":"post","link":"https:\/\/www.europesays.com\/fr\/623567\/","title":{"rendered":"quatri\u00e8me jour de gr\u00e8ve pour les \u00e9boueurs Lillois"},"content":{"rendered":"<p>Les \u00e9boueurs en charge du ramassage des d\u00e9chets dans 52 communes du sud-ouest de la m\u00e9tropole lilloise sont en gr\u00e8ve depuis mardi.<\/p>\n<p>Depuis quatre jours, les \u00e9boueurs de la soci\u00e9t\u00e9 Deverra de Sequedin (Nord) en charge de la collecte des d\u00e9chets dans le sud-ouest de la m\u00e9tropole lilloise sont en gr\u00e8ve. Mardi, au premier jour de la mobilisation, plus de neuf salari\u00e9s sur dix \u00e9taient ainsi en gr\u00e8ve, selon <a href=\"https:\/\/france3-regions.franceinfo.fr\/hauts-de-france\/nord-0\/lille\/temoignage-colere-des-eboueurs-en-greve-illimitee-avant-noel-on-fait-le-meme-travail-tout-seul-alors-qu-avant-on-etait-deux-3270695.html\" target=\"_blank\" class=\"external_link\" rel=\"noopener\">France 3 Hauts-de-France.<\/a> Au total, quelque 52 communes sont concern\u00e9es.<\/p>\n<p>Les gr\u00e9vistes d\u00e9noncent la d\u00e9gradation de leurs conditions de travail, notamment la mise en place du monoripage (un seul op\u00e9rateur \u00e0 l&rsquo;arri\u00e8re du camion). \u00ab\u00a0Les moyens disparaissent et la charge de travail augmente\u00a0\u00bb, <a href=\"https:\/\/www.francebleu.fr\/infos\/economie-social\/les-moyens-disparaissent-et-la-charge-de-travail-augmente-des-eboueurs-de-la-metropole-lilloise-en-greve-7960534\" target=\"_blank\" class=\"external_link\" rel=\"noopener\">d\u00e9taille un repr\u00e9sentant de la CGT pour France bleu Ici.<\/a><\/p>\n<p>\u00ab\u00a0On est pass\u00e9 de 19 \u00e0 14 camions-bennes en l&rsquo;espace de 3 ans. Maintenant, on se retrouve certains jours \u00e0 ramasser 2 \u00e0 3 tonnes de d\u00e9chets en plus et on n&rsquo;arrive m\u00eame plus \u00e0 terminer nos tourn\u00e9es.\u00a0\u00bb<\/p>\n<p>\u00ab\u00a0On fait le m\u00eame travail tout seul alors qu&rsquo;avant on \u00e9tait deux pour le faire. Physiquement, c&rsquo;est difficile\u00a0\u00bb, abonde Geoffrey De Croock, releveur, pour France 3 Hauts-de-France. \u00ab\u00a0Et tout \u00e7a pour le m\u00eame salaire\u00a0\u00bb. Les gr\u00e9vistes demandent, en plus d&rsquo;une meilleure r\u00e9mun\u00e9ration, la r\u00e9organisation de leurs tourn\u00e9es.<\/p>\n<p>Les poubelles d\u00e9bordent<\/p>\n<p>Ils d\u00e9noncent \u00e9galement une entrave au droit de gr\u00e8ve. \u00ab\u00a0La soci\u00e9t\u00e9 (Deverra, NDLR) a ramen\u00e9 d&rsquo;autres chauffeurs du m\u00eame groupe\u00a0\u00bb, accuse Rudy Mal\u00e9on, le d\u00e9l\u00e9gu\u00e9 syndical Force ouvri\u00e8re (FO), <a href=\"https:\/\/france3-regions.franceinfo.fr\/hauts-de-france\/nord-0\/lille\/colere-des-eboueurs-les-salaries-accusent-leur-employeur-d-entraver-le-droit-de-greve-3272366.html\" target=\"_blank\" class=\"external_link\" rel=\"noopener\">aupr\u00e8s de France 3 Hauts-de-France.<\/a> Ce que la direction d\u00e9ment. Elle \u00ab\u00a0conteste formellement ces accusations\u00a0\u00bb et ajoute que \u00ab\u00a0l&rsquo;ensemble des mesures mises en \u0153uvre s&rsquo;inscrit strictement dans le respect du cadre l\u00e9gal et des dispositions relatives \u00e0 l&rsquo;exercice du droit de gr\u00e8ve\u00a0\u00bb.<\/p>\n<p>La gr\u00e8ve a \u00e9t\u00e9 reconduite jusqu&rsquo;\u00e0 lundi. Depuis le d\u00e9but de la mobilisation, les d\u00e9chets s&rsquo;accumulent. \u00ab\u00a0La poubelle est pleine, le couvercle ne ferme plus et on doit attendre jusqu&rsquo;\u00e0 lundi prochain, il ne faut pas que \u00e7a dure trop longtemps\u00a0\u00bb, <a href=\"https:\/\/www.francebleu.fr\/infos\/economie-social\/ca-deborde-il-ne-faut-pas-que-ca-dure-l-inquietude-des-habitants-de-la-mel-face-a-la-greve-des-eboueurs-3869924\" target=\"_blank\" class=\"external_link\" rel=\"noopener\">s&rsquo;inqui\u00e8te pour La Voix du Nord<\/a> une habitante d&rsquo;Hellemmes, une des communes touch\u00e9es.<\/p>\n<p>\u00ab\u00a0Le trottoir n&rsquo;est plus tr\u00e8s accessible, c&rsquo;est contraignant. J&rsquo;ai surtout peur pour les animaux et les nuisibles, puisque les poubelles peuvent \u00eatre craqu\u00e9es.\u00a0\u00bb<\/p>\n<p>Les salari\u00e9s de Deverra ont rencontr\u00e9 la direction. S&rsquo;ils indiquent avoir obtenu des avanc\u00e9es, toutes leurs revendications n&rsquo;ont toutefois pas \u00e9t\u00e9 entendues. \u00ab\u00a0On avait demand\u00e9 une augmentation de 3% des salaires, une prime de fin d&rsquo;ann\u00e9e de 600 euros, \u00e7a a \u00e9t\u00e9 balay\u00e9 d&rsquo;entr\u00e9e par la direction qui nous a propos\u00e9 100 euros, c&rsquo;est pas suffisant\u00a0\u00bb, indique un d\u00e9l\u00e9gu\u00e9 du personnel au quotidien nordiste. \u00ab\u00a0La motivation des salari\u00e9s elle, est claire et nette, on continue la gr\u00e8ve.\u00a0\u00bb<\/p>\n","protected":false},"excerpt":{"rendered":"Les \u00e9boueurs en charge du ramassage des d\u00e9chets dans 52 communes du sud-ouest de la m\u00e9tropole lilloise sont&hellip;\n","protected":false},"author":2,"featured_media":623568,"comment_status":"","ping_status":"","sticky":false,"template":"","format":"standard","meta":{"footnotes":""},"categories":[2815],"tags":[1111,11,1777,674,1011,27,811,1307,12,25],"class_list":{"0":"post-623567","1":"post","2":"type-post","3":"status-publish","4":"format-standard","5":"has-post-thumbnail","7":"category-lille","8":"tag-actu","9":"tag-actualites","10":"tag-eu","11":"tag-europe","12":"tag-fr","13":"tag-france","14":"tag-hauts-de-france","15":"tag-lille","16":"tag-news","17":"tag-republique-francaise"},"share_on_mastodon":{"url":"https:\/\/pubeurope.com\/@fr\/115786705914005317","error":""},"_links":{"self":[{"href":"https:\/\/www.europesays.com\/fr\/wp-json\/wp\/v2\/posts\/623567","targetHints":{"allow":["GET"]}}],"collection":[{"href":"https:\/\/www.europesays.com\/fr\/wp-json\/wp\/v2\/posts"}],"about":[{"href":"https:\/\/www.europesays.com\/fr\/wp-json\/wp\/v2\/types\/post"}],"author":[{"embeddable":true,"href":"https:\/\/www.europesays.com\/fr\/wp-json\/wp\/v2\/users\/2"}],"replies":[{"embeddable":true,"href":"https:\/\/www.europesays.com\/fr\/wp-json\/wp\/v2\/comments?post=623567"}],"version-history":[{"count":0,"href":"https:\/\/www.europesays.com\/fr\/wp-json\/wp\/v2\/posts\/623567\/revisions"}],"wp:featuredmedia":[{"embeddable":true,"href":"https:\/\/www.europesays.com\/fr\/wp-json\/wp\/v2\/media\/623568"}],"wp:attachment":[{"href":"https:\/\/www.europesays.com\/fr\/wp-json\/wp\/v2\/media?parent=623567"}],"wp:term":[{"taxonomy":"category","embeddable":true,"href":"https:\/\/www.europesays.com\/fr\/wp-json\/wp\/v2\/categories?post=623567"},{"taxonomy":"post_tag","embeddable":true,"href":"https:\/\/www.europesays.com\/fr\/wp-json\/wp\/v2\/tags?post=623567"}],"curies":[{"name":"wp","href":"https:\/\/api.w.org\/{rel}","templated":true}]}}