{"id":623569,"date":"2025-12-26T16:02:14","date_gmt":"2025-12-26T16:02:14","guid":{"rendered":"https:\/\/www.europesays.com\/fr\/623569\/"},"modified":"2025-12-26T16:02:14","modified_gmt":"2025-12-26T16:02:14","slug":"ce-cinema-emblematique-de-marseille-se-transforme-ce-quil-va-devenir","status":"publish","type":"post","link":"https:\/\/www.europesays.com\/fr\/623569\/","title":{"rendered":"Ce cin\u00e9ma embl\u00e9matique de Marseille se transforme, ce qu&rsquo;il va devenir"},"content":{"rendered":"<p>                    Par<br \/>\n        <strong><br \/>\n            <a href=\"https:\/\/actu.fr\/auteur\/thibault-nadal-actu-fr\" title=\"Consulter tous les articles de Thibault Nadal\" target=\"_blank\" rel=\"noopener\">Thibault Nadal<\/a><br \/>\n                    <\/strong><\/p>\n<p>        Publi\u00e9 le<\/p>\n<p>            26 d\u00e9c. 2025 \u00e0 16h28        <\/p>\n<p>Pour tous les amoureux de <a href=\"https:\/\/actu.fr\/loisirs-culture\" target=\"_blank\" rel=\"noopener\">culture<\/a>, c\u2019est un passage obligatoire \u00e0 <a href=\"https:\/\/actu.fr\/marseille\/\" target=\"_blank\" rel=\"noopener\">Marseille<\/a>. Mais depuis fin 2023, il avait perdu de sa superbe. Mais comme <a href=\"https:\/\/actu.fr\/tag\/castellane\" target=\"_blank\" rel=\"noopener\">la place Castellane<\/a> (6e), <strong>Le C\u00e9sar<\/strong> s\u2019appr\u00eate \u00e0 entamer sa seconde vie. La municipalit\u00e9 vient en effet d\u2019annoncer qu\u2019un projet de reprise avait \u00e9t\u00e9 choisi. Voici ce que va devenir ce <a href=\"https:\/\/actu.fr\/cinema\" target=\"_blank\" rel=\"noopener\">cin\u00e9ma<\/a> embl\u00e9matique, <strong>fond\u00e9 en 1938 par Marcel Pagnol.<\/strong><\/p>\n<p>Le C\u00e9sar touch\u00e9 par d\u2019importantes difficult\u00e9s \u00e9conomiques<\/p>\n<p class=\" wall-content\">Depuis la fin de l\u2019ann\u00e9e 2023, les clients trouvaient portes closes. La faute \u00e0 des difficult\u00e9s \u00e9conomiques qui ont menac\u00e9 le lieu. Alors pour \u00e9viter qu\u2019il ne transforme en toute autre, la Ville a d\u00e9cid\u00e9 d\u00e9but 2024 de le <strong>pr\u00e9empter<\/strong>.<\/p>\n<p class=\" wall-content\">Un appel \u00e0 projets est alors lanc\u00e9 plus d\u2019un an apr\u00e8s. <strong>Six candidats<\/strong> se montrent int\u00e9ress\u00e9s. Apr\u00e8s plusieurs mois d\u2019attente, la municipalit\u00e9 a retenu le projet de <strong>l\u2019association des soci\u00e9t\u00e9s Lucernaire et Th\u00e9\u00e2tre des Criques<\/strong>.<\/p>\n<p>\u00ab\u2009Un \u00e9tablissement\u2009multidisciplinaire\u2009\u00bb<\/p>\n<p class=\" wall-content\">Dans celui-ci, il est pr\u00e9vu que le cin\u00e9ma conserve sa vocation premi\u00e8re, mais qu\u2019il devienne \u00e9galement \u00ab\u2009un \u00e9tablissement multidisciplinaire\u2009\u00bb. \u00ab\u2009Le C\u00e9sar sera ainsi transform\u00e9 en un tiers-lieu culturel innovant m\u00ealant cin\u00e9ma d\u2019art et d\u2019essai, th\u00e9\u00e2tre, caf\u00e9-bar et une librairie\u2009\u00bb, d\u00e9taille la Ville.<\/p>\n<p class=\" wall-content\">L\u2019espace cin\u00e9ma se composera de <strong>trois salles<\/strong>\u2009: une de 90 places et l\u2019autre de 50 places. Mais aussi d\u2019une salle de 200 places \u00ab\u2009permettant des projections de films grand public, des repr\u00e9sentations de th\u00e9\u00e2tre et\/ou la tenue d\u2019\u00e9v\u00e9nements sp\u00e9cifiques\u2009\u00bb.<\/p>\n<p class=\" wall-content\">Pour attirer une autre client\u00e8le, un espace librairie, mais aussi un espace restauration avec une cuisine m\u00e9diterran\u00e9enne et boissons.<\/p>\n<blockquote class=\"ac-article-quote wall-content\">\n<p>En redonnant vie \u00e0 cette adresse embl\u00e9matique et en sanctuarisant son activit\u00e9 cin\u00e9matographique, la Ville de Marseille r\u00e9ancre cet espace dans le quotidien du quartier et contribue pleinement \u00e0 la diffusion de l&rsquo;offre culturelle du centre-ville.<\/p>\n<p>    <strong>Ville de Marseille<\/strong>\n            <\/p><\/blockquote>\n<p>Votre r\u00e9gion, votre actu !<\/p>\n<p>Recevez chaque jour les infos qui comptent pour vous.<\/p>\n<p>\t<a href=\"https:\/\/actu.fr\/newsletter\" class=\"ac-btn ac-btn--corner ac-btn--medium ac-btn--blue800\" target=\"_blank\" rel=\"noopener\">S&rsquo;incrire<\/a><\/p>\n<p class=\" wall-content\">Pour le moment, les <a href=\"https:\/\/actu.fr\/tag\/travaux\" target=\"_blank\" rel=\"noopener\">travaux<\/a> n\u2019ont pas d\u00e9but\u00e9. Ils devraient <strong>s\u2019achever \u00e0 la fin de l\u2019ann\u00e9e 2026, voire d\u00e9but 2027<\/strong>.<\/p>\n<p>Une place Castellane qui rayonne<\/p>\n<p class=\" wall-content\">Avec cette nouvelle r\u00e9habilitation, la place Castellane continue de s\u2019embellir. Sa nouvelle version, avec plus de places pour les pi\u00e9tons et moins pour les voitures, a \u00e9t\u00e9 inaugur\u00e9e en juin dernier.<\/p>\n<p>    <img   decoding=\"async\" loading=\"lazy\" src=\"https:\/\/www.europesays.com\/fr\/wp-content\/uploads\/2025\/12\/whatsapp-image-2025-06-12-at-172309-960x640.jpeg\" alt=\"Des arbres, donnant de la fra\u00eecheur et de la vie, tr\u00f4nent sur la place Castellane.\" width=\"960\" height=\"640\"\/><br \/>\n    Des arbres, donnant de la fra\u00eecheur et de la vie, tr\u00f4nent sur la place Castellane. (\u00a9Fabien Binacchi \/ actu Marseille)<\/p>\n<p class=\" wall-content\">\u00c0 l\u2019\u00e9poque, <a href=\"https:\/\/actu.fr\/provence-alpes-cote-d-azur\/marseille_13055\/marseille-les-images-impressionnantes-de-la-transformation-de-la-place-castellane_62755545.html\" target=\"_blank\" rel=\"noopener\">les commer\u00e7ants et passants interrog\u00e9s par actu Marseille<\/a>, avaient salu\u00e9 unanimement sa transformation. Ce n\u2019est pas un hasard si <a href=\"https:\/\/actu.fr\/provence-alpes-cote-d-azur\/marseille_13055\/marseille-ce-nouveau-commerce-au-concept-insolite-cartonne-on-a-deja-des-habitues_62986685.html\" target=\"_blank\" rel=\"noopener\">les nouveaux commerces cartonnent d\u00e9j\u00e0<\/a>.<\/p>\n<p class=\" wall-content\">Personnalisez votre actualit\u00e9 en ajoutant vos villes et m\u00e9dias en favori avec <a href=\"https:\/\/moncompte.actu.fr\" title=\"D\u00e9couvez Mon Actu\" rel=\"nofollow noopener\" data-trk=\"{&quot;cta&quot;:{&quot;action&quot;:&quot;https:\\\/\\\/moncompte.actu.fr&quot;,&quot;category&quot;:&quot;mon compte&quot;,&quot;from&quot;:&quot;article footer&quot;,&quot;name&quot;:&quot;Mon actu&quot;,&quot;type&quot;:&quot;cta&quot;}}\" target=\"_blank\">Mon Actu<\/a>.<\/p>\n","protected":false},"excerpt":{"rendered":"Par Thibault Nadal Publi\u00e9 le 26 d\u00e9c. 2025 \u00e0 16h28 Pour tous les amoureux de culture, c\u2019est un&hellip;\n","protected":false},"author":2,"featured_media":623570,"comment_status":"","ping_status":"","sticky":false,"template":"","format":"standard","meta":{"footnotes":""},"categories":[2814],"tags":[1111,11,4110,650,1777,674,1011,27,1652,884,12,882,25,2086],"class_list":{"0":"post-623569","1":"post","2":"type-post","3":"status-publish","4":"format-standard","5":"has-post-thumbnail","7":"category-marseille","8":"tag-actu","9":"tag-actualites","10":"tag-castellane","11":"tag-cinema","12":"tag-eu","13":"tag-europe","14":"tag-fr","15":"tag-france","16":"tag-loisirs-culture","17":"tag-marseille","18":"tag-news","19":"tag-provence-alpes-cote-dazur","20":"tag-republique-francaise","21":"tag-travaux"},"share_on_mastodon":{"url":"https:\/\/pubeurope.com\/@fr\/115786714833375809","error":""},"_links":{"self":[{"href":"https:\/\/www.europesays.com\/fr\/wp-json\/wp\/v2\/posts\/623569","targetHints":{"allow":["GET"]}}],"collection":[{"href":"https:\/\/www.europesays.com\/fr\/wp-json\/wp\/v2\/posts"}],"about":[{"href":"https:\/\/www.europesays.com\/fr\/wp-json\/wp\/v2\/types\/post"}],"author":[{"embeddable":true,"href":"https:\/\/www.europesays.com\/fr\/wp-json\/wp\/v2\/users\/2"}],"replies":[{"embeddable":true,"href":"https:\/\/www.europesays.com\/fr\/wp-json\/wp\/v2\/comments?post=623569"}],"version-history":[{"count":0,"href":"https:\/\/www.europesays.com\/fr\/wp-json\/wp\/v2\/posts\/623569\/revisions"}],"wp:featuredmedia":[{"embeddable":true,"href":"https:\/\/www.europesays.com\/fr\/wp-json\/wp\/v2\/media\/623570"}],"wp:attachment":[{"href":"https:\/\/www.europesays.com\/fr\/wp-json\/wp\/v2\/media?parent=623569"}],"wp:term":[{"taxonomy":"category","embeddable":true,"href":"https:\/\/www.europesays.com\/fr\/wp-json\/wp\/v2\/categories?post=623569"},{"taxonomy":"post_tag","embeddable":true,"href":"https:\/\/www.europesays.com\/fr\/wp-json\/wp\/v2\/tags?post=623569"}],"curies":[{"name":"wp","href":"https:\/\/api.w.org\/{rel}","templated":true}]}}