{"id":623575,"date":"2025-12-26T16:05:12","date_gmt":"2025-12-26T16:05:12","guid":{"rendered":"https:\/\/www.europesays.com\/fr\/623575\/"},"modified":"2025-12-26T16:05:12","modified_gmt":"2025-12-26T16:05:12","slug":"un-conducteur-dautocar-cible-pour-sa-conduite-a-la-part-dieu","status":"publish","type":"post","link":"https:\/\/www.europesays.com\/fr\/623575\/","title":{"rendered":"un conducteur d&rsquo;autocar cibl\u00e9 pour sa conduite \u00e0 la Part-Dieu"},"content":{"rendered":"<p>                    Par<br \/>\n        <strong><br \/>\n            <a href=\"https:\/\/actu.fr\/auteur\/emma-ressegaire\" title=\"Consulter tous les articles de Emma Ressegaire\" target=\"_blank\" rel=\"noopener\">Emma Ressegaire<\/a><br \/>\n                    <\/strong><\/p>\n<p>        Publi\u00e9 le<\/p>\n<p>            26 d\u00e9c. 2025 \u00e0 16h33        <\/p>\n<p>Le jeudi 11 d\u00e9cembre dernier, aux alentours de 23h20, un chauffeur d\u2019un autocar TER arrive \u00e0 la gare routi\u00e8re de la Part-Dieu dans le 3e arrondissement de <a href=\"https:\/\/actu.fr\/auvergne-rhone-alpes\/lyon_69123\" target=\"_blank\" rel=\"noopener\">Lyon<\/a> afin de <strong>r\u00e9cup\u00e9rer des voyageurs pour le trajet Lyon \u2013 Saint-Etienne<\/strong>. Mais ce dernier a cr\u00e9\u00e9 une vive inqui\u00e9tude chez certains passagers.\u00a0<\/p>\n<p class=\" wall-content\">En effet, d\u2019apr\u00e8s nos confr\u00e8res du <a href=\"https:\/\/c.leprogres.fr\/transport\/2025\/12\/24\/il-a-failli-m-ecraser-a-la-gare-routiere-de-la-part-dieu-un-autocar-seme-la-panique?login=1\" target=\"_blank\" rel=\"noopener\">Progr\u00e8s<\/a> qui ont pu \u00e9changer avec l\u2019un des voyageurs, une cinquantaine de personnes attendaient, dans une soit-disante ambiance cordiale, de monter \u00e0 bord du car. Mais la plupart d\u2019entre eux sont rest\u00e9s \u00e0 quai. D\u2019apr\u00e8s ce dernier, le conducteur du car s\u2019est montr\u00e9 tr\u00e8s tendu et a<strong> ferm\u00e9 brusquement les portes du v\u00e9hicule<\/strong>.<\/p>\n<p>Refus du dialogue<\/p>\n<p class=\" wall-content\">Le passager rencontr\u00e9 par nos confr\u00e8res explique qu\u2019il a donc d\u00e9cid\u00e9 de suivre, \u00e0 v\u00e9lo, l\u2019autocar afin de lui parler calmement et qu\u2019il puisse rentrer chez lui. Mais le conducteur refuse. Le cycliste se met alors sur le passage pi\u00e9ton pour forcer le car \u00e0 s\u2019arr\u00eater mais celui-ci red\u00e9marre, <strong>fait tomber le v\u00e9lo et continue d\u2019avancer<\/strong>. Le cycliste recule afin de ne pas se faire \u00e9craser mais ne l\u00e2che pas l\u2019affaire. D\u2019apr\u00e8s lui, la sc\u00e8ne se r\u00e9p\u00e8te, le cycliste explique, toujours au Progr\u00e8s, avoir failli \u00eatre \u00e9cras\u00e9 pour la deuxi\u00e8me fois de la soir\u00e9e.<\/p>\n<p class=\" wall-content\">Mais <strong>deux versions s\u2019opposent<\/strong> : celle de ce passager et celle du conducteur, appuy\u00e9e par la R\u00e9gion Auvergne-Rh\u00f4ne-Alpes.<\/p>\n<p>Des voyageurs virulents ?<\/p>\n<p class=\" wall-content\">En effet, la collectivit\u00e9 a affirm\u00e9 \u00e0 nos confr\u00e8res que le conducteur avait pris la d\u00e9cision de quitter les lieux pour <strong>garantir sa s\u00e9curit\u00e9 mais aussi celle des voyageurs<\/strong> qui avaient embarqu\u00e9. D\u2019apr\u00e8s la r\u00e9gion, lors de l\u2019arriv\u00e9 de l\u2019autocar, les voyageurs \u00e9taient en col\u00e8re, certains m\u00eame virulents. L\u2019embarquement aurait alors \u00e9t\u00e9 rapidement impossible de par la forte affluence et la tension entre tous les voyageurs.\u00a0<\/p>\n<p class=\" wall-content\">\u00c0 l\u2019heure o\u00f9 nous publions cet article, la R\u00e9gion n\u2019a pas r\u00e9pondu \u00e0 nos sollicitations.<\/p>\n<p class=\" wall-content\">Personnalisez votre actualit\u00e9 en ajoutant vos villes et m\u00e9dias en favori avec <a href=\"https:\/\/moncompte.actu.fr\" title=\"D\u00e9couvez Mon Actu\" rel=\"nofollow noopener\" data-trk=\"{&quot;cta&quot;:{&quot;action&quot;:&quot;https:\\\/\\\/moncompte.actu.fr&quot;,&quot;category&quot;:&quot;mon compte&quot;,&quot;from&quot;:&quot;article footer&quot;,&quot;name&quot;:&quot;Mon actu&quot;,&quot;type&quot;:&quot;cta&quot;}}\" target=\"_blank\">Mon Actu<\/a>.<\/p>\n","protected":false},"excerpt":{"rendered":"Par Emma Ressegaire Publi\u00e9 le 26 d\u00e9c. 2025 \u00e0 16h33 Le jeudi 11 d\u00e9cembre dernier, aux alentours de&hellip;\n","protected":false},"author":2,"featured_media":623576,"comment_status":"","ping_status":"","sticky":false,"template":"","format":"standard","meta":{"footnotes":""},"categories":[1889],"tags":[1111,11,2430,1777,674,118,1011,27,2428,6178,12,25],"class_list":{"0":"post-623575","1":"post","2":"type-post","3":"status-publish","4":"format-standard","5":"has-post-thumbnail","7":"category-lyon","8":"tag-actu","9":"tag-actualites","10":"tag-auvergne-rhone-alpes","11":"tag-eu","12":"tag-europe","13":"tag-faits-divers","14":"tag-fr","15":"tag-france","16":"tag-lyon","17":"tag-lyon-part-dieu","18":"tag-news","19":"tag-republique-francaise"},"share_on_mastodon":{"url":"https:\/\/pubeurope.com\/@fr\/115786725720721636","error":""},"_links":{"self":[{"href":"https:\/\/www.europesays.com\/fr\/wp-json\/wp\/v2\/posts\/623575","targetHints":{"allow":["GET"]}}],"collection":[{"href":"https:\/\/www.europesays.com\/fr\/wp-json\/wp\/v2\/posts"}],"about":[{"href":"https:\/\/www.europesays.com\/fr\/wp-json\/wp\/v2\/types\/post"}],"author":[{"embeddable":true,"href":"https:\/\/www.europesays.com\/fr\/wp-json\/wp\/v2\/users\/2"}],"replies":[{"embeddable":true,"href":"https:\/\/www.europesays.com\/fr\/wp-json\/wp\/v2\/comments?post=623575"}],"version-history":[{"count":0,"href":"https:\/\/www.europesays.com\/fr\/wp-json\/wp\/v2\/posts\/623575\/revisions"}],"wp:featuredmedia":[{"embeddable":true,"href":"https:\/\/www.europesays.com\/fr\/wp-json\/wp\/v2\/media\/623576"}],"wp:attachment":[{"href":"https:\/\/www.europesays.com\/fr\/wp-json\/wp\/v2\/media?parent=623575"}],"wp:term":[{"taxonomy":"category","embeddable":true,"href":"https:\/\/www.europesays.com\/fr\/wp-json\/wp\/v2\/categories?post=623575"},{"taxonomy":"post_tag","embeddable":true,"href":"https:\/\/www.europesays.com\/fr\/wp-json\/wp\/v2\/tags?post=623575"}],"curies":[{"name":"wp","href":"https:\/\/api.w.org\/{rel}","templated":true}]}}