{"id":623579,"date":"2025-12-26T16:11:13","date_gmt":"2025-12-26T16:11:13","guid":{"rendered":"https:\/\/www.europesays.com\/fr\/623579\/"},"modified":"2025-12-26T16:11:13","modified_gmt":"2025-12-26T16:11:13","slug":"le-froid-sinstalle-en-france-et-va-persister-jusqua-debut-janvier","status":"publish","type":"post","link":"https:\/\/www.europesays.com\/fr\/623579\/","title":{"rendered":"Le froid s\u2019installe en France et va \u00ab persister \u00bb jusqu\u2019\u00e0 d\u00e9but janvier"},"content":{"rendered":"<p class=\"\">Des temp\u00e9ratures \u00ab polaires \u00bb ? Un temps tr\u00e8s frais s\u2019est abattu sur une partie du pays cette semaine, alors que la journ\u00e9e de jeudi a \u00e9t\u00e9 le No\u00ebl <a href=\"https:\/\/www.leparisien.fr\/meteo\/il-gele-a-paris-le-jour-de-noel-une-premiere-dans-la-capitale-depuis-2010-25-12-2025-EYXNK3BEA5GWDO4AAHZQ57KDWI.php\" target=\"_self\" rel=\"noopener\">le plus froid depuis 2010 dans l\u2019Hexagone<\/a>. La vague de froid devrait se poursuivre dans les prochains jours, indique M\u00e9t\u00e9o France. \u00ab Les jours suivant No\u00ebl, le froid sec et continental se maintient, en particulier sur le nord du pays \u00bb, explique l\u2019agence. \u00ab Les gel\u00e9es sont fr\u00e9quentes le matin et les temp\u00e9ratures tout juste positives en journ\u00e9e dans les r\u00e9gions les plus au nord \u00bb.<\/p>\n<p class=\"\">Dans le d\u00e9tail, la semaine du lundi 29 d\u00e9cembre au dimanche 4 janvier \u00ab <a href=\"https:\/\/www.leparisien.fr\/meteo\/meteo-brusque-retour-du-froid-la-semaine-prochaine-avec-larrivee-dun-moscou-paris-19-12-2025-U5OHVQMANBHPDGVOF7Z3BHAOLI.php\" target=\"_self\" rel=\"noopener\">s\u2019annonce assez froide<\/a> et devrait \u00eatre plus s\u00e8che que la normale sur une large partie du pays \u00bb. Quant aux temp\u00e9ratures, elles devraient jusqu\u2019au dimanche 11 janvier \u00ab \u00eatre l\u00e9g\u00e8rement sous les normales de saison \u00bb. Et jusqu\u2019au 25 janvier, \u00ab la fra\u00eecheur semble devoir persister \u00bb.<\/p>\n<p class=\"\">Samedi 26 d\u00e9cembre, 2 \u00b0C sont annonc\u00e9s \u00e0 Paris, 0 \u00b0C \u00e0 Lyon et 1 \u00b0C \u00e0 Lille et Strasbourg. Dans les plaines de la moiti\u00e9 nord, les thermom\u00e8tres pourront indiquer jusqu\u2019\u00e0 -5 \u00b0C. Au moment le plus chaud de la journ\u00e9e, ils afficheront \u00ab 1 \u00e0 6 \u00b0C \u00bb, pr\u00e9cise l\u2019agence.<\/p>\n<p class=\"\">Ce vendredi d\u00e9j\u00e0, il a fait jusqu\u2019\u00e0 -8 \u00b0C dans la Marne, -7 \u00b0C dans l\u2019Aisne et dans les Ardennes. Dans l\u2019extr\u00eame nord de la France, la <a href=\"https:\/\/www.leparisien.fr\/societe\/vague-de-froid-comment-la-temperature-ressentie-est-elle-calculee-09-02-2021-8424030.php\" target=\"_blank\" rel=\"noopener\">temp\u00e9rature ressentie<\/a> a pu \u00eatre de -10 \u00b0C.<\/p>\n<p>\u00ab C\u2019est un \u00e9pisode strictement banal \u00bb<\/p>\n<p class=\"\">\u00ab Ces temp\u00e9ratures sont loin d\u2019\u00eatre exceptionnelles \u00bb, explique <a href=\"https:\/\/x.com\/Meteovilles\/status\/2004505180545441800\" target=\"_self\" rel=\"\">sur X<\/a> le m\u00e9t\u00e9orologue Guillaume S\u00e9chet. \u00ab Mais le froid est accompagn\u00e9 d\u2019une bise parfois sensible, ce qui fait toute la diff\u00e9rence \u00bb, indique-t-il. \u00ab C\u2019est un \u00e9pisode strictement banal \u00bb, abonde l\u2019agroclimatologue Serge Zaka sur <a href=\"https:\/\/bsky.app\/profile\/sergezaka.bsky.social\/post\/3maqeihosxc2x\" target=\"_self\" rel=\"noopener\">Bluesky<\/a>.<\/p>\n<p class=\"\">\u00ab Le probl\u00e8me n\u2019est pas qu\u2019il fasse froid. Le probl\u00e8me c\u2019est qu\u2019on a oubli\u00e9 ce qu\u2019\u00e9tait le froid \u00bb, d\u00e9plore-t-il.<\/p>\n<p class=\"\">Car si les derniers jours ont \u00e9t\u00e9 froids,<a href=\"https:\/\/www.leparisien.fr\/environnement\/climat\/lannee-2025-encore-parmi-les-plus-chaudes-jamais-enregistrees-en-france-15-12-2025-PJQU46RYHNDQLKFPULEKIUA334.php\" target=\"_self\" rel=\"noopener\"> l\u2019ann\u00e9e 2025 a \u00e9t\u00e9 marqu\u00e9e par ses temp\u00e9ratures au-dessus des normales de saison<\/a>. Selon M\u00e9t\u00e9o France, elle pourrait se classer \u00ab au 4e ou 3e rang des ann\u00e9es les plus chaudes jamais enregistr\u00e9es en France \u00bb.<\/p>\n<p>Un mort dans la Marne, pas de plan \u00ab grand froid \u00bb \u00e0 Paris<\/p>\n<p class=\"\">M\u00e9t\u00e9o France a plac\u00e9 samedi sept d\u00e9partements (ceux des Hauts-de-France, l\u2019Eure et la Seine-Maritime) en vigilance jaune grand froid. Ce vendredi, 16 zone \u00e9taient concern\u00e9s par ce plus faible niveau d\u2019alerte.<\/p>\n<p class=\"\">Une vingtaine de pr\u00e9fectures ont <a href=\"https:\/\/www.leparisien.fr\/societe\/maraudes-hebergements-durgence-pourquoi-de-nombreux-departements-declenchent-le-plan-grand-froid-ce-jeudi-25-12-2025-RH3DK65QUVCFBD56AUB4YNRFTQ.php\" target=\"_self\" rel=\"noopener\">\u00e9galement enclench\u00e9 leur plan grand froid<\/a>, un dispositif qui favorise l\u2019ouverture de places d\u2019h\u00e9bergement d\u2019urgence suppl\u00e9mentaires pour les personnes vivant dans la rue lorsque les temp\u00e9ratures sont trop basses. Il permet \u00e9galement aux pr\u00e9fets d\u2019augmenter les moyens humains et financiers d\u00e9di\u00e9s aux maraudes ou au 115, le num\u00e9ro d\u2019urgence pour les personnes sans-abri. Depuis l\u2019hiver 2008, il n\u2019est plus d\u00e9clench\u00e9 au niveau national mais \u00e0 l\u2019\u00e9chelon d\u00e9partemental, par les pr\u00e9fectures.<\/p>\n<p class=\"\">Dans la Marne -o\u00f9 la vigilance n\u2019avait pas \u00e9t\u00e9 activ\u00e9e- le corps d\u2019un sans-abri de 35 ans <a href=\"https:\/\/www.leparisien.fr\/faits-divers\/un-sans-abri-de-35-ans-retrouve-mort-le-jour-de-noel-a-reims-25-12-2025-MEHNCFMJWRCDXBDLS453ZZDRAA.php\" target=\"_self\" rel=\"noopener\">a \u00e9t\u00e9 retrouv\u00e9 sans vie le jour de No\u00ebl \u00e0 Reims<\/a>, le froid \u00e9tant la cause \u00ab probable \u00bb du d\u00e9c\u00e8s.<\/p>\n<p class=\"\">En r\u00e9gion parisienne, o\u00f9 les temp\u00e9ratures n\u2019ont pas d\u00e9pass\u00e9 les 3 \u00b0C ce vendredi, il n\u2019a pas \u00e9t\u00e9 activ\u00e9, ce qui a provoqu\u00e9 la col\u00e8re de plusieurs \u00e9lus de gauche. \u00ab Il y a urgence \u00bb, a lanc\u00e9 le candidat socialiste \u00e0 la mairie de Paris Emmanuel Gr\u00e9goire.<\/p>\n<p class=\"\">\u00ab Il est de l\u2019int\u00e9r\u00eat des enfants que le plan grand froid soit d\u00e9clench\u00e9 pour qu\u2019on ne laisse personne risquer de mourir \u00e0 la rue \u00bb, a \u00e9galement plaid\u00e9 Dominique Versini, cofondatrice du Samu social et D\u00e9fenseure des enfants \u00e0 la mairie de Paris. L\u2019association Utopia 56 a quant \u00e0 elle appel\u00e9 les autorit\u00e9s \u00e0 r\u00e9quisitionner les logements vacants et \u00e0 les consid\u00e9rer comme des \u00ab abris potentiels \u00bb.<\/p>\n","protected":false},"excerpt":{"rendered":"Des temp\u00e9ratures \u00ab polaires \u00bb ? Un temps tr\u00e8s frais s\u2019est abattu sur une partie du pays cette&hellip;\n","protected":false},"author":2,"featured_media":622279,"comment_status":"","ping_status":"","sticky":false,"template":"","format":"standard","meta":{"footnotes":""},"categories":[1888],"tags":[1111,1928,11,1927,1777,674,1011,27,2487,12,1926,626,1925,25],"class_list":{"0":"post-623579","1":"post","2":"type-post","3":"status-publish","4":"format-standard","5":"has-post-thumbnail","7":"category-paris","8":"tag-actu","9":"tag-actu-paris","10":"tag-actualites","11":"tag-actualites-paris","12":"tag-eu","13":"tag-europe","14":"tag-fr","15":"tag-france","16":"tag-meteo","17":"tag-news","18":"tag-news-paris","19":"tag-paris","20":"tag-paris-news","21":"tag-republique-francaise"},"share_on_mastodon":{"url":"https:\/\/pubeurope.com\/@fr\/115786749412124693","error":""},"_links":{"self":[{"href":"https:\/\/www.europesays.com\/fr\/wp-json\/wp\/v2\/posts\/623579","targetHints":{"allow":["GET"]}}],"collection":[{"href":"https:\/\/www.europesays.com\/fr\/wp-json\/wp\/v2\/posts"}],"about":[{"href":"https:\/\/www.europesays.com\/fr\/wp-json\/wp\/v2\/types\/post"}],"author":[{"embeddable":true,"href":"https:\/\/www.europesays.com\/fr\/wp-json\/wp\/v2\/users\/2"}],"replies":[{"embeddable":true,"href":"https:\/\/www.europesays.com\/fr\/wp-json\/wp\/v2\/comments?post=623579"}],"version-history":[{"count":0,"href":"https:\/\/www.europesays.com\/fr\/wp-json\/wp\/v2\/posts\/623579\/revisions"}],"wp:featuredmedia":[{"embeddable":true,"href":"https:\/\/www.europesays.com\/fr\/wp-json\/wp\/v2\/media\/622279"}],"wp:attachment":[{"href":"https:\/\/www.europesays.com\/fr\/wp-json\/wp\/v2\/media?parent=623579"}],"wp:term":[{"taxonomy":"category","embeddable":true,"href":"https:\/\/www.europesays.com\/fr\/wp-json\/wp\/v2\/categories?post=623579"},{"taxonomy":"post_tag","embeddable":true,"href":"https:\/\/www.europesays.com\/fr\/wp-json\/wp\/v2\/tags?post=623579"}],"curies":[{"name":"wp","href":"https:\/\/api.w.org\/{rel}","templated":true}]}}