{"id":623580,"date":"2025-12-26T16:12:23","date_gmt":"2025-12-26T16:12:23","guid":{"rendered":"https:\/\/www.europesays.com\/fr\/623580\/"},"modified":"2025-12-26T16:12:23","modified_gmt":"2025-12-26T16:12:23","slug":"pour-les-municipales-les-candidats-caressent-les-proprietaires-dans-le-sens-du-poil","status":"publish","type":"post","link":"https:\/\/www.europesays.com\/fr\/623580\/","title":{"rendered":"pour les municipales, les candidats caressent les propri\u00e9taires dans le sens du poil"},"content":{"rendered":"\n<p class=\"c-chapo \">\n  \u00c0 quelques mois des municipales \u00e0 Paris, les propri\u00e9taires des quelque 100 000 chiens que compte la capitale, sont de pr\u00e9cieuses r\u00e9serves de voix. Les candidats \u00e0 la mairie ne s&rsquo;y trompent pas.\n<\/p>\n<p>      lire plus tard<\/p>\n<p id=\"dialog__title\" class=\"dialog__title\">Pour sauvegarder cet article, connectez-vous ou cr\u00e9ez un compte franceinfo<\/p>\n<p class=\"dialog__description\">Sans paiement. Sans abonnement.<\/p>\n<p>        Fermer la fen\u00eatre d\u2019activation des notifications France Info<\/p>\n<p>      cr\u00e9er votre compte<\/p>\n<p>      se connecter<\/p>\n<p>      :<\/p>\n<p>        Fermer la fen\u00eatre de pr\u00e9sentation<\/p>\n<p>    <img loading=\"lazy\" decoding=\"async\" class=\"signature__image lazyload\" width=\"100\" height=\"100\" data- alt=\"\" src=\"https:\/\/www.europesays.com\/fr\/wp-content\/uploads\/2025\/05\/64a7df4c5fe71_placeholder-36b69ec8.png\"\/><\/p>\n<p>    Publi\u00e9 le 26\/12\/2025 11:06<\/p>\n<p>        Temps de lecture : 3min<\/p>\n<p>    <img decoding=\"async\"  alt=\"Une femme et son chien \u00e0 Paris, en janvier 2024. Photo d'illustration (LUDOVIC MARIN \/ AFP)\" width=\"432\" height=\"243\" src=\"https:\/\/www.europesays.com\/fr\/wp-content\/uploads\/2025\/12\/dog-694e5d0e501a3909365275.jpg\" fetchpriority=\"high\"\/><\/p>\n<p>      Une femme et son chien \u00e0 Paris, en janvier 2024. Photo d&rsquo;illustration (LUDOVIC MARIN \/ AFP)<\/p>\n<p>Le chien \u00e0 Paris, c&rsquo;est politique. \u00c0 moins de trois mois des \u00e9lections municipales, les candidats s&#8217;emparent du sujet et y consacrent une partie de leurs programmes. L&rsquo;enjeu est de taille. Avec 100\u00a0000\u00a0chiens \u00e0 Paris, la capitale est l&rsquo;une des villes au monde avec la plus forte densit\u00e9 de chiens au km2.<\/p>\n<p>Au pied de la tour Eiffel, deux teckels batifolent dans l&rsquo;herbe sous le regard d&rsquo;Esteban, 21 ans. Il est dogsitter, son travail est de promener des chiens qui, selon lui, manquent de libert\u00e9 dans la ville. \u00ab\u00a0J&rsquo;adore Paris, mais pour les chiens, c&rsquo;est la pire ville au monde. C&rsquo;est la ville la moins &lsquo;dog friendly&rsquo;. On n&rsquo;a pas le droit de les l\u00e2cher sans laisse. C&rsquo;est dans toute la France. Je me suis d\u00e9j\u00e0 pris quatre amendes au Champ de Mars et dans le m\u00e9tro, un chien qui fait plus de dix kilos doit \u00eatre musel\u00e9, s&rsquo;indigne le jeune homme, qui conclut : Paris, c&rsquo;est vraiment pas ouf pour les chiens.\u00a0\u00bb Esteban regardera avec attention les programmes canins des candidats.<\/p>\n<p>Un peu plus loin, Norbert et son vieux comp\u00e8re Youkie, qui imite les sir\u00e8nes des ambulances. Norbert est las des promesses politiques. \u00ab\u00a0De toute fa\u00e7on, les politiques, ils cherchent \u00e0 avoir des voix. Il y a \u00e9norm\u00e9ment de chiens, donc \u00e9norm\u00e9ment d&rsquo;\u00e9lecteurs. Tous les partis vont tous nous flatter d&rsquo;une fa\u00e7on ou d&rsquo;une autre, il ne faut pas se faire d&rsquo;illusions\u00a0\u00bb, souffle le propri\u00e9taire canin.<\/p>\n<p>En effet, il y a \u00e0 Paris 100 000 chiens, soit au moins autant d&rsquo;\u00e9lecteurs au bout de la laisse, et les politiques ne s&rsquo;y trompent pas. Le socialiste Emmanuel Gr\u00e9goire, par exemple, poss\u00e8de un compte Instagram \u00ab\u00a0Hot Dogs with Emmanuel Gr\u00e9goire\u00a0\u00bb. On le voit tout sourire, caresser des toutous sous le charme, dans des vid\u00e9os qui cumulent des centaines de j&rsquo;aime. La campagne n&rsquo;\u00e9tant jamais oubli\u00e9e, y sont \u00e9gren\u00e9es les propositions pour les chiens.<\/p>\n<p>Maxime Sauvage, sur la liste socialiste, d\u00e9taille : \u00ab\u00a0La premi\u00e8re proposition est de continuer \u00e0 d\u00e9velopper des espaces canins. Il y en a aujourd&rsquo;hui 43 \u00e0 Paris. On consid\u00e8re qu&rsquo;il faut en avoir encore davantage, que chaque propri\u00e9taire de chien puisse en avoir un \u00e0 dix ou quinze minutes de chez lui. C&rsquo;est aussi avoir la possibilit\u00e9 petit \u00e0 petit de permettre d&rsquo;\u00eatre avec son chien promen\u00e9 en laisse dans tous les parcs parisiens\u00a0\u00bb. Autre mesure de la gauche\u00a0: offrir aux chiens des personnes sans abris, des consultations v\u00e9t\u00e9rinaires gratuites.<\/p>\n<p>La droite n&rsquo;est pas en reste. <a href=\"https:\/\/www.franceinfo.fr\/politique\/anne-hidalgo\/municipales-2026-a-paris-pour-anne-hidalgo-ca-fait-longtemps-que-rachida-dati-aurait-du-abandonner-son-mandat_7613960.html\" target=\"_self\" rel=\"noopener noreferrer nofollow\" data-tooltip-url=\"https:\/\/www.franceinfo.fr\/politique\/anne-hidalgo\/municipales-2026-a-paris-pour-anne-hidalgo-ca-fait-longtemps-que-rachida-dati-aurait-du-abandonner-son-mandat_7613960.html\">Rachida Dati<\/a> organise r\u00e9guli\u00e8rement des ap\u00e9ros canins dans sa mairie du 7e arrondissement avec un floril\u00e8ge de photos sur les r\u00e9seaux sociaux. Les chiens, \u00e7a fait du clic. Pierre-Yves Bournazel, candidat Horizon, promet de cr\u00e9er un grand parc canin \u00e0 c\u00f4t\u00e9 de l&rsquo;H\u00f4tel de ville, pr\u00e8s de la Seine\u00a0: \u00ab\u00a0l\u00e0, ils pourraient \u00eatre \u00e9videmment sans laisse, puisque ce serait une zone prot\u00e9g\u00e9e pour les chiens et leurs propri\u00e9taires. Les chiens, comme d&rsquo;autres animaux, sont nos amis et ils vivent dans notre ville et nous sommes ensemble. Donc c&rsquo;est un sujet. Ce n&rsquo;est pas anecdotique. C&rsquo;est un progr\u00e8s dans une soci\u00e9t\u00e9 de bien respecter les animaux. Quand on les respecte bien, g\u00e9n\u00e9ralement on respecte bien aussi les personnes.\u00a0\u00bb<\/p>\n<p>Une myriade de propositions, de gauche \u00e0 droite, pour un meilleur partage de l&rsquo;espace public avec les chiens. Reste \u00e0 savoir si cela p\u00e8sera vraiment dans le scrutin parisien, en mars prochain.<\/p>\n","protected":false},"excerpt":{"rendered":"\u00c0 quelques mois des municipales \u00e0 Paris, les propri\u00e9taires des quelque 100 000 chiens que compte la capitale,&hellip;\n","protected":false},"author":2,"featured_media":623581,"comment_status":"","ping_status":"","sticky":false,"template":"","format":"standard","meta":{"footnotes":""},"categories":[1888],"tags":[1111,1928,11,1927,1777,674,1011,27,12,1926,626,1925,25],"class_list":{"0":"post-623580","1":"post","2":"type-post","3":"status-publish","4":"format-standard","5":"has-post-thumbnail","7":"category-paris","8":"tag-actu","9":"tag-actu-paris","10":"tag-actualites","11":"tag-actualites-paris","12":"tag-eu","13":"tag-europe","14":"tag-fr","15":"tag-france","16":"tag-news","17":"tag-news-paris","18":"tag-paris","19":"tag-paris-news","20":"tag-republique-francaise"},"share_on_mastodon":{"url":"https:\/\/pubeurope.com\/@fr\/115786755550072448","error":""},"_links":{"self":[{"href":"https:\/\/www.europesays.com\/fr\/wp-json\/wp\/v2\/posts\/623580","targetHints":{"allow":["GET"]}}],"collection":[{"href":"https:\/\/www.europesays.com\/fr\/wp-json\/wp\/v2\/posts"}],"about":[{"href":"https:\/\/www.europesays.com\/fr\/wp-json\/wp\/v2\/types\/post"}],"author":[{"embeddable":true,"href":"https:\/\/www.europesays.com\/fr\/wp-json\/wp\/v2\/users\/2"}],"replies":[{"embeddable":true,"href":"https:\/\/www.europesays.com\/fr\/wp-json\/wp\/v2\/comments?post=623580"}],"version-history":[{"count":0,"href":"https:\/\/www.europesays.com\/fr\/wp-json\/wp\/v2\/posts\/623580\/revisions"}],"wp:featuredmedia":[{"embeddable":true,"href":"https:\/\/www.europesays.com\/fr\/wp-json\/wp\/v2\/media\/623581"}],"wp:attachment":[{"href":"https:\/\/www.europesays.com\/fr\/wp-json\/wp\/v2\/media?parent=623580"}],"wp:term":[{"taxonomy":"category","embeddable":true,"href":"https:\/\/www.europesays.com\/fr\/wp-json\/wp\/v2\/categories?post=623580"},{"taxonomy":"post_tag","embeddable":true,"href":"https:\/\/www.europesays.com\/fr\/wp-json\/wp\/v2\/tags?post=623580"}],"curies":[{"name":"wp","href":"https:\/\/api.w.org\/{rel}","templated":true}]}}