{"id":623610,"date":"2025-12-26T16:37:16","date_gmt":"2025-12-26T16:37:16","guid":{"rendered":"https:\/\/www.europesays.com\/fr\/623610\/"},"modified":"2025-12-26T16:37:16","modified_gmt":"2025-12-26T16:37:16","slug":"ainsley-maitland-niles-et-clinton-mata-bientot-centenaires","status":"publish","type":"post","link":"https:\/\/www.europesays.com\/fr\/623610\/","title":{"rendered":"Ainsley Maitland-Niles et Clinton Mata bient\u00f4t centenaires"},"content":{"rendered":"<p>                            <img width=\"770\" height=\"433\" src=\"https:\/\/www.europesays.com\/fr\/wp-content\/uploads\/2025\/12\/Mata-e1762118875482-770x433.jpg\" class=\"attachment-article size-article wp-post-image\" alt=\"Maitland-Niles et Mata devant Del Castillo (Brest)\" decoding=\"async\" fetchpriority=\"high\"  \/><\/p>\n<p>Maitland-Niles et Mata devant Del Castillo (Brest) (Photo by DAMIEN MEYER \/ AFP)<\/p>\n<p>Deux joueurs de l&rsquo;OL vont prochainement arriver au cap des 100 matchs avec l&rsquo;OL. D&rsquo;ici \u00e0 la fin de l&rsquo;hiver, Ainsley Maitland-Niles et Clinton Mata atteindront cette barre symbolique.<\/p>\n<p>Aujourd&rsquo;hui, l&rsquo;OL compte \u00ab\u00a0seulement\u00a0\u00bb trois \u00ab\u00a0centaines\u00a0\u00bb dans son effectif. <a href=\"https:\/\/www.olympique-et-lyonnais.com\/ol-tolisso-bientot-dans-le-top-15-des-joueurs-les-plus-capes,386795.html\" target=\"_blank\" rel=\"noopener\">Corentin <strong>Tolisso<\/strong><\/a><strong> <\/strong>(290), Rachid <strong>Ghezzal <\/strong>(128) et Nicolas <strong>Tagliafico <\/strong>(119) ont d\u00e9pass\u00e9 ce nombre symbolique. Une donn\u00e9e logique puisqu&rsquo;Alexandre <strong>Lacazette <\/strong>(391), Rayan <strong>Cherki <\/strong>(185) ou encore Maxence <strong>Caqueret <\/strong>(184) ont quitt\u00e9 le club en 2025. Mais rapidement, il devrait compter deux membres de plus dans ce cercle.<\/p>\n<p>Maitland-Niles probablement avant Mata<\/p>\n<p>Probablement courant f\u00e9vrier, <a href=\"https:\/\/www.olympique-et-lyonnais.com\/ol-fc-saint-cyr-collonges-premier-capitanat-pour-maitland-niles,387162.html\" target=\"_blank\" rel=\"noopener\">Ainsley <strong>Maitland-Niles<\/strong><\/a> et Clinton <strong>Mata <\/strong>d\u00e9passeront cette barre des 100 apparitions avec les septuples champions de France. L&rsquo;Anglais en est pour l&rsquo;instant \u00e0 95, tandis que l&rsquo;Angolais en recense 93. Au vu de leur statut, les deux d\u00e9fenseurs titulaires devraient assez vite atteindre cette barre symbolique. <\/p>\n<p>En raison de sa participation \u00e0 <a href=\"https:\/\/www.olympique-et-lyonnais.com\/can-clinton-mata-ol-et-langola-doivent-debloquer-le-compteur,387384.html\" target=\"_blank\" rel=\"noopener\">la Coupe d&rsquo;Afrique des Nations<\/a>, le comp\u00e8re de Moussa <strong>Niakhat\u00e9 <\/strong>en charni\u00e8re centrale mettra sans doute davantage de temps que le lat\u00e9ral droit. Ils se rapprocheront alors du top 150 des footballeurs les plus cap\u00e9s de l&rsquo;histoire de l&rsquo;Olympique lyonnais. Il s&rsquo;agit actuellement de Milan <strong>Bi\u0161evac<\/strong>, qui a port\u00e9 \u00e0 101 reprises ce maillot rouge et bleu. <\/p>\n","protected":false},"excerpt":{"rendered":"Maitland-Niles et Mata devant Del Castillo (Brest) (Photo by DAMIEN MEYER \/ AFP) Deux joueurs de l&rsquo;OL vont&hellip;\n","protected":false},"author":2,"featured_media":623611,"comment_status":"","ping_status":"","sticky":false,"template":"","format":"standard","meta":{"footnotes":""},"categories":[1410],"tags":[73292,63,1011,27,37643,241,60],"class_list":{"0":"post-623610","1":"post","2":"type-post","3":"status-publish","4":"format-standard","5":"has-post-thumbnail","7":"category-football","8":"tag-ainsley-maitland-niles","9":"tag-football","10":"tag-fr","11":"tag-france","12":"tag-mata","13":"tag-ol","14":"tag-sports"},"share_on_mastodon":{"url":"https:\/\/pubeurope.com\/@fr\/115786852975874864","error":""},"_links":{"self":[{"href":"https:\/\/www.europesays.com\/fr\/wp-json\/wp\/v2\/posts\/623610","targetHints":{"allow":["GET"]}}],"collection":[{"href":"https:\/\/www.europesays.com\/fr\/wp-json\/wp\/v2\/posts"}],"about":[{"href":"https:\/\/www.europesays.com\/fr\/wp-json\/wp\/v2\/types\/post"}],"author":[{"embeddable":true,"href":"https:\/\/www.europesays.com\/fr\/wp-json\/wp\/v2\/users\/2"}],"replies":[{"embeddable":true,"href":"https:\/\/www.europesays.com\/fr\/wp-json\/wp\/v2\/comments?post=623610"}],"version-history":[{"count":0,"href":"https:\/\/www.europesays.com\/fr\/wp-json\/wp\/v2\/posts\/623610\/revisions"}],"wp:featuredmedia":[{"embeddable":true,"href":"https:\/\/www.europesays.com\/fr\/wp-json\/wp\/v2\/media\/623611"}],"wp:attachment":[{"href":"https:\/\/www.europesays.com\/fr\/wp-json\/wp\/v2\/media?parent=623610"}],"wp:term":[{"taxonomy":"category","embeddable":true,"href":"https:\/\/www.europesays.com\/fr\/wp-json\/wp\/v2\/categories?post=623610"},{"taxonomy":"post_tag","embeddable":true,"href":"https:\/\/www.europesays.com\/fr\/wp-json\/wp\/v2\/tags?post=623610"}],"curies":[{"name":"wp","href":"https:\/\/api.w.org\/{rel}","templated":true}]}}