{"id":623612,"date":"2025-12-26T16:38:16","date_gmt":"2025-12-26T16:38:16","guid":{"rendered":"https:\/\/www.europesays.com\/fr\/623612\/"},"modified":"2025-12-26T16:38:16","modified_gmt":"2025-12-26T16:38:16","slug":"jules-kounde-et-kylian-mbappe-parmi-les-footballeurs-celibataires-les-plus-sexy-du-monde-international-france","status":"publish","type":"post","link":"https:\/\/www.europesays.com\/fr\/623612\/","title":{"rendered":"Jules Kound\u00e9 et Kylian Mbapp\u00e9 parmi les footballeurs c\u00e9libataires les plus sexy du monde &#8211; International &#8211; France"},"content":{"rendered":"<p>Le monde de la recherche est en \u00e9bullition.<\/p>\n<p><strong>Command\u00e9e par <a target=\"_blank\" href=\"https:\/\/www.topfootballbettingsites.co.uk\/\" rel=\"noopener\">le tr\u00e8s s\u00e9rieux institut britannique Top Football Betting Sites<\/a>, une \u00e9tude a tent\u00e9 d\u2019\u00e9valuer les footballeurs non mari\u00e9s les plus sexy du monde.<\/strong> Apr\u00e8s des mois d\u2019intense travail, les chercheurs livrent enfin leurs conclusions.<\/p>\n<p>\u00ab\u00a0Notre \u00e9tude prend en compte quatre facteurs qui font l\u2019attractivit\u00e9 d\u2019un individu\u00a0: le talent, la beaut\u00e9, la taille et l\u2019int\u00e9r\u00eat\u00a0\u00bb, explique l\u2019un des porte-paroles du projet dans un souci de transparence m\u00e9thodologique. La beaut\u00e9 est \u00e9valu\u00e9e par la sym\u00e9trie du visage, \u00ab\u00a0puisque les \u00eatres humains sont attir\u00e9s par la proportionnalit\u00e9\u00a0\u00bb, forc\u00e9ment. Quant \u00e0 l\u2019int\u00e9r\u00eat, \u00ab\u00a0nous l\u2019avons estim\u00e9 par des recherches Google comme \u00ab\u00a0Est-ce que Rodrygo a une petite amie\u00a0\u00bb, pour voir si les joueurs suscitaient les convoitises\u00a0\u00bb.<\/p>\n<p>Les traits parfaits de Marmoush, la taille non optimale de Mbapp\u00e9<\/p>\n<p><strong>La conclusion est sans appel\u00a0: le buteur de Manchester City Omar Marmoush est le plus sexy de tous les joueurs de football, avec un score total de 84.39.<\/strong> \u00ab\u00a0Ses traits remarquables s\u2019alignent presque parfaitement avec le nombre d\u2019or, cette formule math\u00e9matique ancienne utilis\u00e9e depuis des si\u00e8cles par les artistes et les scientifiques pour d\u00e9finir la beaut\u00e9 physique\u00a0\u00bb, justifie le rapport. Il est talonn\u00e9 de pr\u00e8s par le tr\u00e8s beau Declan Rice (83,37), gr\u00e2ce au tr\u00e8s fort int\u00e9r\u00eat qu\u2019il suscite.<\/p>\n<p><strong>Et cocorico, trois Fran\u00e7ais figurent dans le top 10<\/strong> : Jules Kound\u00e9 (3e) devance Kylian Mbapp\u00e9 (5e), sanctionn\u00e9 par \u00ab\u00a0sa taille non optimale\u00a0\u00bb. De son c\u00f4t\u00e9, Michael Olise est 9e. Quant \u00e0 Cristiano Ronaldo, il n\u2019h\u00e9rite que d\u2019une d\u00e9cevante 8e place, pour laquelle les chercheurs n\u2019avancent toutefois aucune explication.<\/p>\n<p>C\u2019est No\u00ebl, on est un peu en rade d\u2019actus, vous pardonnerez.<\/p>\n<p>\t\t\t\t\t\t\t\t\t\t<a class=\"lien-connexe\" href=\"https:\/\/www.sofoot.com\/breves\/jules-kounde-fete-noel-en-faisant-un-foot-au-benin\" target=\"_blank\" rel=\"noopener\">Jules Kound\u00e9 f\u00eate No\u00ebl en faisant un foot au B\u00e9nin<\/a>\t\t\t\t\t<\/p>\n","protected":false},"excerpt":{"rendered":"Le monde de la recherche est en \u00e9bullition. Command\u00e9e par le tr\u00e8s s\u00e9rieux institut britannique Top Football Betting&hellip;\n","protected":false},"author":2,"featured_media":623613,"comment_status":"","ping_status":"","sticky":false,"template":"","format":"standard","meta":{"footnotes":""},"categories":[1359],"tags":[47,61,69,65,58,59,64,63,1011,27,68,66,62,973,70,67],"class_list":{"0":"post-623612","1":"post","2":"type-post","3":"status-publish","4":"format-standard","5":"has-post-thumbnail","7":"category-people","8":"tag-actualite","9":"tag-actus-football","10":"tag-bundesliga","11":"tag-championnats-europeens","12":"tag-divertissement","13":"tag-entertainment","14":"tag-equipe-de-france","15":"tag-football","16":"tag-fr","17":"tag-france","18":"tag-ligua","19":"tag-ligue-1","20":"tag-news-foot","21":"tag-people","22":"tag-premier-league","23":"tag-serie-a"},"share_on_mastodon":{"url":"https:\/\/pubeurope.com\/@fr\/115786855619672880","error":""},"_links":{"self":[{"href":"https:\/\/www.europesays.com\/fr\/wp-json\/wp\/v2\/posts\/623612","targetHints":{"allow":["GET"]}}],"collection":[{"href":"https:\/\/www.europesays.com\/fr\/wp-json\/wp\/v2\/posts"}],"about":[{"href":"https:\/\/www.europesays.com\/fr\/wp-json\/wp\/v2\/types\/post"}],"author":[{"embeddable":true,"href":"https:\/\/www.europesays.com\/fr\/wp-json\/wp\/v2\/users\/2"}],"replies":[{"embeddable":true,"href":"https:\/\/www.europesays.com\/fr\/wp-json\/wp\/v2\/comments?post=623612"}],"version-history":[{"count":0,"href":"https:\/\/www.europesays.com\/fr\/wp-json\/wp\/v2\/posts\/623612\/revisions"}],"wp:featuredmedia":[{"embeddable":true,"href":"https:\/\/www.europesays.com\/fr\/wp-json\/wp\/v2\/media\/623613"}],"wp:attachment":[{"href":"https:\/\/www.europesays.com\/fr\/wp-json\/wp\/v2\/media?parent=623612"}],"wp:term":[{"taxonomy":"category","embeddable":true,"href":"https:\/\/www.europesays.com\/fr\/wp-json\/wp\/v2\/categories?post=623612"},{"taxonomy":"post_tag","embeddable":true,"href":"https:\/\/www.europesays.com\/fr\/wp-json\/wp\/v2\/tags?post=623612"}],"curies":[{"name":"wp","href":"https:\/\/api.w.org\/{rel}","templated":true}]}}