{"id":623614,"date":"2025-12-26T16:39:16","date_gmt":"2025-12-26T16:39:16","guid":{"rendered":"https:\/\/www.europesays.com\/fr\/623614\/"},"modified":"2025-12-26T16:39:16","modified_gmt":"2025-12-26T16:39:16","slug":"la-photographe-denise-bellon-redecouverte-au-musee-dart-et-dhistoire-du-judaisme","status":"publish","type":"post","link":"https:\/\/www.europesays.com\/fr\/623614\/","title":{"rendered":"La photographe Denise Bellon red\u00e9couverte au Mus\u00e9e d\u2019art et d\u2019histoire du juda\u00efsme"},"content":{"rendered":"<p>\n    <strong>CRITIQUE &#8211; <\/strong>Des portraits de c\u00e9l\u00e9brit\u00e9s aux reportages exotiques, cette autodidacte venue \u00e0 la photo apr\u00e8s son divorce a laiss\u00e9 une \u0153uvre dense mais m\u00e9connue.<\/p>\n<p class=\"fig-paragraph\">Nager, plonger, sauter, jouer, bronzer\u2026 Les premi\u00e8res photos que prend Denise Bellon lorsqu\u2019elle d\u00e9bute dans le m\u00e9tier sont un hymne \u00e0 la joie de vivre. Obligation de sourire et de bouger devant son objectif. Cela tombe bien, dans ces ann\u00e9es 1930, les loisirs se d\u00e9mocratisent, le corps triomphe\u00a0: on se baigne dans la Marne ou \u00e0 la\u00a0<a href=\"https:\/\/www.lefigaro.fr\/bd\/la-case-bd-piscine-molitor-ou-plongee-en-profondeur-dans-la-vie-de-boris-vian-20200417\" data-fig-type=\"Article\" data-gtm-custom-categorie=\"navigation\" data-gtm-custom-action=\"crossclick\" data-gtm-custom-label=\"Contextuel\" data-gtm-event=\"customEventSPE\" data-fig-domain=\"LEFIGARO\" target=\"_blank\" rel=\"noopener\">piscine Molitor<\/a>, on fait du ski dans les Alpes ou de la gymnastique sur la place du Trocad\u00e9ro. On prend le soleil d\u00e8s que l\u2019occasion se pr\u00e9sente. Il flotte un parfum d\u2019insouciance sur ces clich\u00e9s expos\u00e9s au Mus\u00e9e d\u2019art et d\u2019histoire du juda\u00efsme (Mahj), \u00e0 Paris, qui consacre la premi\u00e8re exposition d\u2019envergure \u00e0 cette photographe injustement oubli\u00e9e.<\/p>\n<p class=\"fig-paragraph\">\u00c0 voir ses portraits d\u2019intellectuels et d\u2019artistes, de\u00a0<a href=\"https:\/\/www.lefigaro.fr\/arts-expositions\/salvador-dali-celebre-sur-le-rocher-de-monaco-pour-les-trente-ans-de-sa-disparition-20190725\" data-fig-type=\"Article\" data-gtm-custom-categorie=\"navigation\" data-gtm-custom-action=\"crossclick\" data-gtm-custom-label=\"Contextuel\" data-gtm-event=\"customEventSPE\" data-fig-domain=\"LEFIGARO\" target=\"_blank\" rel=\"noopener\">Dali<\/a>\u00a0\u00e0\u00a0<a href=\"http:\/\/www.lefigaro.fr\/culture\/notre-critique-des-forces-vives-simone-de-beauvoir-ou-les-grandes-evasions-20241202\" data-fig-type=\"Article\" data-gtm-custom-categorie=\"navigation\" data-gtm-custom-action=\"crossclick\" data-gtm-custom-label=\"Contextuel\" data-gtm-event=\"customEventSPE\" data-fig-domain=\"LEFIGARO\" target=\"_blank\" rel=\"noopener\">Simone de Beauvoir<\/a>, on se demande bien pourquoi Denise Bellon (1902-1999) n\u2019a pas eu la notori\u00e9t\u00e9 de ses comparses, notamment masculins. \u00ab\u00a0Jamais fatigu\u00e9e, jamais de mauvaise humeur, jamais d\u00e9courag\u00e9e\u2026 Qu\u2019elle puisse aller voir tous les pays du monde\u2026<\/p>\n<p class=\"fig-premium-paywall__infos\">\n        Cet article est r\u00e9serv\u00e9 aux abonn\u00e9s.        Il vous reste 79% \u00e0 d\u00e9couvrir.\n    <\/p>\n<p>                <img  data- alt=\"Le Figaro\" class=\"fig-img--complete fig-img\"\/><\/p>\n<p class=\"fig-premium-paywall__title\">Vous avez envie de lire la suite ?<\/p>\n<p class=\"fig-premium-paywall__subtitle\">D\u00e9bloquez tous les articles imm\u00e9diatement.<\/p>\n<p class=\"fig-premium-paywall__connect\">\n                D\u00e9j\u00e0 abonn\u00e9\u00a0?                <a class=\"fig-premium-paywall__connect-link\" href=\"https:\/\/connect.lefigaro.fr\/login?client=horizon_web&amp;type=main&amp;redirect_uri=https%3A%2F%2Fwww.lefigaro.fr%2Farts-expositions%2Ftous-les-mondes-de-denise-bellon-20251226\" data-js-gtm=\"{&quot;customCategorie&quot;: &quot;conversion&quot;, &quot;customAction&quot;: &quot;before_Landing_Connexion_paywall_auto&quot;, &quot;customLabel&quot;: &quot;bGVmaWdhcm8uZnJfXzFmMGM2ZDEyLTRhYzEtNmJiNi1iYjM2LTc3ZjdiMGE0NzYzYV9fQXJ0aWNsZQ==_La photographe Denise Bellon red\u00e9couverte au Mus\u00e9e d\u2019art et d\u2019histoire du juda\u00efsme_312&quot;, &quot;customIDSPE&quot;: &quot;bGVmaWdhcm8uZnJfXzFmMGM2ZDEyLTRhYzEtNmJiNi1iYjM2LTc3ZjdiMGE0NzYzYV9fQXJ0aWNsZQ==&quot;, &quot;event&quot;: &quot;customEventSPE&quot;}\" target=\"_blank\" rel=\"noopener\"><br \/>\n                    Connectez-vous<br \/>\n                <\/a>\n            <\/p>\n","protected":false},"excerpt":{"rendered":"CRITIQUE &#8211; Des portraits de c\u00e9l\u00e9brit\u00e9s aux reportages exotiques, cette autodidacte venue \u00e0 la photo apr\u00e8s son divorce&hellip;\n","protected":false},"author":2,"featured_media":623615,"comment_status":"","ping_status":"","sticky":false,"template":"","format":"standard","meta":{"footnotes":""},"categories":[1358],"tags":[1348,1384,1385,1386,58,59,3293,1011,27,1756],"class_list":{"0":"post-623614","1":"post","2":"type-post","3":"status-publish","4":"format-standard","5":"has-post-thumbnail","7":"category-arts-et-design","8":"tag-arts","9":"tag-arts-and-design","10":"tag-arts-et-design","11":"tag-design","12":"tag-divertissement","13":"tag-entertainment","14":"tag-exposition","15":"tag-fr","16":"tag-france","17":"tag-photographie"},"share_on_mastodon":{"url":"https:\/\/pubeurope.com\/@fr\/115786859287712817","error":""},"_links":{"self":[{"href":"https:\/\/www.europesays.com\/fr\/wp-json\/wp\/v2\/posts\/623614","targetHints":{"allow":["GET"]}}],"collection":[{"href":"https:\/\/www.europesays.com\/fr\/wp-json\/wp\/v2\/posts"}],"about":[{"href":"https:\/\/www.europesays.com\/fr\/wp-json\/wp\/v2\/types\/post"}],"author":[{"embeddable":true,"href":"https:\/\/www.europesays.com\/fr\/wp-json\/wp\/v2\/users\/2"}],"replies":[{"embeddable":true,"href":"https:\/\/www.europesays.com\/fr\/wp-json\/wp\/v2\/comments?post=623614"}],"version-history":[{"count":0,"href":"https:\/\/www.europesays.com\/fr\/wp-json\/wp\/v2\/posts\/623614\/revisions"}],"wp:featuredmedia":[{"embeddable":true,"href":"https:\/\/www.europesays.com\/fr\/wp-json\/wp\/v2\/media\/623615"}],"wp:attachment":[{"href":"https:\/\/www.europesays.com\/fr\/wp-json\/wp\/v2\/media?parent=623614"}],"wp:term":[{"taxonomy":"category","embeddable":true,"href":"https:\/\/www.europesays.com\/fr\/wp-json\/wp\/v2\/categories?post=623614"},{"taxonomy":"post_tag","embeddable":true,"href":"https:\/\/www.europesays.com\/fr\/wp-json\/wp\/v2\/tags?post=623614"}],"curies":[{"name":"wp","href":"https:\/\/api.w.org\/{rel}","templated":true}]}}