{"id":623616,"date":"2025-12-26T16:41:19","date_gmt":"2025-12-26T16:41:19","guid":{"rendered":"https:\/\/www.europesays.com\/fr\/623616\/"},"modified":"2025-12-26T16:41:19","modified_gmt":"2025-12-26T16:41:19","slug":"stranger-things-saison-5-ce-detail-vient-confirmer-une-folle-theorie-sur-la-fin","status":"publish","type":"post","link":"https:\/\/www.europesays.com\/fr\/623616\/","title":{"rendered":"STRANGER THINGS saison 5 : ce d\u00e9tail vient confirmer une folle th\u00e9orie sur la fin"},"content":{"rendered":"<p>Chlo\u00e9 Valmaryle 26 d\u00e9cembre 2025<\/p>\n<p class=\"bg33va_introductionFragment vQ5tza_article-spacing vQ5tza_module-spacing\">Si vous avez regard\u00e9 les \u00e9pisodes 5, 6 et 7 de la saison 5 de STRANGER THINGS, une date ne vous aura s\u00fbrement pas \u00e9chapp\u00e9 : celle du 6 novembre. Et elle est tr\u00e8s importante dans l\u2019histoire de la s\u00e9rie, et vient peut-\u00eatre aussi confirmer une folle th\u00e9orie sur la fin. ATTENTION, CET ARTICLE CONTIENT DES SPOILERS.<\/p>\n<p>STRANGER THINGS saison 5 : tout se termine le 6 novembre<\/p>\n<p>Depuis le d\u00e9but de <strong><a href=\"https:\/\/www.canalplus.com\/fr\/series\/stranger-things\/h\/19007639_50259\" target=\"_blank\" rel=\"noopener\">STRANGER THINGS<\/a><\/strong> il y a presque 10 ans, le 6 novembre est une date-cl\u00e9, qui a d\u2019ailleurs donn\u00e9 lieu \u00e0 une c\u00e9l\u00e9bration annuelle &#8211; le STRANGER THINGS Day. Cette date n\u2019a pas \u00e9t\u00e9 choisie au hasard, puisqu\u2019elle correspond \u00e0 l\u2019enl\u00e8vement de Will Byers dans la saison 1, qui a eu lieu le 6 novembre 1983. On le sait maintenant, Will a \u00e9t\u00e9 enlev\u00e9 par Vecna, pour l\u2019aider dans <strong><a href=\"https:\/\/www.canalplus.com\/articles\/series\/stranger-things-saison-5-explication-de-la-partie-2-quel-est-le-plan-final-de-vecna\" target=\"_blank\" rel=\"noopener\">son plan machiav\u00e9lique<\/a><\/strong>.\u00a0<\/p>\n<p>Mais \u00e7a n\u2019est pas tout. Dans l\u2019\u00e9pisode 4 de la saison 5, lorsque Max explore un des souvenirs d\u2019Henry dans le Camazotz, elle d\u00e9ambule dans les couloirs de son lyc\u00e9e, en 1959, et une tr\u00e8s courte sc\u00e8ne montre un flyer (distribu\u00e9 par une toute jeune Joyce), dans lequel on d\u00e9couvre qu\u2019Henry a jou\u00e9 dans une pi\u00e8ce de th\u00e9\u00e2tre intitul\u00e9e \u00ab\u00a0Oklahoma !\u00a0\u00bb dirig\u00e9e par Joyce (la m\u00e8re de Will) le\u2026 6 novembre 1959. Et il n\u2019\u00e9tait pas seul dans cette pi\u00e8ce de th\u00e9\u00e2tre, il \u00e9tait entour\u00e9 de James Hopper (le papa d\u2019Eleven), Karen et Ted Wheeler (les parents de Mike, Nancy et Holly), et de Alan Munson (le p\u00e8re d\u2019Eddie).<\/p>\n<p>Enfin, dans l&rsquo;\u00e9pisode 7 de STRANGER THINGS saison 5, on d\u00e9couvre, gr\u00e2ce \u00e0 Lucas, que Vecna mettra son plan \u00e0 ex\u00e9cution le 6 novembre 1987. Une date pivot donc pour la fin de STRANGER THINGS, qui vient appuyer une grosse th\u00e9orie de fans sur la fin.<\/p>\n<p><img decoding=\"async\" src=\"https:\/\/www.europesays.com\/fr\/wp-content\/uploads\/2025\/12\/67891413a3045cfe81bb4cef21d568fee66896f8.png\" alt=\"\" class=\"box-border text-dt-text-media-block-media-block-title animate-fade-in\" loading=\"lazy\" height=\"100%\" width=\"100%\" style=\"min-width:100%;height:100%\"\/>Et si tout \u00e9tait li\u00e9 aux parents, et non aux enfants ?<\/p>\n<p>En effet, une th\u00e9orie largement r\u00e9pandue sur le web apr\u00e8s la diffusion de la partie 1 de la saison 5 de STRANGER THINGS, est que depuis le d\u00e9but, Henry\/Vecna, cherche \u00e0 se venger des parents (qui \u00e9taient donc \u00e0 ses c\u00f4t\u00e9s dans la fameuse pi\u00e8ce de th\u00e9\u00e2tre), et c\u2019est pour cela qu\u2019il a choisi la date du 6 novembre pour mettre son plan final \u00e0 ex\u00e9cution (mais \u00e9galement pour kidnapper Will, en 1983), car elle renvoie \u00e0 la date anniversaire de cette fameuse pi\u00e8ce de th\u00e9\u00e2tre.<\/p>\n<p>Un \u00e9v\u00e9nement traumatisant li\u00e9 \u00e0 cette pi\u00e8ce aurait donc eu lieu le 6 novembre 1959, et c\u2019est \u00e0 ce moment-l\u00e0 que tout a chang\u00e9 pour Henry. Cette date pourrait avoir un lien avec la grotte dans laquelle il tue l\u2019homme \u00e0 la malette (un souvenir que l\u2019on d\u00e9couvre dans la partie 2 de la saison 5).\u00a0<\/p>\n<p>Dans une interview accord\u00e9e \u00e0 Variety, les fr\u00e8res Duffer ont insist\u00e9 sur le fait que l\u2019\u00e9pisode final de STRANGER THINGS (attendu le 1er janvier) donnerait des r\u00e9ponses sur le lien entre Henry\/Vecna et le Flagelleur mental, mais l\u00e8verait \u00e9galement le voile sur ce qu\u2019il s\u2019est pass\u00e9 dans la grotte.\u00a0<\/p>\n<p>On d\u00e9couvrira donc si Henry cherche surtout \u00e0 se venger de Joyce, Hopper, les Wheeler et la famille Munson. Quoiqu\u2019il en soit, la date du 6 novembre n\u2019a pas \u00e9t\u00e9 choisie au hasard.\u00a0<\/p>\n","protected":false},"excerpt":{"rendered":"Chlo\u00e9 Valmaryle 26 d\u00e9cembre 2025 Si vous avez regard\u00e9 les \u00e9pisodes 5, 6 et 7 de la saison&hellip;\n","protected":false},"author":2,"featured_media":623617,"comment_status":"","ping_status":"","sticky":false,"template":"","format":"standard","meta":{"footnotes":""},"categories":[1356],"tags":[58,59,1011,27,252,1364],"class_list":{"0":"post-623616","1":"post","2":"type-post","3":"status-publish","4":"format-standard","5":"has-post-thumbnail","7":"category-television","8":"tag-divertissement","9":"tag-entertainment","10":"tag-fr","11":"tag-france","12":"tag-television","13":"tag-tv"},"share_on_mastodon":{"url":"https:\/\/pubeurope.com\/@fr\/115786868566310391","error":""},"_links":{"self":[{"href":"https:\/\/www.europesays.com\/fr\/wp-json\/wp\/v2\/posts\/623616","targetHints":{"allow":["GET"]}}],"collection":[{"href":"https:\/\/www.europesays.com\/fr\/wp-json\/wp\/v2\/posts"}],"about":[{"href":"https:\/\/www.europesays.com\/fr\/wp-json\/wp\/v2\/types\/post"}],"author":[{"embeddable":true,"href":"https:\/\/www.europesays.com\/fr\/wp-json\/wp\/v2\/users\/2"}],"replies":[{"embeddable":true,"href":"https:\/\/www.europesays.com\/fr\/wp-json\/wp\/v2\/comments?post=623616"}],"version-history":[{"count":0,"href":"https:\/\/www.europesays.com\/fr\/wp-json\/wp\/v2\/posts\/623616\/revisions"}],"wp:featuredmedia":[{"embeddable":true,"href":"https:\/\/www.europesays.com\/fr\/wp-json\/wp\/v2\/media\/623617"}],"wp:attachment":[{"href":"https:\/\/www.europesays.com\/fr\/wp-json\/wp\/v2\/media?parent=623616"}],"wp:term":[{"taxonomy":"category","embeddable":true,"href":"https:\/\/www.europesays.com\/fr\/wp-json\/wp\/v2\/categories?post=623616"},{"taxonomy":"post_tag","embeddable":true,"href":"https:\/\/www.europesays.com\/fr\/wp-json\/wp\/v2\/tags?post=623616"}],"curies":[{"name":"wp","href":"https:\/\/api.w.org\/{rel}","templated":true}]}}