{"id":623632,"date":"2025-12-26T16:52:21","date_gmt":"2025-12-26T16:52:21","guid":{"rendered":"https:\/\/www.europesays.com\/fr\/623632\/"},"modified":"2025-12-26T16:52:21","modified_gmt":"2025-12-26T16:52:21","slug":"animal-pas-vu-pendant-trente-ans-un-chat-a-tete-plate-repere-par-des-cameras","status":"publish","type":"post","link":"https:\/\/www.europesays.com\/fr\/623632\/","title":{"rendered":"Animal pas vu pendant trente ans, un chat \u00e0 t\u00eate plate rep\u00e9r\u00e9 par des cam\u00e9ras"},"content":{"rendered":"<p>Pr\u00e8s de trente ans que personne n\u2019avait aper\u00e7u le bout de ses moustaches. Un <a href=\"https:\/\/www.20minutes.fr\/dossier\/chat\" class=\"c-link c-link--is-underlined\" target=\"_blank\" rel=\"noopener\">chat <\/a>\u00e0 t\u00eate plate, rare esp\u00e8ce de f\u00e9lin consid\u00e9r\u00e9e comme probablement \u00e9teinte en <a href=\"https:\/\/www.20minutes.fr\/monde\/thailande\/\" class=\"c-link c-link--is-underlined\" target=\"_blank\" rel=\"noopener\">Tha\u00eflande<\/a>, a \u00e9t\u00e9 rep\u00e9r\u00e9 dans un sanctuaire de la faune sauvage pr\u00e8s de trois d\u00e9cennies apr\u00e8s avoir \u00e9t\u00e9 vu pour la derni\u00e8re fois, ont annonc\u00e9 vendredi les responsables des zones prot\u00e9g\u00e9es et une ONG de pr\u00e9servation des f\u00e9lins.<\/p>\n<p>Les chats \u00e0 t\u00eate plate, qui ont la taille d\u2019un chat domestique, figurent parmi les <a href=\"https:\/\/www.20minutes.fr\/dossier\/especes_menacees\" class=\"c-link c-link--is-underlined\" target=\"_blank\" rel=\"noopener\">esp\u00e8ces de f\u00e9lins sauvages les plus rares et les plus menac\u00e9es<\/a> dans le monde. Cette esp\u00e8ce vivant en Asie du Sud-Est est consid\u00e9r\u00e9e comme \u00e9tant en danger en raison de la perte de son habitat naturel.<\/p>\n<p>29 observations et un comptage difficile<\/p>\n<p>Mais une \u00e9tude \u00e9cologique entam\u00e9e en\u00a02024 a permis, en recourant \u00e0 des cam\u00e9ras pi\u00e8ges, de faire 29 observations dans le Sanctuaire de la faune sauvage de la princesse Sirindhorn, dans le sud du pays, selon le D\u00e9partement tha\u00eflandais des parcs nationaux, de la faune et de la flore sauvages et l\u2019organisation Panthera, qui se consacre \u00e0 la pr\u00e9servation des f\u00e9lins sauvages.<\/p>\n<\/p>\n<p>\u00ab\u00a0Cette red\u00e9couverte est \u00e0 la fois enthousiasmante et pr\u00e9occupante\u00a0\u00bb, a d\u00e9clar\u00e9 Kaset Sutasha, v\u00e9t\u00e9rinaire et chercheur \u00e0 l\u2019universit\u00e9 de Kasetsart, soulignant que la fragmentation de l\u2019habitat de cette esp\u00e8ce l\u2019a rendue de plus en plus \u00ab\u00a0isol\u00e9e\u00a0\u00bb. Il n\u2019a pas \u00e9t\u00e9 possible de d\u00e9terminer pour l\u2019instant \u00e0 quel nombre d\u2019individus correspondent ces observations, car cette esp\u00e8ce ne poss\u00e8de pas de signes distinctifs, ce qui rend difficile le comptage.<\/p>\n<p>Cependant, les observations de chats \u00e0 t\u00eate plate sugg\u00e8rent une concentration relativement \u00e9lev\u00e9e, a d\u00e9clar\u00e9 Rattapan Pattanarangsan, responsable du programme de pr\u00e9servation de Panthera.<\/p>\n<p>Une femelle et son petit<\/p>\n<p>Les images montrent une femelle et son petit, un signe rare et encourageant pour cette esp\u00e8ce qui ne donne g\u00e9n\u00e9ralement naissance qu\u2019\u00e0 un seul chaton \u00e0 la fois. Nocturne et discret, le chat \u00e0 t\u00eate plate vit g\u00e9n\u00e9ralement dans les \u00e9cosyst\u00e8mes humides comme les tourbi\u00e8res et les mangroves, des milieux extr\u00eamement difficiles d\u2019acc\u00e8s pour les chercheurs, a soulign\u00e9 Rattapan Pattanarangsan.<\/p>\n<p>L\u2019Union internationale pour la conservation de la nature estime qu\u2019environ 2.500 chats \u00e0 t\u00eate plate subsistent dans le monde. En Tha\u00eflande, l\u2019esp\u00e8ce a \u00e9t\u00e9 consid\u00e9r\u00e9e comme \u00ab\u00a0probablement \u00e9teinte\u00a0\u00bb.<\/p>\n<p>Les for\u00eats mar\u00e9cageuses tha\u00eflandaises ont \u00e9t\u00e9 fortement fragment\u00e9es pour les besoins de l\u2019agriculture, a soulign\u00e9 Kaset Sutasha, qui n\u2019a pas particip\u00e9 \u00e0 l\u2019\u00e9tude mais qui \u00e9tudie les f\u00e9lins sauvages depuis des ann\u00e9es. Ces f\u00e9lins sont \u00e9galement menac\u00e9s par des maladies transmises par des animaux domestiques.<\/p>\n<p>Bien que cette d\u00e9couverte soit porteuse d\u2019espoir, elle ne constitue qu\u2019un \u00ab\u00a0point de d\u00e9part\u00a0\u00bb pour les efforts de pr\u00e9servation qu\u2019il faudra d\u00e9ployer, a-t-il ajout\u00e9. \u00ab\u00a0La suite est le plus important\u00a0: comment leur permettre de coexister avec nous d\u2019une mani\u00e8re durable, sans \u00eatre menac\u00e9s\u00a0\u00bb, a soulign\u00e9 Kaset Sutasha.<\/p>\n","protected":false},"excerpt":{"rendered":"Pr\u00e8s de trente ans que personne n\u2019avait aper\u00e7u le bout de ses moustaches. Un chat \u00e0 t\u00eate plate,&hellip;\n","protected":false},"author":2,"featured_media":623633,"comment_status":"","ping_status":"","sticky":false,"template":"","format":"standard","meta":{"footnotes":""},"categories":[5],"tags":[11,1867,6060,1130,7654,7442,1011,27,14,12,52,6030,1684,28],"class_list":{"0":"post-623632","1":"post","2":"type-post","3":"status-publish","4":"format-standard","5":"has-post-thumbnail","7":"category-international","8":"tag-actualites","9":"tag-animaux","10":"tag-asie","11":"tag-biodiversite","12":"tag-chat","13":"tag-especes-menacees","14":"tag-fr","15":"tag-france","16":"tag-international","17":"tag-news","18":"tag-planete","19":"tag-protection-des-animaux","20":"tag-thailande","21":"tag-world"},"share_on_mastodon":{"url":"https:\/\/pubeurope.com\/@fr\/115786910538731166","error":""},"_links":{"self":[{"href":"https:\/\/www.europesays.com\/fr\/wp-json\/wp\/v2\/posts\/623632","targetHints":{"allow":["GET"]}}],"collection":[{"href":"https:\/\/www.europesays.com\/fr\/wp-json\/wp\/v2\/posts"}],"about":[{"href":"https:\/\/www.europesays.com\/fr\/wp-json\/wp\/v2\/types\/post"}],"author":[{"embeddable":true,"href":"https:\/\/www.europesays.com\/fr\/wp-json\/wp\/v2\/users\/2"}],"replies":[{"embeddable":true,"href":"https:\/\/www.europesays.com\/fr\/wp-json\/wp\/v2\/comments?post=623632"}],"version-history":[{"count":0,"href":"https:\/\/www.europesays.com\/fr\/wp-json\/wp\/v2\/posts\/623632\/revisions"}],"wp:featuredmedia":[{"embeddable":true,"href":"https:\/\/www.europesays.com\/fr\/wp-json\/wp\/v2\/media\/623633"}],"wp:attachment":[{"href":"https:\/\/www.europesays.com\/fr\/wp-json\/wp\/v2\/media?parent=623632"}],"wp:term":[{"taxonomy":"category","embeddable":true,"href":"https:\/\/www.europesays.com\/fr\/wp-json\/wp\/v2\/categories?post=623632"},{"taxonomy":"post_tag","embeddable":true,"href":"https:\/\/www.europesays.com\/fr\/wp-json\/wp\/v2\/tags?post=623632"}],"curies":[{"name":"wp","href":"https:\/\/api.w.org\/{rel}","templated":true}]}}