{"id":623638,"date":"2025-12-26T16:55:16","date_gmt":"2025-12-26T16:55:16","guid":{"rendered":"https:\/\/www.europesays.com\/fr\/623638\/"},"modified":"2025-12-26T16:55:16","modified_gmt":"2025-12-26T16:55:16","slug":"un-deuxieme-reparcenter-rue-gambetta","status":"publish","type":"post","link":"https:\/\/www.europesays.com\/fr\/623638\/","title":{"rendered":"un deuxi\u00e8me Repar\u2019Center rue Gambetta"},"content":{"rendered":"<p>\u00ab\u00a0J\u2019avais envie de disposer d\u2019un espace d\u00e9di\u00e9 \u00e0 la formation, parce que transmettre un savoir-faire, c\u2019est quelque chose qui me tient particuli\u00e8rement \u00e0 c\u0153ur.\u00a0\u00bb<\/p>\n<p>Originaire d\u2019Alg\u00e9rie et install\u00e9 \u00e0 Saint-\u00c9tienne depuis 2007, Kader Riad Hamici, 44 ans, travaille depuis plus de vingt ans dans le domaine de la t\u00e9l\u00e9phonie et de l\u2019informatique. \u00ab\u00a0Je me suis notamment form\u00e9 en Tha\u00eflande, en Malaisie et au Br\u00e9sil, des pays qui sont tr\u00e8s en avance sur tout ce qui est nouvelles technologies.\u00a0\u00bb<\/p>\n<p>  Un local de 160 m\u00b2\u00a0r\u00e9habilit\u00e9 par l\u2019Epase<\/p>\n<p>Apr\u00e8s avoir \u00e9t\u00e9 salari\u00e9 dans un magasin situ\u00e9 en face de la pr\u00e9fecture durant cinq ans, Kader Riad Hamici s\u2019\u00e9tait lanc\u00e9 \u00e0 son compte en avril\u00a02014 en ouvrant une boutique, Repar\u2019Center, au 20 rue Georges-Dupr\u00e9, dans le quartier Saint-Jacques. Et il s\u2019est rapidement constitu\u00e9 une client\u00e8le fid\u00e8le\u00a0: \u00ab\u00a0Les gens nous font confiance, ils savent qu\u2019on travaille s\u00e9rieusement\u2026\u00a0\u00bb<\/p>\n<p>Fort du succ\u00e8s de sa premi\u00e8re boutique, le commer\u00e7ant a donc d\u00e9cid\u00e9 de voir plus grand\u00a0: un deuxi\u00e8me Repar\u2019Center de 160 m2  sur deux \u00e9tages (le double du premier) a ouvert le 19\u00a0d\u00e9cembre, au 4 rue Gambetta, juste \u00e0 c\u00f4t\u00e9 de la p\u00e2tisserie Le Nelson.<\/p>\n<p>Il s\u2019agit d\u2019un local qui \u00e9tait inoccup\u00e9 depuis quelques ann\u00e9es et qui a \u00e9t\u00e9 r\u00e9habilit\u00e9 par l\u2019Epase (\u00c9tablissement public d\u2019am\u00e9nagement de Saint-\u00c9tienne) dans le cadre de <a href=\"https:\/\/www.leprogres.fr\/economie\/2023\/07\/10\/comment-l-epase-s-y-prend-pour-relouer-des-commerces-vacants\" target=\"_blank\" rel=\"noopener\">son action en faveur des locaux commerciaux vacants<\/a>.<\/p>\n<p>  Une boutique agr\u00e9\u00e9e \u00ab\u00a0Apple IRP\u00a0\u00bb<\/p>\n<p>Kader Riad Hamici, lui, a r\u00e9alis\u00e9 les am\u00e9nagements int\u00e9rieurs. Et le r\u00e9sultat est particuli\u00e8rement r\u00e9ussi, avec un espace de vente design et lumineux. On y retrouve toute une gamme de smartphones, mais aussi de tablettes et d\u2019ordinateurs de toutes marques, \u00e0 la fois en neuf et en reconditionn\u00e9\u00a0: Apple, Samsung, Xiaomi\u2026 ainsi que toute une gamme d\u2019accessoires\u00a0: coques, chargeurs, supports de voiture, \u00e9couteurs\u2026<\/p>\n<p>La boutique est agr\u00e9\u00e9e \u00ab\u00a0Apple IRP\u00a0\u00bb\u00a0: \u00ab\u00a0\u00c7a nous permet\u00a0de r\u00e9parer les appareils Apple avec des pi\u00e8ces d\u2019origine.\u00a0\u00bb Car, comme son nom l\u2019indique, la boutique fait aussi de la r\u00e9paration.<\/p>\n<p>  \u00ab\u00a0Je crois dans la dynamique du centre-ville\u00a0\u00bb<\/p>\n<p>Mais la grande nouveaut\u00e9 de cette nouvelle adresse, c\u2019est l\u2019espace de formation, dot\u00e9 de mat\u00e9riel dernier cri, qui a \u00e9t\u00e9 am\u00e9nag\u00e9 \u00e0 l\u2019\u00e9tage.<\/p>\n<p>\u00ab\u00a0On va proposer des formations sur diff\u00e9rentes th\u00e9matiques, aussi bien pour les particuliers que pour les professionnels et pour tous les niveaux\u00a0: maniement de l\u2019outil informatique, utilisation de l\u2019IA, marketing digital, r\u00e9cup\u00e9ration de donn\u00e9es\u2026 Mais aussi r\u00e9paration de smartphone (ou tablette ou PC) et reconditionnement de batterie \u00e9lectrique\u00a0: c\u2019est tr\u00e8s important \u00e0 mes yeux, cet aspect \u00e9cologique de recyclage.\u00a0\u00bb<\/p>\n<p>Cette ouverture a repr\u00e9sent\u00e9 pour\u00a0Kader Riad Hamici \u00ab\u00a0un gros investissement\u00a0\u00bb, conc\u00e8de-t-il en souriant. Le commer\u00e7ant, qui emploie un salari\u00e9 et deux alternants, se dit confiant dans la r\u00e9ussite de cette deuxi\u00e8me boutique\u00a0: \u00ab\u00a0Malgr\u00e9 les nombreuses fermetures depuis quelque temps, moi, je crois dans la dynamique du centre-ville\u2026\u00a0\u00bb<\/p>\n<p class=\"note\">Ouvert du lundi apr\u00e8s-midi au samedi.<\/p>\n","protected":false},"excerpt":{"rendered":"\u00ab\u00a0J\u2019avais envie de disposer d\u2019un espace d\u00e9di\u00e9 \u00e0 la formation, parce que transmettre un savoir-faire, c\u2019est quelque chose&hellip;\n","protected":false},"author":2,"featured_media":623639,"comment_status":"","ping_status":"","sticky":false,"template":"","format":"standard","meta":{"footnotes":""},"categories":[9653],"tags":[1111,11,2430,4406,33,7539,1777,674,1011,27,12,25,4001,7538],"class_list":{"0":"post-623638","1":"post","2":"type-post","3":"status-publish","4":"format-standard","5":"has-post-thumbnail","7":"category-saint-etienne","8":"tag-actu","9":"tag-actualites","10":"tag-auvergne-rhone-alpes","11":"tag-commerce-et-services","12":"tag-economie","13":"tag-edition-loire-sud","14":"tag-eu","15":"tag-europe","16":"tag-fr","17":"tag-france","18":"tag-news","19":"tag-republique-francaise","20":"tag-saint-etienne","21":"tag-saint-etienne-ville"},"share_on_mastodon":{"url":"","error":""},"_links":{"self":[{"href":"https:\/\/www.europesays.com\/fr\/wp-json\/wp\/v2\/posts\/623638","targetHints":{"allow":["GET"]}}],"collection":[{"href":"https:\/\/www.europesays.com\/fr\/wp-json\/wp\/v2\/posts"}],"about":[{"href":"https:\/\/www.europesays.com\/fr\/wp-json\/wp\/v2\/types\/post"}],"author":[{"embeddable":true,"href":"https:\/\/www.europesays.com\/fr\/wp-json\/wp\/v2\/users\/2"}],"replies":[{"embeddable":true,"href":"https:\/\/www.europesays.com\/fr\/wp-json\/wp\/v2\/comments?post=623638"}],"version-history":[{"count":0,"href":"https:\/\/www.europesays.com\/fr\/wp-json\/wp\/v2\/posts\/623638\/revisions"}],"wp:featuredmedia":[{"embeddable":true,"href":"https:\/\/www.europesays.com\/fr\/wp-json\/wp\/v2\/media\/623639"}],"wp:attachment":[{"href":"https:\/\/www.europesays.com\/fr\/wp-json\/wp\/v2\/media?parent=623638"}],"wp:term":[{"taxonomy":"category","embeddable":true,"href":"https:\/\/www.europesays.com\/fr\/wp-json\/wp\/v2\/categories?post=623638"},{"taxonomy":"post_tag","embeddable":true,"href":"https:\/\/www.europesays.com\/fr\/wp-json\/wp\/v2\/tags?post=623638"}],"curies":[{"name":"wp","href":"https:\/\/api.w.org\/{rel}","templated":true}]}}