{"id":623648,"date":"2025-12-26T17:02:14","date_gmt":"2025-12-26T17:02:14","guid":{"rendered":"https:\/\/www.europesays.com\/fr\/623648\/"},"modified":"2025-12-26T17:02:14","modified_gmt":"2025-12-26T17:02:14","slug":"deces-de-francois-rio-le-dernier-hommage-des-vedasiens-a-un-maire-engage-entier-et-franc","status":"publish","type":"post","link":"https:\/\/www.europesays.com\/fr\/623648\/","title":{"rendered":"D\u00e9c\u00e8s de Fran\u00e7ois Rio\u00a0: le dernier hommage des V\u00e9dasiens \u00e0 \u00ab\u00a0un maire engag\u00e9, entier et franc\u00a0\u00bb"},"content":{"rendered":"<p>\n                                                                Ce vendredi 26\u00a0d\u00e9cembre, le village de Saint-Jean-de-V\u00e9das a dit au revoir \u00e0 son maire, Fran\u00e7ois Rio, d\u00e9c\u00e9d\u00e9 brutalement \u00e0 42 ans.\n                            <\/p>\n<p>\u00ab\u00a0Un homme engag\u00e9\u00a0\u00bb, \u00ab\u00a0un \u00e9lu entier et franc d\u00e9vou\u00e9 \u00e0 sa commune\u00a0\u00bb, \u00ab\u00a0quelqu\u2019un de profond\u00e9ment humain\u00a0\u00bb\u2026 Les V\u00e9dasiens \u00e9taient unanimes, ce vendredi 26\u00a0d\u00e9cembre, au moment de rendre un dernier hommage \u00e0 leur maire, d\u00e9c\u00e9d\u00e9 brutalement samedi dernier \u00e0 l\u2019\u00e2ge de 42 ans des suites d\u2019un accident domestique.<\/p>\n<p>\u00c9lus et habitants pr\u00e9sents nombreux<\/p>\n<p>La salle des Granges n\u2019\u00e9tait pas assez grande pour contenir la foule, venue t\u00e9moigner de son soutien aux proches de Fran\u00e7ois Rio. Avec beaucoup de dignit\u00e9, famille et amis ont salu\u00e9 celui qui \u00ab\u00a0a pass\u00e9 sa vie \u00e0 donner sans compter, toujours au service de sa commune, toujours au service des autres.\u00a0\u00bb<\/p>\n<p>Un serviteur de la R\u00e9publique, comme en t\u00e9moignaient les nombreuses \u00e9charpes tricolores pr\u00e9sentes au premier rang. D\u00e9put\u00e9s, s\u00e9nateurs, ancienne ministre, maires de la M\u00e9tropole ou du bassin de Thau ou pr\u00e9f\u00e8te de l\u2019H\u00e9rault, tous ont assist\u00e9 en silence \u00e0 l\u2019hommage rendu par toute une ville.<\/p>\n<p>        <img decoding=\"async\" class=\"std-img__img responsive-img\" src=\"https:\/\/www.europesays.com\/fr\/wp-content\/uploads\/2025\/12\/1766768534_46_image.jpg\" alt=\"D\u00e9c\u00e8s de Fran\u00e7ois Rio\u00a0: le dernier hommage des V\u00e9dasiens \u00e0 &quot;un maire engag\u00e9, entier et franc&quot;\"\/><\/p>\n<p>                D\u00e9c\u00e8s de Fran\u00e7ois Rio\u00a0: le dernier hommage des V\u00e9dasiens \u00e0 \u00ab\u00a0un maire engag\u00e9, entier et franc\u00a0\u00bb<br \/>\n                                    Midi Libre &#8211; GIACOMO ITALIANO<\/p>\n<p>\u00c0 la demande de la famille, aucune prise de parole n\u2019a \u00e9t\u00e9 faite de la part des personnalit\u00e9s politiques. Seuls les mots de l\u2019ancien maire de Saint-Jean-de-V\u00e9das, Jacques Atlan, ont r\u00e9sonn\u00e9 dans la salle des Granges. Pas ceux de l\u2019ancien \u00e9lu, mais ceux du \u00ab\u00a0P\u00e8re spirituel\u00a0\u00bb.<\/p>\n<p>\u00ab\u00a0La chose publique \u00e9tait sa passion\u00a0\u00bb<\/p>\n<p>\u00ab\u00a0Je l\u2019ai pris sous mon aile alors qu\u2019il n\u2019avait que 15 ans. En riant, il me disait qu\u2019il serait un jour \u00e0 ma place. Devenir maire de Saint-Jean-de-V\u00e9das a toujours \u00e9t\u00e9 son ambition. Et la chose publique sa passion\u2026\u00a0\u00bb<\/p>\n<p>Sous le regard franc de Fran\u00e7ois Rio, dont le portrait est projet\u00e9 en grand sur le mur principal, les pens\u00e9es vont aussi \u00e0 son jeune fils. Son \u00ab\u00a0petit R\u00e9publicain\u00a0\u00bb. Alors que la c\u00e9r\u00e9monie se termine, la photo s\u2019efface pour laisser place aux derniers mots du maire de Saint-Jean-de-V\u00e9das, griffonn\u00e9s sur un carton deux heures avant son d\u00e9c\u00e8s\u00a0: \u00ab\u00a0Pour vous, avec vous, et pour toujours. Toute mon amiti\u00e9\u00a0\u00bb.<\/p>\n","protected":false},"excerpt":{"rendered":"Ce vendredi 26\u00a0d\u00e9cembre, le village de Saint-Jean-de-V\u00e9das a dit au revoir \u00e0 son maire, Fran\u00e7ois Rio, d\u00e9c\u00e9d\u00e9 brutalement&hellip;\n","protected":false},"author":2,"featured_media":623649,"comment_status":"","ping_status":"","sticky":false,"template":"","format":"standard","meta":{"footnotes":""},"categories":[9599],"tags":[1111,11,1777,674,1011,27,7089,2208,12,2680,25,72356,1857],"class_list":{"0":"post-623648","1":"post","2":"type-post","3":"status-publish","4":"format-standard","5":"has-post-thumbnail","7":"category-montpellier","8":"tag-actu","9":"tag-actualites","10":"tag-eu","11":"tag-europe","12":"tag-fr","13":"tag-france","14":"tag-herault","15":"tag-montpellier","16":"tag-news","17":"tag-occitanie","18":"tag-republique-francaise","19":"tag-saintjeandevedas","20":"tag-sociu00e9tu00e9"},"share_on_mastodon":{"url":"","error":""},"_links":{"self":[{"href":"https:\/\/www.europesays.com\/fr\/wp-json\/wp\/v2\/posts\/623648","targetHints":{"allow":["GET"]}}],"collection":[{"href":"https:\/\/www.europesays.com\/fr\/wp-json\/wp\/v2\/posts"}],"about":[{"href":"https:\/\/www.europesays.com\/fr\/wp-json\/wp\/v2\/types\/post"}],"author":[{"embeddable":true,"href":"https:\/\/www.europesays.com\/fr\/wp-json\/wp\/v2\/users\/2"}],"replies":[{"embeddable":true,"href":"https:\/\/www.europesays.com\/fr\/wp-json\/wp\/v2\/comments?post=623648"}],"version-history":[{"count":0,"href":"https:\/\/www.europesays.com\/fr\/wp-json\/wp\/v2\/posts\/623648\/revisions"}],"wp:featuredmedia":[{"embeddable":true,"href":"https:\/\/www.europesays.com\/fr\/wp-json\/wp\/v2\/media\/623649"}],"wp:attachment":[{"href":"https:\/\/www.europesays.com\/fr\/wp-json\/wp\/v2\/media?parent=623648"}],"wp:term":[{"taxonomy":"category","embeddable":true,"href":"https:\/\/www.europesays.com\/fr\/wp-json\/wp\/v2\/categories?post=623648"},{"taxonomy":"post_tag","embeddable":true,"href":"https:\/\/www.europesays.com\/fr\/wp-json\/wp\/v2\/tags?post=623648"}],"curies":[{"name":"wp","href":"https:\/\/api.w.org\/{rel}","templated":true}]}}