{"id":623660,"date":"2025-12-26T17:08:15","date_gmt":"2025-12-26T17:08:15","guid":{"rendered":"https:\/\/www.europesays.com\/fr\/623660\/"},"modified":"2025-12-26T17:08:15","modified_gmt":"2025-12-26T17:08:15","slug":"je-ne-savais-pas-que-cetait-noel-a-rennes-ce-sans-abri-raconte-sa-fin-dannee-difficile-dans-le-froid","status":"publish","type":"post","link":"https:\/\/www.europesays.com\/fr\/623660\/","title":{"rendered":"\u00ab\u00a0Je ne savais pas que c\u2019\u00e9tait No\u00ebl\u00a0\u00bb\u00a0: \u00e0 Rennes, ce sans-abri raconte sa fin d\u2019ann\u00e9e difficile dans le froid"},"content":{"rendered":"<p>Le thermom\u00e8tre <a href=\"https:\/\/www.letelegramme.fr\/bretagne\/verglas-en-bretagne-des-plaques-glissantes-dans-plusieurs-secteurs-ce-vendredi-matin-6954332.php\" target=\"_blank\" rel=\"noopener\">flirte avec le z\u00e9ro<\/a>. En cette fin d\u00e9cembre, <a href=\"https:\/\/www.letelegramme.fr\/bretagne\/3c-a-lanfains-13c-a-rennes-ou-a-t-il-fait-le-plus-froid-en-bretagne-lors-de-la-nuit-de-noel-6954264.php\" target=\"_blank\" rel=\"noopener\">le froid s\u2019est install\u00e9 en Bretagne<\/a> et, avec lui, <a href=\"https:\/\/www.letelegramme.fr\/bretagne\/neige-et-froid-en-bretagne-suivez-levolution-de-la-situation-en-direct-6954021.php\" target=\"_blank\" rel=\"noopener\">une atmosph\u00e8re de No\u00ebl<\/a> particuli\u00e8rement dure pour ceux qui n\u2019ont plus de toit. Dans l\u2019ombre d\u2019un petit square, pr\u00e8s de l\u2019auberge de jeunesse des prairies Saint-Martin, \u00e0 Rennes, Olivier, 53 ans, passe l\u2019hiver sous une tente. \u00ab\u00a0Il ne fait pas chaud, effectivement\u00a0\u00bb, l\u00e2che-t-il simplement, en remontant la fermeture \u00e9clair de sa modeste demeure.<\/p>\n<p>No\u00ebl, pour lui, est pass\u00e9 presque inaper\u00e7u. \u00ab\u00a0Je ne m\u2019en suis pas vraiment rendu compte\u2026, confie-t-il. J\u2019ai r\u00e9alis\u00e9 car les b\u00e9n\u00e9voles de la Croix-Rouge me l\u2019ont annonc\u00e9. <a href=\"https:\/\/www.letelegramme.fr\/bretagne\/en-quoi-consiste-le-plan-grand-froid-active-dans-trois-departements-bretons-6954319.php\" target=\"_blank\" rel=\"noopener\">Avec le plan grand froid<\/a>, les maraudes ont \u00e9t\u00e9 renforc\u00e9es et, le soir de No\u00ebl, il devait y avoir une soir\u00e9e karaok\u00e9 \u00e0 proximit\u00e9. C\u2019\u00e9tait une bonne initiative, mais il faisait trop froid pour rester\u00a0\u00bb, raconte-t-il. La magie des f\u00eates s\u2019est dissip\u00e9e dans la morsure du gel.<\/p>\n<p>Il y a un an, pourtant, Olivier vivait encore dans un appartement du quartier Clemenceau, \u00e0 Rennes. C\u2019est en janvier que tout a bascul\u00e9. \u00ab\u00a0Le feu s\u2019est d\u00e9clench\u00e9 dans ma chambre pendant que j\u2019\u00e9tais dans la cuisine. Quand j\u2019ai voulu l\u2019\u00e9teindre avec ce que j\u2019avais sous la main, \u00e7a a empir\u00e9.\u00a0\u00bb Malgr\u00e9 une assurance et un bailleur social, aucune solution durable n\u2019a \u00e9t\u00e9 trouv\u00e9e. Depuis, ce p\u00e8re d\u2019un \u00ab\u00a0grand gar\u00e7on\u00a0\u00bb vit \u00e0 la rue.<\/p>\n<p><img decoding=\"async\" src=\"https:\/\/www.europesays.com\/fr\/wp-content\/uploads\/2025\/12\/694eb1aebf19684e0d057572.1.webp\" width=\"480\" height=\"300\" class=\"web_golden_m\" loading=\"lazy\" alt=\"Le froid rend le sommeil d\u2019Olivier difficile.\"\/>Le froid rend le sommeil d\u2019Olivier difficile. (Le T\u00e9l\u00e9gramme\/Claire Staes)<\/p>\n<p>Handicap\u00e9 et atteint de la maladie de Crohn, Olivier vit de l\u2019allocation adulte handicap\u00e9. \u00ab\u00a0Dormir dehors, ce n\u2019est pas du tout facile\u00a0\u00bb, dit-il avec pudeur, en essuyant les gouttes de condensation qui mouillent son duvet. Parfois, le 115 lui offre un petit peu de r\u00e9pit. \u00ab\u00a0Ils ont \u00e9t\u00e9 assez r\u00e9actifs r\u00e9cemment, j\u2019ai pu dormir au chaud jusqu\u2019au matin.\u00a0\u00bb Mais la plupart des nuits se passent ici, dans ce petit jardin public, non loin des toilettes publiques.<\/p>\n<p>La neige tomb\u00e9e la nuit de No\u00ebl\u00a0? Olivier ne s\u2019en \u00e9tait pas rendu compte. \u00ab\u00a0Au lever du jour, quand j\u2019ai voulu faire chauffer mon petit-d\u00e9jeuner, j\u2019ai ouvert la tente et j\u2019ai constat\u00e9 qu\u2019il y avait une fine couche de neige\u00a0\u00bb, dit-il en montrant son petit r\u00e9chaud \u00e0 gaz et sa casserole. Se laver, se changer, se nourrir se r\u00e9v\u00e8lent \u00eatre des d\u00e9fis quotidiens.<\/p>\n<p>D\u2019autant plus dans ces p\u00e9riodes de froid intense, car les nuits sont courtes. \u00ab\u00a0Je n\u2019ai pas dormi cette nuit, reconna\u00eet Olivier. Le froid emp\u00eache de dormir.\u00a0\u00bb Olivier pense souvent \u00e0 son fils, rest\u00e9 en r\u00e9gion parisienne. \u00ab\u00a0Avoir un enfant, c\u2019est super important\u2026 Mais je ne suis pas dans une situation viable. Savoir que c\u2019est No\u00ebl me donne envie d\u2019\u00e9crire. De donner des nouvelles.\u00a0\u00bb<\/p>\n<p>Longtemps, Olivier a dormi en for\u00eat, pr\u00e8s des Gayeulles. \u00ab\u00a0De toute fa\u00e7on, j\u2019ai dormi partout dans cette ville. La tente, je ne l\u2019ai pas toujours eue.\u00a0\u00bb Aujourd\u2019hui, il esp\u00e8re surtout retrouver un toit. \u00ab\u00a0Je cherche un petit studio, une chambre, quelque chose de simple.\u00a0\u00bb<\/p>\n<p>\u00c0 quelques jours de la nouvelle ann\u00e9e, Olivier lance un appel. Toute personne susceptible de l\u2019aider peut le contacter directement au 07\u00a074\u00a099\u00a016\u00a098. En attendant, sous sa fine toile de tente, Olivier affronte l\u2019hiver, seul, au rythme du froid.<\/p>\n","protected":false},"excerpt":{"rendered":"Le thermom\u00e8tre flirte avec le z\u00e9ro. En cette fin d\u00e9cembre, le froid s\u2019est install\u00e9 en Bretagne et, avec&hellip;\n","protected":false},"author":2,"featured_media":623661,"comment_status":"","ping_status":"","sticky":false,"template":"","format":"standard","meta":{"footnotes":""},"categories":[2821],"tags":[1111,11,829,765,1777,674,1011,27,848,12,16048,584,25,3910,801],"class_list":{"0":"post-623660","1":"post","2":"type-post","3":"status-publish","4":"format-standard","5":"has-post-thumbnail","7":"category-rennes","8":"tag-actu","9":"tag-actualites","10":"tag-bretagne","11":"tag-en-continu","12":"tag-eu","13":"tag-europe","14":"tag-fr","15":"tag-france","16":"tag-ille-et-vilaine","17":"tag-news","18":"tag-newsletter-aujourdhui-en-bretagne","19":"tag-rennes","20":"tag-republique-francaise","21":"tag-sdf","22":"tag-social"},"share_on_mastodon":{"url":"https:\/\/pubeurope.com\/@fr\/115786974668028759","error":""},"_links":{"self":[{"href":"https:\/\/www.europesays.com\/fr\/wp-json\/wp\/v2\/posts\/623660","targetHints":{"allow":["GET"]}}],"collection":[{"href":"https:\/\/www.europesays.com\/fr\/wp-json\/wp\/v2\/posts"}],"about":[{"href":"https:\/\/www.europesays.com\/fr\/wp-json\/wp\/v2\/types\/post"}],"author":[{"embeddable":true,"href":"https:\/\/www.europesays.com\/fr\/wp-json\/wp\/v2\/users\/2"}],"replies":[{"embeddable":true,"href":"https:\/\/www.europesays.com\/fr\/wp-json\/wp\/v2\/comments?post=623660"}],"version-history":[{"count":0,"href":"https:\/\/www.europesays.com\/fr\/wp-json\/wp\/v2\/posts\/623660\/revisions"}],"wp:featuredmedia":[{"embeddable":true,"href":"https:\/\/www.europesays.com\/fr\/wp-json\/wp\/v2\/media\/623661"}],"wp:attachment":[{"href":"https:\/\/www.europesays.com\/fr\/wp-json\/wp\/v2\/media?parent=623660"}],"wp:term":[{"taxonomy":"category","embeddable":true,"href":"https:\/\/www.europesays.com\/fr\/wp-json\/wp\/v2\/categories?post=623660"},{"taxonomy":"post_tag","embeddable":true,"href":"https:\/\/www.europesays.com\/fr\/wp-json\/wp\/v2\/tags?post=623660"}],"curies":[{"name":"wp","href":"https:\/\/api.w.org\/{rel}","templated":true}]}}