{"id":623662,"date":"2025-12-26T17:09:18","date_gmt":"2025-12-26T17:09:18","guid":{"rendered":"https:\/\/www.europesays.com\/fr\/623662\/"},"modified":"2025-12-26T17:09:18","modified_gmt":"2025-12-26T17:09:18","slug":"rennes-change-de-cap-avec-seko-fofana","status":"publish","type":"post","link":"https:\/\/www.europesays.com\/fr\/623662\/","title":{"rendered":"Rennes change de cap avec Seko Fofana"},"content":{"rendered":"<p><strong>Mal en points puis inarr\u00eatables, le Stade Rennais et Habib Beye vivent une saison en dents de scie. Le club breton ne sait plus sur quel pied danser sur ce mercato : conserver ses cadres ou bouleverser l\u2019effectif ?<\/strong><\/p>\n<p>Difficile de conna\u00eetre\u00a0<strong>la strat\u00e9gie d\u2019Arnaud Pouille et du Stade Rennais sur ce Mercato<\/strong>. Partis pour virer son entraineur et changer toute l\u2019\u00e9quipe,<strong>\u00a0les Rennais ont finalement termin\u00e9 l\u2019ann\u00e9e avec 5 victoires en 6 matchs\u00a0<\/strong>de Ligue 1. Une remont\u00e9e qui leur permet de pointer\u00a0<strong>\u00e0 la 6\u1d49 place en championnat<\/strong>\u00a0\u00e0 \u00e9galit\u00e9 de points avec l\u2019<strong>Olympique Lyonnais<\/strong>.\u00a0<\/p>\n<p>Maintenant sorti de la crise, que doit faire\u00a0<strong>Habib Beye<\/strong>\u00a0dans\u00a0<a href=\"https:\/\/wesportfr.com\/rennes-pourquoi-la-2e-partie-de-saison-est-un-epouvantail-pour-habib-beye\/\" target=\"_blank\" rel=\"noopener\">cette deuxi\u00e8me partie de saison qui s\u2019annonce interminable pour les Rennais<\/a>\u00a0? Sur ce mercato, le SRFC voulait d\u2019abord effectuer un gros m\u00e9nage. Notamment avec<strong>\u00a0la d\u00e9cision de vendre les cadres Seko Fofana et Ludovic Blas<\/strong>\u00a0qui ne sont pas au niveau demand\u00e9.\u00a0<\/p>\n<p><strong>\u00c0 lire \u00e9galement : <a href=\"https:\/\/wesportfr.com\/mercato-rennes-reda-belahyane-la-fausse-bonne-idee-du-clan-beye\/\" target=\"_blank\" rel=\"noopener\">Mercato Rennes : Reda Belahyane, la fausse bonne id\u00e9e du clan Beye<\/a><\/strong><\/p>\n<p>Puis<strong>\u00a0le dossier J\u00e9r\u00e9my Jacquet est venu emballer les discussions<\/strong>. <a href=\"https:\/\/wesportfr.com\/mercato-rennes-jeremy-jacquet-lenjeu-majeur-de-lhiver-chez-les-rouge-et-noir\/\" target=\"_blank\" rel=\"noopener\">Attaqu\u00e9s de toutes parts par les cadors europ\u00e9ens,<\/a> les Rennais vont avoir du mal \u00e0 retenir la p\u00e9pite de la charni\u00e8re bretonne. Alors, Habib Beye a pris la d\u00e9cision de ne pas chambouler l\u2019int\u00e9gralit\u00e9 de l\u2019effectif.\u00a0<\/p>\n<p>Seko Fofana conserv\u00e9 et attendu de pied ferme <\/p>\n<p>Effectivement, le coach rennais a d\u00e9cid\u00e9\u00a0<strong>de ne c\u00e9der ni Seko Fofana ni Ludovic Blas durant le mercato hivernal<\/strong>. Un retournement de situation qui arrive alors que Habib Beye veut apporter de la stabilit\u00e9 \u00e0 un effectif qui a enfin trouv\u00e9 son rythme.\u00a0<\/p>\n<blockquote class=\"twitter-tweet\" data-width=\"500\" data-dnt=\"true\">\n<p lang=\"en\" dir=\"ltr\">\ud83d\udea8 Decision made at Rennes! \u274c<\/p>\n<p>Seko Fofana \ud83c\udde8\ud83c\uddee and Ludovic Blas \ud83c\uddeb\ud83c\uddf7 will NOT leave this winter.<\/p>\n<p>Habib Beye wants to rely on his leaders for the second half of the season \ud83d\udd34\u26ab\ufe0f<br \/>Stability over changes.<\/p>\n<p>\ud83d\udc49 Right call or risky move? \ud83e\udd14 <a href=\"https:\/\/t.co\/vSoFEvWril\">pic.twitter.com\/vSoFEvWril<\/a><\/p>\n<p>\u2014 SleeperFootballNews (@SleeperFootNews) <a href=\"https:\/\/twitter.com\/SleeperFootNews\/status\/2003466230725005530?ref_src=twsrc%5Etfw\" target=\"_blank\" rel=\"noopener\">December 23, 2025<\/a><\/p><\/blockquote>\n<p>L\u2019ancien consultant fait confiance \u00e0 l\u2019Ivoirien et en a profit\u00e9 pour lui mettre, d\u2019ores et d\u00e9j\u00e0, une petite pression pour la deuxi\u00e8me partie de saison\u00a0:<\/p>\n<p>\u201cQuand vous avez des joueurs avec \ud835\uddf0\ud835\uddf2 \ud835\ude00\ud835\ude01\ud835\uddee\ud835\ude01\ud835\ude02\ud835\ude01-\ud835\uddf9\ud835\uddee\u0300, cette aura-l\u00e0, on en attend plus. Mais je pense que c\u2019est \ud835\uddf9\ud835\ude02\ud835\uddf6 \ud835\uddf9\ud835\uddf2 \ud835\uddfd\ud835\uddff\ud835\uddf2\ud835\uddfa\ud835\uddf6\ud835\uddf2\ud835\uddff qui en attend plus.\u201d. \u201cC\u2019est un \ud835\uddf0\ud835\uddfc\ud835\uddfa\ud835\uddfd\ud835\uddf2\u0301\ud835\ude01\ud835\uddf6\ud835\ude01\ud835\uddf2\ud835\ude02\ud835\uddff, qui \ud835\ude01\ud835\uddff\ud835\uddee\ud835\ude03\ud835\uddee\ud835\uddf6\ud835\uddf9\ud835\uddf9\ud835\uddf2 \ud835\uddef\ud835\uddf2\ud835\uddee\ud835\ude02\ud835\uddf0\ud835\uddfc\ud835\ude02\ud835\uddfd actuellement pour revenir dans le onze de d\u00e9part et s\u2019inscrire pleinement dans cette logique de \ud835\uddf0\ud835\uddfc\ud835\uddfa\ud835\uddfd\ud835\uddf2\u0301\ud835\ude01\ud835\uddf6\ud835\ude01\ud835\uddf6\ud835\uddfc\ud835\uddfb\u201c.<\/p>\n<p><strong>Seko Fofana<\/strong>, actuellement \u00e0 la CAN, <strong>r\u00eave de faire un beau parcours avec la C\u00f4te d\u2019Ivoire<\/strong>. Une comp\u00e9tition qui pourrait relancer le milieu de terrain de 30 ans.\u00a0<\/p>\n<p><strong>\u00c0 lire ensuite :<a href=\"https:\/\/wesportfr.com\/rennes-chibuike-ugochukwu-peut-il-integrer-la-rotation-dhabib-beye\/\" target=\"_blank\" rel=\"noopener\"> Rennes : Chibuike Ugochukwu peut-il int\u00e9grer la rotation d\u2019Habib Beye ?<\/a><\/strong><\/p>\n<p>                    <script async src=\"https:\/\/platform.twitter.com\/widgets.js\" charset=\"utf-8\"><\/script><\/p>\n","protected":false},"excerpt":{"rendered":"Mal en points puis inarr\u00eatables, le Stade Rennais et Habib Beye vivent une saison en dents de scie.&hellip;\n","protected":false},"author":2,"featured_media":623663,"comment_status":"","ping_status":"","sticky":false,"template":"","format":"standard","meta":{"footnotes":""},"categories":[2821],"tags":[1111,11,829,1777,674,1011,27,12,584,25],"class_list":{"0":"post-623662","1":"post","2":"type-post","3":"status-publish","4":"format-standard","5":"has-post-thumbnail","7":"category-rennes","8":"tag-actu","9":"tag-actualites","10":"tag-bretagne","11":"tag-eu","12":"tag-europe","13":"tag-fr","14":"tag-france","15":"tag-news","16":"tag-rennes","17":"tag-republique-francaise"},"share_on_mastodon":{"url":"https:\/\/pubeurope.com\/@fr\/115786977382256185","error":""},"_links":{"self":[{"href":"https:\/\/www.europesays.com\/fr\/wp-json\/wp\/v2\/posts\/623662","targetHints":{"allow":["GET"]}}],"collection":[{"href":"https:\/\/www.europesays.com\/fr\/wp-json\/wp\/v2\/posts"}],"about":[{"href":"https:\/\/www.europesays.com\/fr\/wp-json\/wp\/v2\/types\/post"}],"author":[{"embeddable":true,"href":"https:\/\/www.europesays.com\/fr\/wp-json\/wp\/v2\/users\/2"}],"replies":[{"embeddable":true,"href":"https:\/\/www.europesays.com\/fr\/wp-json\/wp\/v2\/comments?post=623662"}],"version-history":[{"count":0,"href":"https:\/\/www.europesays.com\/fr\/wp-json\/wp\/v2\/posts\/623662\/revisions"}],"wp:featuredmedia":[{"embeddable":true,"href":"https:\/\/www.europesays.com\/fr\/wp-json\/wp\/v2\/media\/623663"}],"wp:attachment":[{"href":"https:\/\/www.europesays.com\/fr\/wp-json\/wp\/v2\/media?parent=623662"}],"wp:term":[{"taxonomy":"category","embeddable":true,"href":"https:\/\/www.europesays.com\/fr\/wp-json\/wp\/v2\/categories?post=623662"},{"taxonomy":"post_tag","embeddable":true,"href":"https:\/\/www.europesays.com\/fr\/wp-json\/wp\/v2\/tags?post=623662"}],"curies":[{"name":"wp","href":"https:\/\/api.w.org\/{rel}","templated":true}]}}